{"id":56083,"date":"2023-10-19T07:17:07","date_gmt":"2023-10-19T06:17:07","guid":{"rendered":"https:\/\/www.o-p-i.fr\/parlonsen\/?p=56083"},"modified":"2023-10-19T19:20:58","modified_gmt":"2023-10-19T18:20:58","slug":"loto-du-rallye-de-lamitie-a-villebrumier-82-3","status":"publish","type":"post","link":"https:\/\/www.o-p-i.fr\/parlonsen\/localisation\/au-pays-des-tescous\/villebrumier\/loto-du-rallye-de-lamitie-a-villebrumier-82-3\/","title":{"rendered":"Loto du \u00ab\u00a0Rallye de l&rsquo;Amiti\u00e9\u00a0\u00bb&#8230;\u00e0 Villebrumier (82)"},"content":{"rendered":"<p><strong>Dimanche 29 octobre 2023<\/strong>, \u00e0 14h.30 \u00e0 la salle des f\u00eates.<!--more--><\/p>\n<p><img data-recalc-dims=\"1\" loading=\"lazy\" decoding=\"async\" class=\"alignright size-full wp-image-56086\" src=\"https:\/\/i0.wp.com\/www.o-p-i.fr\/parlonsen\/wp-content\/uploads\/amitie-2.jpg?resize=425%2C469&#038;ssl=1\" alt=\"\" width=\"425\" height=\"469\" srcset=\"https:\/\/i0.wp.com\/www.o-p-i.fr\/parlonsen\/wp-content\/uploads\/amitie-2.jpg?w=425&amp;ssl=1 425w, https:\/\/i0.wp.com\/www.o-p-i.fr\/parlonsen\/wp-content\/uploads\/amitie-2.jpg?resize=272%2C300&amp;ssl=1 272w, https:\/\/i0.wp.com\/www.o-p-i.fr\/parlonsen\/wp-content\/uploads\/amitie-2.jpg?resize=400%2C441&amp;ssl=1 400w, https:\/\/i0.wp.com\/www.o-p-i.fr\/parlonsen\/wp-content\/uploads\/amitie-2.jpg?resize=150%2C166&amp;ssl=1 150w, https:\/\/i0.wp.com\/www.o-p-i.fr\/parlonsen\/wp-content\/uploads\/amitie-2.jpg?resize=100%2C110&amp;ssl=1 100w\" sizes=\"auto, (max-width: 425px) 100vw, 425px\" \/>L&rsquo;association RALLYE DE L&rsquo;AMITE ORGANISE un loto<\/p>\n<p>Dimanche 29 octobre 2023<\/p>\n<p>\u00e0 14h.30<\/p>\n<p>\u00e0 la salle des f\u00eates<\/p>\n<p><strong>Prix du carton<\/strong>\u00a0 3 euros\u00a0 \u00a0 \u00a03 cartons\u00a0 8 euros\u00a0 \u00a07 cartons 15 euros\u00a0 10 cartons 20 euros<\/p>\n<p><strong>Lots<\/strong> : essentiellement des bons d&rsquo;achat dont un \u00e0 200 euros et des lots de conserves artisanales<\/p>\n<p><strong>tombola<\/strong> avec 3 tickets 2 euros<\/p>\n<p>&nbsp;<\/p>\n<p>Information communiqu\u00e9e\u00a0 par Marie-Th\u00e9r\u00e8se JAMME<\/p>\n<p><a href=\"http:\/\/www.o-p-i.fr\/parlonsen\/agenda\/\">Retrouvez tous les \u00e9v\u00e9nements dans l&rsquo;agenda !<\/a><\/p>\n<p>&nbsp;<\/p>\n","protected":false},"excerpt":{"rendered":"<div class=\"mh-excerpt\">Dimanche 29 octobre 2023, \u00e0 14h.30 \u00e0 la salle des f\u00eates.<\/div>\n","protected":false},"author":4,"featured_media":0,"comment_status":"open","ping_status":"open","sticky":false,"template":"","format":"standard","meta":{"om_disable_all_campaigns":false,"advanced_seo_description":"","jetpack_seo_html_title":"","jetpack_seo_noindex":false,"_jetpack_memberships_contains_paid_content":false,"footnotes":"","_links_to":"","_links_to_target":""},"categories":[52,54,19,5540],"tags":[193,2544,3366],"class_list":{"0":"post-56083","1":"post","2":"type-post","3":"status-publish","4":"format-standard","6":"category-parlons-en","7":"category-loisirs","8":"category-villebrumier","9":"category-n-211-octobre-2023","10":"tag-loto","11":"tag-villebrumier","12":"tag-rallye-de-lamitie"},"jetpack_featured_media_url":"","views":{"total":7,"cached_at":"","cached_date":1738466231},"jetpack_likes_enabled":true,"jetpack_sharing_enabled":true,"jetpack_shortlink":"https:\/\/wp.me\/pg7Wxj-eAz","jetpack-related-posts":[],"_links":{"self":[{"href":"https:\/\/www.o-p-i.fr\/parlonsen\/wp-json\/wp\/v2\/posts\/56083","targetHints":{"allow":["GET"]}}],"collection":[{"href":"https:\/\/www.o-p-i.fr\/parlonsen\/wp-json\/wp\/v2\/posts"}],"about":[{"href":"https:\/\/www.o-p-i.fr\/parlonsen\/wp-json\/wp\/v2\/types\/post"}],"author":[{"embeddable":true,"href":"https:\/\/www.o-p-i.fr\/parlonsen\/wp-json\/wp\/v2\/users\/4"}],"replies":[{"embeddable":true,"href":"https:\/\/www.o-p-i.fr\/parlonsen\/wp-json\/wp\/v2\/comments?post=56083"}],"version-history":[{"count":0,"href":"https:\/\/www.o-p-i.fr\/parlonsen\/wp-json\/wp\/v2\/posts\/56083\/revisions"}],"wp:attachment":[{"href":"https:\/\/www.o-p-i.fr\/parlonsen\/wp-json\/wp\/v2\/media?parent=56083"}],"wp:term":[{"taxonomy":"category","embeddable":true,"href":"https:\/\/www.o-p-i.fr\/parlonsen\/wp-json\/wp\/v2\/categories?post=56083"},{"taxonomy":"post_tag","embeddable":true,"href":"https:\/\/www.o-p-i.fr\/parlonsen\/wp-json\/wp\/v2\/tags?post=56083"}],"curies":[{"name":"wp","href":"https:\/\/api.w.org\/{rel}","templated":true}]}}