{"id":56136,"date":"2023-10-19T22:40:22","date_gmt":"2023-10-19T21:40:22","guid":{"rendered":"https:\/\/www.o-p-i.fr\/parlonsen\/?p=56136"},"modified":"2023-10-19T22:40:22","modified_gmt":"2023-10-19T21:40:22","slug":"concert-loa-frida-a-salvagnac-81","status":"publish","type":"post","link":"https:\/\/www.o-p-i.fr\/parlonsen\/parlons-en\/culture\/concert-loa-frida-a-salvagnac-81\/","title":{"rendered":"Concert Loa Frida,&#8230;\u00e0 Salvagnac (81)"},"content":{"rendered":"<p><strong>Samedi 21 octobre 2023<\/strong>, \u00e0 partir de 19h.30, \u00e0 l&rsquo;Ecrin. <!--more--><\/p>\n<p><img data-recalc-dims=\"1\" loading=\"lazy\" decoding=\"async\" class=\"alignright size-full wp-image-56137\" src=\"https:\/\/i0.wp.com\/www.o-p-i.fr\/parlonsen\/wp-content\/uploads\/loa-Frida.jpg?resize=425%2C331&#038;ssl=1\" alt=\"\" width=\"425\" height=\"331\" srcset=\"https:\/\/i0.wp.com\/www.o-p-i.fr\/parlonsen\/wp-content\/uploads\/loa-Frida.jpg?w=425&amp;ssl=1 425w, https:\/\/i0.wp.com\/www.o-p-i.fr\/parlonsen\/wp-content\/uploads\/loa-Frida.jpg?resize=300%2C234&amp;ssl=1 300w, https:\/\/i0.wp.com\/www.o-p-i.fr\/parlonsen\/wp-content\/uploads\/loa-Frida.jpg?resize=400%2C312&amp;ssl=1 400w, https:\/\/i0.wp.com\/www.o-p-i.fr\/parlonsen\/wp-content\/uploads\/loa-Frida.jpg?resize=150%2C117&amp;ssl=1 150w, https:\/\/i0.wp.com\/www.o-p-i.fr\/parlonsen\/wp-content\/uploads\/loa-Frida.jpg?resize=100%2C78&amp;ssl=1 100w\" sizes=\"auto, (max-width: 425px) 100vw, 425px\" \/><br \/>\nSAMEDI 21 OCTOBRE 2023 D\u00c8S 19H30<br \/>\nCONCERT \u00c0 21H00 : 10\u20ac (TARIF R\u00c9DUIT 7\u20ac, GRATUIT POUR LES -12 ANS)<br \/>\nREPAS MAISON (SEULEMENT SUR R\u00c9SERVATION) \u00c0 19H30 : 8\u20ac (5\u20ac POUR LES -12 ANS)<br \/>\nR\u00c9SERVATION OBLIGATOIRE POUR LE REPAS AU : 06 79 68 12 15 (par texto de pr\u00e9f\u00e9rence)<\/p>\n<p><strong>LOA FRIDA<\/strong><br \/>\nBaroque indie psyche electronica<br \/>\nCe projet de la chanteuse et compositrice polonaise Anka Ujma s&rsquo;inscrit dans la constellation contemporaine de la pop ind\u00e9 dans ce qu&rsquo;elle a de plus atypique et non standardis\u00e9 \u2013 de Bj\u00f6rk \u00e0 Kate Bush en passant par St Vincent, Juana Molina ou Sufjan Stevens.<br \/>\nLes machines et sonorit\u00e9s synth\u00e9tiques caract\u00e9ristiques du groupe permettent de tisser autour du chant haut perch\u00e9 d&rsquo;Anka une orchestration foisonnante et un fond toujours renouvel\u00e9 de textures organiques et de formes complexes qui empruntent autant au minimalisme d&rsquo;un Steve Reich qu&rsquo;aux musiques \u00e9lectroniques, au trip-hop ou au post-rock \u2013 sans pour autant jamais c\u00e9der aux r\u00e9f\u00e9rences oblig\u00e9es.<\/p>\n<p><strong>PROCHAINE DATE<\/strong> :<br \/>\nSAMEDI 18 NOVEMBRE 2023<\/p>\n<p>Spleen Arium : Pop Folk accoustique<\/p>\n<p>N\u00e9 du Grand Confinement, Spleenarium est un laboratoire musical, cr\u00e9atif et ludique, autour d&rsquo;une pop acoustique lumineuse et aventureuse, saupoudr\u00e9e d&rsquo;influences \u00e9clectiques, des musiques du Monde \u00e0 la Folk.<br \/>\nPour chasser les nuages du Spleen, ce quintet enrichit sa base classique (guitares, basse, batterie) d&rsquo;harmonies soyeuses et ensoleill\u00e9es, de cuivr\u00e9s chaleureux et de claviers d\u00e9licats, au service de textes introspectifs mais universels.<\/p>\n<p><em>Information communiqu\u00e9e par \u00ab\u00a0Le Galetas\u00a0\u00bb<\/em><\/p>\n<p><a href=\"http:\/\/www.o-p-i.fr\/parlonsen\/agenda\/\">Retrouvez tous les \u00e9v\u00e9nements dans l&rsquo;agenda !<\/a><\/p>\n<p>&nbsp;<\/p>\n","protected":false},"excerpt":{"rendered":"<div class=\"mh-excerpt\">Samedi 21 octobre 2023, \u00e0 partir de 19h.30, \u00e0 l&rsquo;Ecrin.<\/div>\n","protected":false},"author":4,"featured_media":0,"comment_status":"open","ping_status":"open","sticky":false,"template":"","format":"standard","meta":{"om_disable_all_campaigns":false,"advanced_seo_description":"","jetpack_seo_html_title":"","jetpack_seo_noindex":false,"_jetpack_memberships_contains_paid_content":false,"footnotes":"","_links_to":"","_links_to_target":""},"categories":[1,54,25,5540],"tags":[43,2548,157,1319],"class_list":{"0":"post-56136","1":"post","2":"type-post","3":"status-publish","4":"format-standard","6":"category-culture","7":"category-loisirs","8":"category-salvagnac","9":"category-n-211-octobre-2023","10":"tag-concert","11":"tag-salvagnac","12":"tag-repas","13":"tag-le-galetas"},"jetpack_featured_media_url":"","views":{"total":0,"cached_at":"","cached_date":1738132678},"jetpack_likes_enabled":true,"jetpack_sharing_enabled":true,"jetpack_shortlink":"https:\/\/wp.me\/pg7Wxj-eBq","jetpack-related-posts":[],"_links":{"self":[{"href":"https:\/\/www.o-p-i.fr\/parlonsen\/wp-json\/wp\/v2\/posts\/56136","targetHints":{"allow":["GET"]}}],"collection":[{"href":"https:\/\/www.o-p-i.fr\/parlonsen\/wp-json\/wp\/v2\/posts"}],"about":[{"href":"https:\/\/www.o-p-i.fr\/parlonsen\/wp-json\/wp\/v2\/types\/post"}],"author":[{"embeddable":true,"href":"https:\/\/www.o-p-i.fr\/parlonsen\/wp-json\/wp\/v2\/users\/4"}],"replies":[{"embeddable":true,"href":"https:\/\/www.o-p-i.fr\/parlonsen\/wp-json\/wp\/v2\/comments?post=56136"}],"version-history":[{"count":0,"href":"https:\/\/www.o-p-i.fr\/parlonsen\/wp-json\/wp\/v2\/posts\/56136\/revisions"}],"wp:attachment":[{"href":"https:\/\/www.o-p-i.fr\/parlonsen\/wp-json\/wp\/v2\/media?parent=56136"}],"wp:term":[{"taxonomy":"category","embeddable":true,"href":"https:\/\/www.o-p-i.fr\/parlonsen\/wp-json\/wp\/v2\/categories?post=56136"},{"taxonomy":"post_tag","embeddable":true,"href":"https:\/\/www.o-p-i.fr\/parlonsen\/wp-json\/wp\/v2\/tags?post=56136"}],"curies":[{"name":"wp","href":"https:\/\/api.w.org\/{rel}","templated":true}]}}