{"id":56149,"date":"2023-10-20T03:51:47","date_gmt":"2023-10-20T02:51:47","guid":{"rendered":"https:\/\/www.o-p-i.fr\/parlonsen\/?p=56149"},"modified":"2025-11-11T23:40:42","modified_gmt":"2025-11-11T22:40:42","slug":"37e-bourse-dechanges-motos-anciennes-a-monclar-de-quercy-82","status":"publish","type":"post","link":"https:\/\/www.o-p-i.fr\/parlonsen\/parlons-en\/pratique\/37e-bourse-dechanges-motos-anciennes-a-monclar-de-quercy-82\/","title":{"rendered":"37e Bourse d&rsquo;\u00e9changes Motos anciennes&#8230;\u00e0 Monclar de Quercy (82)"},"content":{"rendered":"<p>Du <strong>samedi 28 au dimanche 29 octobre 2023<\/strong>, esplanade des lacs, voir programme: <!--more--><img data-recalc-dims=\"1\" loading=\"lazy\" decoding=\"async\" class=\"alignright wp-image-56150\" src=\"https:\/\/i0.wp.com\/www.o-p-i.fr\/parlonsen\/wp-content\/uploads\/Motos-2.jpg?resize=425%2C579&#038;ssl=1\" alt=\"\" width=\"425\" height=\"579\" srcset=\"https:\/\/i0.wp.com\/www.o-p-i.fr\/parlonsen\/wp-content\/uploads\/Motos-2-scaled.jpg?resize=220%2C300&amp;ssl=1 220w, https:\/\/i0.wp.com\/www.o-p-i.fr\/parlonsen\/wp-content\/uploads\/Motos-2-scaled.jpg?resize=751%2C1024&amp;ssl=1 751w, https:\/\/i0.wp.com\/www.o-p-i.fr\/parlonsen\/wp-content\/uploads\/Motos-2-scaled.jpg?resize=768%2C1047&amp;ssl=1 768w, https:\/\/i0.wp.com\/www.o-p-i.fr\/parlonsen\/wp-content\/uploads\/Motos-2-scaled.jpg?resize=1127%2C1536&amp;ssl=1 1127w, https:\/\/i0.wp.com\/www.o-p-i.fr\/parlonsen\/wp-content\/uploads\/Motos-2-scaled.jpg?resize=1502%2C2048&amp;ssl=1 1502w, https:\/\/i0.wp.com\/www.o-p-i.fr\/parlonsen\/wp-content\/uploads\/Motos-2-scaled.jpg?resize=750%2C1023&amp;ssl=1 750w, https:\/\/i0.wp.com\/www.o-p-i.fr\/parlonsen\/wp-content\/uploads\/Motos-2-scaled.jpg?resize=400%2C545&amp;ssl=1 400w, https:\/\/i0.wp.com\/www.o-p-i.fr\/parlonsen\/wp-content\/uploads\/Motos-2-scaled.jpg?resize=430%2C586&amp;ssl=1 430w, https:\/\/i0.wp.com\/www.o-p-i.fr\/parlonsen\/wp-content\/uploads\/Motos-2-scaled.jpg?resize=150%2C205&amp;ssl=1 150w, https:\/\/i0.wp.com\/www.o-p-i.fr\/parlonsen\/wp-content\/uploads\/Motos-2-scaled.jpg?resize=100%2C136&amp;ssl=1 100w, https:\/\/i0.wp.com\/www.o-p-i.fr\/parlonsen\/wp-content\/uploads\/Motos-2-scaled.jpg?w=1878&amp;ssl=1 1878w\" sizes=\"auto, (max-width: 425px) 100vw, 425px\" \/>Motos Cyclos, pi\u00e8ces d\u00e9tach\u00e9es avant 1980 2400 m2 couverts, 2,5 hectares d&rsquo;esplanade Parking visiteurs &#8211; Entr\u00e9e gratuite Restauration sur place Ouverture au public samedi de 7h30 \u00e0 18h00 Dimanche de 8h \u00e0 13h00<br \/>\n<strong>Date de l&rsquo;\u00e9v\u00e9nement :\u00a0<\/strong>2023-10-28 au 2023-10-29<br \/>\n<strong>Horaires :\u00a0<\/strong>07:30 \u00e0 18:00<\/p>\n<p><strong>Pour y aller :<\/strong><br \/>\nEsplanade des lacs 82230-Monclar de Quercy<\/p>\n<p><strong>Organisateur :\u00a0<\/strong>Motos anciennes<\/p>\n<p><strong>Contact :\u00a0<\/strong>Franceschi<\/p>\n<p>T\u00e9l. :07 78 81 04 26<br \/>\nCourriel : <a href=\"mailto:mam82@orange.fr\" target=\"_blank\" rel=\"noopener\">mam82@orange.fr<\/a><br \/>\nSite :http:\/\/www.<br \/>\n<em>Information communiqu\u00e9e par :\u00a0<\/em>BIT MONCLAR,j&rsquo;ai glan\u00e9 l&rsquo;information et souhaite la partager<\/p>\n<p>Descriptif<br \/>\nBourse d&rsquo;\u00e9changes de pi\u00e8ces de Motos Anciennes<br \/>\n\u00e0 l\u2019Esplanade des 3 Lacs<br \/>\nMotos, Cyclos et pi\u00e8ces d\u00e9tach\u00e9es avant 1980<br \/>\n2400 m\u00b2 couverts, 2,5 hectares d&rsquo;esplanade<br \/>\nParking visiteurs &#8211; Entr\u00e9e gratuite<br \/>\nRestauration sur place<\/p>\n<p>ATTENTION FERMETURE DE LA BOURSE DIMANCHE A 13H<\/p>\n<p><em>Information communiqu\u00e9e par BIT MONCLAR<\/em><\/p>\n<p><a href=\"http:\/\/www.o-p-i.fr\/parlonsen\/agenda\/\">Retrouvez tous les \u00e9v\u00e9nements dans l&rsquo;agenda !<\/a><\/p>\n","protected":false},"excerpt":{"rendered":"<div class=\"mh-excerpt\">Du samedi 28 au dimanche 29 octobre 2023, esplanade des lacs, voir programme:<\/div>\n","protected":false},"author":4,"featured_media":0,"comment_status":"open","ping_status":"open","sticky":false,"template":"","format":"standard","meta":{"om_disable_all_campaigns":false,"advanced_seo_description":"","jetpack_seo_html_title":"","jetpack_seo_noindex":false,"_jetpack_memberships_contains_paid_content":false,"footnotes":"","_links_to":"","_links_to_target":""},"categories":[52,16,54,6,5540],"tags":[143,3979,5729],"class_list":{"0":"post-56149","1":"post","2":"type-post","3":"status-publish","4":"format-standard","6":"category-parlons-en","7":"category-monclar","8":"category-loisirs","9":"category-pratique","10":"category-n-211-octobre-2023","11":"tag-monclar-de-quercy","12":"tag-bourse-dechanges","13":"tag-motos-anciennes"},"jetpack_featured_media_url":"","views":{"total":4,"cached_at":"","cached_date":1738329295},"jetpack_likes_enabled":true,"jetpack_sharing_enabled":true,"jetpack_shortlink":"https:\/\/wp.me\/pg7Wxj-eBD","jetpack-related-posts":[],"_links":{"self":[{"href":"https:\/\/www.o-p-i.fr\/parlonsen\/wp-json\/wp\/v2\/posts\/56149","targetHints":{"allow":["GET"]}}],"collection":[{"href":"https:\/\/www.o-p-i.fr\/parlonsen\/wp-json\/wp\/v2\/posts"}],"about":[{"href":"https:\/\/www.o-p-i.fr\/parlonsen\/wp-json\/wp\/v2\/types\/post"}],"author":[{"embeddable":true,"href":"https:\/\/www.o-p-i.fr\/parlonsen\/wp-json\/wp\/v2\/users\/4"}],"replies":[{"embeddable":true,"href":"https:\/\/www.o-p-i.fr\/parlonsen\/wp-json\/wp\/v2\/comments?post=56149"}],"version-history":[{"count":1,"href":"https:\/\/www.o-p-i.fr\/parlonsen\/wp-json\/wp\/v2\/posts\/56149\/revisions"}],"predecessor-version":[{"id":67460,"href":"https:\/\/www.o-p-i.fr\/parlonsen\/wp-json\/wp\/v2\/posts\/56149\/revisions\/67460"}],"wp:attachment":[{"href":"https:\/\/www.o-p-i.fr\/parlonsen\/wp-json\/wp\/v2\/media?parent=56149"}],"wp:term":[{"taxonomy":"category","embeddable":true,"href":"https:\/\/www.o-p-i.fr\/parlonsen\/wp-json\/wp\/v2\/categories?post=56149"},{"taxonomy":"post_tag","embeddable":true,"href":"https:\/\/www.o-p-i.fr\/parlonsen\/wp-json\/wp\/v2\/tags?post=56149"}],"curies":[{"name":"wp","href":"https:\/\/api.w.org\/{rel}","templated":true}]}}