{"id":56179,"date":"2023-10-25T20:44:27","date_gmt":"2023-10-25T19:44:27","guid":{"rendered":"https:\/\/www.o-p-i.fr\/parlonsen\/?p=56179"},"modified":"2023-10-25T20:51:57","modified_gmt":"2023-10-25T19:51:57","slug":"cinemonclar-le-programme-du-vendredi-3-novembre-au-mardi-28-novembre-2023-a-monclar-de-quercy-82","status":"publish","type":"post","link":"https:\/\/www.o-p-i.fr\/parlonsen\/localisation\/au-pays-des-tescous\/monclar\/cinemonclar-le-programme-du-vendredi-3-novembre-au-mardi-28-novembre-2023-a-monclar-de-quercy-82\/","title":{"rendered":"Cin\u00e9monclar, le programme du vendredi 3 novembre  au mardi 28 novembre 2023 ..\u00e0 Monclar de Quercy (82)"},"content":{"rendered":"<p>votre programme: <!--more--><\/p>\n<ul>\n<li><strong>Vendredi 3 novembre 2023<\/strong> \u00e0 20h.30<br \/>\nNouveau d\u00e9part\u00a0\u00a0 <a href=\"https:\/\/www.google.com\/search?q=bande+annonce+nouveau+d%C3%A9part&amp;rlz=1C1CHZN_frFR989FR991&amp;oq=bande+annonce+nouveau+d%C3%A9part&amp;gs_lcrp=EgZjaHJvbWUyCQgAEEUYORiABDIICAEQABgWGB4yCAgCEAAYFhgeMggIAxAAGBYYHjIICAQQABgWGB4yCAgFEAAYFhgeMgYIBhBFGD3SAQoyMTU4MmowajE1qAIAsAIA&amp;sourceid=chrome&amp;ie=UTF-8#fpstate=ive&amp;vld=cid:1f1e7696,vid:R3nXSx37UY4,st:0\" target=\"_blank\" rel=\"noopener\"><em>Pour voir la bande annonce, cliq<\/em><em>u<\/em><em>ez ici<\/em><\/a><\/li>\n<li><strong>Dimanche 5 novembre 2023<\/strong>\n<ul>\n<li>Linda veut du poulet \u00e0 15h.\u00a0 <a href=\"https:\/\/www.google.com\/search?q=bande+annonce+Linda+veut+du+poulet&amp;sca_esv=576560510&amp;rlz=1C1CHZN_frFR989FR991&amp;sxsrf=AM9HkKmL1dRU1RyswH-WXly3NReo4Nv4pg%3A1698258205213&amp;ei=HV05Zc3cDMnqkdUPh_6O8AE&amp;ved=0ahUKEwiN37vo6JGCAxVJdaQEHQe_Ax4Q4dUDCBA&amp;oq=bande+annonce+Linda+veut+du+poulet&amp;gs_lp=Egxnd3Mtd2l6LXNlcnAiImJhbmRlIGFubm9uY2UgTGluZGEgdmV1dCBkdSBwb3VsZXQyBRAAGIAESJMpUMsUWMsUcAF4AZABAJgBXaABXaoBATG4AQzIAQD4AQL4AQHCAgoQABhHGNYEGLAD4gMEGAAgQYgGAZAGCA&amp;sclient=gws-wiz-serp#fpstate=ive&amp;vld=cid:f5a1338c,vid:XvyOL_uWFbA,st:0\" target=\"_blank\" rel=\"noopener\"><em>Pour voir la bande annonce, cliq<\/em><em>u<\/em><em>ez ici<\/em><\/a><\/li>\n<li>Le r\u00e8gne animal \u00e0 16h30\u00a0 <a href=\"https:\/\/www.youtube.com\/watch?v=FghKN8z7qpA&amp;ab_channel=FilmsActu\" target=\"_blank\" rel=\"noopener\"><em>Pour voir la bande annonce, cliq<\/em><em>u<\/em><em>ez ici<\/em><\/a><\/li>\n<\/ul>\n<\/li>\n<li><strong>Mardi 7 novembre 2023<\/strong> \u00e0 <span style=\"color: #ff0000;\">20h<\/span>.<br \/>\nFermer les yeux VO\u00a0 \u00a0<a href=\"https:\/\/www.veocinemas.fr\/grand-central-colomiers\/film\/571518\/video\/19601936\/\" target=\"_blank\" rel=\"noopener\"><em>Pour voir la bande annonce, cliq<\/em><em>u<\/em><em>ez ici<\/em><\/a><\/li>\n<li><strong>Vendredi 10 novembre 2023<\/strong> \u00e0 20h.30<br \/>\nExpendables 4\u00a0 \u00a0<a href=\"https:\/\/www.youtube.com\/watch?v=mYBfDeiPgcg&amp;ab_channel=FilmsActu\" target=\"_blank\" rel=\"noopener\"><em>Pour voir la bande annonce, cliq<\/em><em>u<\/em><em>ez ici<\/em><\/a><\/li>\n<li><strong>Dimanche 12 novembre 2023<\/strong>\n<ul>\n<li>La pat&rsquo;Patrouille, la super patrouille \u00e0 15h.\u00a0 \u00a0<a href=\"https:\/\/www.youtube.com\/watch?v=ly6L1xTCzMw&amp;ab_channel=ParamountPicturesFrance\" target=\"_blank\" rel=\"noopener\"><em>Pour voir la bande annonce, cliq<\/em><em>u<\/em><em>ez ici<\/em><\/a><\/li>\n<li>Marie-Line et son juge \u00e0 16h45\u00a0 <a href=\"https:\/\/www.youtube.com\/watch?v=y6jKtiCT9qI&amp;ab_channel=ARPS%C3%A9lection\" target=\"_blank\" rel=\"noopener\"><em>Pour voir la bande annonce, cliq<\/em><em>u<\/em><em>ez ici<\/em><\/a><\/li>\n<\/ul>\n<\/li>\n<li><strong>Mardi 14 novembre 2023<\/strong> \u00e0 20h.30<br \/>\nThe old oak VO \u00a0<a href=\"https:\/\/www.google.com\/search?q=bande+annonce+The+old+oak+VO&amp;sca_esv=576560510&amp;rlz=1C1CHZN_frFR989FR991&amp;sxsrf=AM9HkKkvL3RMHHYNBXuptjIaqppKHZ684g%3A1698261659976&amp;ei=m2o5ZfSVO7uskdUP65664AU&amp;ved=0ahUKEwi0z-nX9ZGCAxU7VqQEHWuPDlwQ4dUDCBA&amp;oq=bande+annonce+The+old+oak+VO&amp;gs_lp=Egxnd3Mtd2l6LXNlcnAiHGJhbmRlIGFubm9uY2UgVGhlIG9sZCBvYWsgVk8yBRAhGKABMgUQIRigAUjFGFAAWABwAHgBkAEAmAGSAaABkgGqAQMwLjG4AQzIAQD4AQL4AQHiAwQYACBBiAYB&amp;sclient=gws-wiz-serp#fpstate=ive&amp;vld=cid:f440eebc,vid:d612RdMq7iM,st:0\" target=\"_blank\" rel=\"noopener\"><em>Pour voir la bande annonce, cliq<\/em><em>u<\/em><em>ez ici<\/em><\/a><\/li>\n<li><strong>Vendredi 17 novembre 2023<\/strong> \u00e0 20h.30<br \/>\nUne ann\u00e9e difficile\u00a0 <a href=\"https:\/\/www.youtube.com\/watch?v=lcOwBLN6YDk&amp;ab_channel=FilmsActu\" target=\"_blank\" rel=\"noopener\"><em>Pour voir la bande annonce, cliq<\/em><em>u<\/em><em>ez ici<\/em><\/a><\/li>\n<li><strong>Dimanche 19 novembre 2023<\/strong>\n<ul>\n<li>Les trolls 3\u00a0 \u00e0 15h.\u00a0 \u00a0<a href=\"https:\/\/www.youtube.com\/watch?v=ysLVoZtDAog&amp;ab_channel=FilmsActu\" target=\"_blank\" rel=\"noopener\"><em>Pour voir la bande annonce, cliq<\/em><em>u<\/em><em>ez ici<\/em><\/a><\/li>\n<li>Le th\u00e9or\u00e8me de Marguerite \u00e0 16h45\u00a0 \u00a0<a href=\"https:\/\/www.google.com\/search?q=bande+annonce+Le+th%C3%A9or%C3%A8me+de+Marguerite&amp;sca_esv=576560510&amp;rlz=1C1CHZN_frFR989FR991&amp;sxsrf=AM9HkKknu1jjU2jt7ZZxOUN3v6r8FKY7TA%3A1698261964358&amp;ei=zGs5ZbC6FduikdUP-8m02Ag&amp;ved=0ahUKEwiw0Pvo9pGCAxVbUaQEHfskDYsQ4dUDCBA&amp;oq=bande+annonce+Le+th%C3%A9or%C3%A8me+de+Marguerite&amp;gs_lp=Egxnd3Mtd2l6LXNlcnAiKWJhbmRlIGFubm9uY2UgTGUgdGjDqW9yw6htZSBkZSBNYXJndWVyaXRlMgYQABgWGB5IvjpQsiVYsiVwAXgBkAEAmAFioAFiqgEBMbgBDMgBAPgBAvgBAcICChAAGEcY1gQYsAPiAwQYACBBiAYBkAYI&amp;sclient=gws-wiz-serp#fpstate=ive&amp;vld=cid:b93684af,vid:u355hd20X50,st:0\" target=\"_blank\" rel=\"noopener\"><em>Pour voir la bande annonce, cliq<\/em><em>u<\/em><em>ez ici<\/em><\/a><\/li>\n<\/ul>\n<\/li>\n<li><strong>Mardi 21 novembre 2023<\/strong> \u00e0 <span style=\"color: #ff0000;\">20h.<\/span><br \/>\nKillers of the flower moon VO\u00a0 \u00a0<a href=\"https:\/\/www.google.com\/search?q=bande+annonce+Killers+of+the+flower+moon+VO&amp;sca_esv=576560510&amp;rlz=1C1CHZN_frFR989FR991&amp;sxsrf=AM9HkKkyRnFElXPPLKPCd74Lu0vW6sA8fQ%3A1698262053521&amp;ei=JWw5Zau3H5WukdUP0ZmdkA8&amp;ved=0ahUKEwjr3b2T95GCAxUVV6QEHdFMB_IQ4dUDCBA&amp;oq=bande+annonce+Killers+of+the+flower+moon+VO&amp;gs_lp=Egxnd3Mtd2l6LXNlcnAiK2JhbmRlIGFubm9uY2UgS2lsbGVycyBvZiB0aGUgZmxvd2VyIG1vb24gVk8yBhAAGBYYHkj2FVAAWABwAHgBkAEAmAFeoAFeqgEBMbgBDMgBAPgBAvgBAeIDBBgAIEGIBgE&amp;sclient=gws-wiz-serp#fpstate=ive&amp;vld=cid:2027c4be,vid:S9LKDKWFdo8,st:0\" target=\"_blank\" rel=\"noopener\"><em>Pour voir la bande annonce, cliq<\/em><em>u<\/em><em>ez ici<\/em><\/a><\/li>\n<li><strong>Jeudi 23 novembre 2023<\/strong> \u00e0 15h.<br \/>\nBernadette <em>cin\u00e9 solidaire\u00a0 \u00a0 <\/em><a href=\"https:\/\/www.youtube.com\/watch?v=PpasuJOvAx4&amp;ab_channel=FilmsActu\" target=\"_blank\" rel=\"noopener\"><em>Pour voir la bande annonce, cliq<\/em><em>u<\/em><em>ez ici<\/em><\/a><\/li>\n<li><strong>Dimanche 26 novembre 2023<\/strong>\n<ul>\n<li>Le gar\u00e7on et le h\u00e9ron\u00a0 \u00e0 15h.\u00a0 \u00a0<a href=\"https:\/\/www.youtube.com\/watch?v=Q2aTi0BQXek&amp;ab_channel=WildBunchDistribution\" target=\"_blank\" rel=\"noopener\"><em>Pour voir la bande annonce, cliq<\/em><em>u<\/em><em>ez ici<\/em><\/a><\/li>\n<li>Second tour\u00a0 \u00e0 17h15\u00a0 \u00a0 <a href=\"https:\/\/www.google.com\/search?q=bande+annonce+Second+tour%C2%A0&amp;sca_esv=576560510&amp;rlz=1C1CHZN_frFR989FR991&amp;sxsrf=AM9HkKlxIroJN9ljrgOpgxFgkhlmVJxrsA%3A1698262350207&amp;ei=Tm05ZfiUDMiikdUPvKeasA4&amp;ved=0ahUKEwj48_mg-JGCAxVIUaQEHbyTBuYQ4dUDCBA&amp;oq=bande+annonce+Second+tour%C2%A0&amp;gs_lp=Egxnd3Mtd2l6LXNlcnAiG2JhbmRlIGFubm9uY2UgU2Vjb25kIHRvdXLCoDILEAAYgAQYsQMYgwEyCxAAGIAEGLEDGIMBMgYQABgWGB4yBhAAGBYYHkjHY1DZUFjZUHACeACQAQCYAWigAcIBqgEDMS4xuAEMyAEA-AEC-AEBwgIKEAAYRxjWBBiwA-IDBBgAIEGIBgGQBgg&amp;sclient=gws-wiz-serp#fpstate=ive&amp;vld=cid:4edb3705,vid:gGNL02Dbr2k,st:0\" target=\"_blank\" rel=\"noopener\"><em>Pour voir la bande annonce, cliq<\/em><em>u<\/em><em>ez ici<\/em><\/a><\/li>\n<\/ul>\n<\/li>\n<li><strong>Mardi 28 novembre 2023<\/strong> \u00e0 20h.30<br \/>\nL&rsquo;enl\u00e8vement VO 20h30\u00a0 \u00a0<a href=\"https:\/\/www.google.com\/search?q=bande+annonce+L%27enl%C3%A8vement+VO&amp;sca_esv=576560510&amp;rlz=1C1CHZN_frFR989FR991&amp;sxsrf=AM9HkKm8EshmxaPGV4phb9Y6TJNRPNW05g%3A1698262583797&amp;ei=N245ZduSMJShkdUPupC2uAE&amp;ved=0ahUKEwibiquQ-ZGCAxWUUKQEHTqIDRcQ4dUDCBA&amp;oq=bande+annonce+L%27enl%C3%A8vement+VO&amp;gs_lp=Egxnd3Mtd2l6LXNlcnAiHmJhbmRlIGFubm9uY2UgTCdlbmzDqHZlbWVudCBWTzIFECEYoAEyBRAhGKABMgUQIRigAUivKFD6FFj6FHABeAGQAQCYAY8BoAGPAaoBAzAuMbgBDMgBAPgBAvgBAcICChAAGEcY1gQYsAPiAwQYACBBiAYBkAYI&amp;sclient=gws-wiz-serp#fpstate=ive&amp;vld=cid:bbea77a6,vid:T6jsmiI7Crg,st:0\" target=\"_blank\" rel=\"noopener\"><em>Pour voir la bande annonce, cliq<\/em><em>u<\/em><em>ez ici<\/em><\/a><\/li>\n<\/ul>\n<div><span style=\"color: #ff0000;\">Noter:\u00a0<\/span> les horaires \u00e0 20 h au lieu de 20h30 des films des 7 et 21 novembre 2023, particuli\u00e8rement longs :<\/div>\n<div>\u00ab\u00a0Fermer les yeux\u00a0\u00bb de Victor Erice : 2h 49 mn<br \/>\n\u00ab\u00a0Killers of the flower moon\u00a0\u00bb de Martin Scorsese : 3 h 26mn<\/div>\n<div><\/div>\n<div>\n<p>Pour t\u00e9l\u00e9charger le programme illustr\u00e9 n\u00b0 126 cliquez ici: <strong><a href=\"https:\/\/www.o-p-i.fr\/parlonsen\/wp-content\/uploads\/programme-n\u00b0-126.pdf\">programme n\u00b0 126<\/a><\/strong><\/p>\n<p><em>Information communiqu\u00e9e par Guy ROUMAGNAC<\/em><\/p>\n<\/div>\n","protected":false},"excerpt":{"rendered":"<div class=\"mh-excerpt\">votre programme:<\/div>\n","protected":false},"author":4,"featured_media":0,"comment_status":"open","ping_status":"open","sticky":false,"template":"","format":"standard","meta":{"om_disable_all_campaigns":false,"advanced_seo_description":"","jetpack_seo_html_title":"","jetpack_seo_noindex":false,"_jetpack_memberships_contains_paid_content":false,"footnotes":"","_links_to":"","_links_to_target":""},"categories":[52,54,16,5541],"tags":[1768,3057,4989,5674,5733,5734,143],"class_list":{"0":"post-56179","1":"post","2":"type-post","3":"status-publish","4":"format-standard","6":"category-parlons-en","7":"category-loisirs","8":"category-monclar","9":"category-n-212-novembre-2023","10":"tag-cinemonclar","11":"tag-bandes-annonces","12":"tag-les-amis-du-cinema-de-monclar","13":"tag-cine-programme","14":"tag-cine-solidaire","15":"tag-programme-126","16":"tag-monclar-de-quercy"},"jetpack_featured_media_url":"","views":{"total":0,"cached_at":"","cached_date":1738286525},"jetpack_likes_enabled":true,"jetpack_sharing_enabled":true,"jetpack_shortlink":"https:\/\/wp.me\/pg7Wxj-eC7","jetpack-related-posts":[],"_links":{"self":[{"href":"https:\/\/www.o-p-i.fr\/parlonsen\/wp-json\/wp\/v2\/posts\/56179","targetHints":{"allow":["GET"]}}],"collection":[{"href":"https:\/\/www.o-p-i.fr\/parlonsen\/wp-json\/wp\/v2\/posts"}],"about":[{"href":"https:\/\/www.o-p-i.fr\/parlonsen\/wp-json\/wp\/v2\/types\/post"}],"author":[{"embeddable":true,"href":"https:\/\/www.o-p-i.fr\/parlonsen\/wp-json\/wp\/v2\/users\/4"}],"replies":[{"embeddable":true,"href":"https:\/\/www.o-p-i.fr\/parlonsen\/wp-json\/wp\/v2\/comments?post=56179"}],"version-history":[{"count":0,"href":"https:\/\/www.o-p-i.fr\/parlonsen\/wp-json\/wp\/v2\/posts\/56179\/revisions"}],"wp:attachment":[{"href":"https:\/\/www.o-p-i.fr\/parlonsen\/wp-json\/wp\/v2\/media?parent=56179"}],"wp:term":[{"taxonomy":"category","embeddable":true,"href":"https:\/\/www.o-p-i.fr\/parlonsen\/wp-json\/wp\/v2\/categories?post=56179"},{"taxonomy":"post_tag","embeddable":true,"href":"https:\/\/www.o-p-i.fr\/parlonsen\/wp-json\/wp\/v2\/tags?post=56179"}],"curies":[{"name":"wp","href":"https:\/\/api.w.org\/{rel}","templated":true}]}}