{"id":56213,"date":"2023-10-26T21:47:31","date_gmt":"2023-10-26T20:47:31","guid":{"rendered":"https:\/\/www.o-p-i.fr\/parlonsen\/?p=56213"},"modified":"2023-10-26T21:47:31","modified_gmt":"2023-10-26T20:47:31","slug":"association-la-belle-montee-a-la-salvetat-82","status":"publish","type":"post","link":"https:\/\/www.o-p-i.fr\/parlonsen\/localisation\/au-pays-des-tescous\/salvetat\/association-la-belle-montee-a-la-salvetat-82\/","title":{"rendered":"Association \u00ab\u00a0La Belle Mont\u00e9e\u00a0\u00bb &#8230;\u00e0 La Salvetat (82)"},"content":{"rendered":"<p>Programme des randonn\u00e9es <strong>Novembre et D\u00e9cembre 2023<\/strong>: <!--more--><\/p>\n<p dir=\"ltr\">ASSOCIATION LA BELLE MONTEE &#8211;\u00a0Loisirs et sports en Quercy Vert.<\/p>\n<p dir=\"ltr\">PROGRAMME DES RANDONN\u00c9ES\u00a0: Novembre &#8211; D\u00e9cembre\u00a02023<\/p>\n<p dir=\"ltr\">Pour une bonne organisation des randonn\u00e9es, nous vous remercions de vous inscrire\u00a0\u00a0au plus tard la veille de la randonn\u00e9e par t\u00e9l\u00e9phone ou SMS :<\/p>\n<ul>\n<li dir=\"ltr\">\n<p dir=\"ltr\">Pour les randos longues du jeudi et celles du samedi : Serge Lafon : 06.33.83.02.01,<\/p>\n<\/li>\n<\/ul>\n<p dir=\"ltr\">Nicole Ducos :\u00a007.69.26.50.48,\u00a0Jeannette Castella : 06 32 92 46 39.<\/p>\n<ul>\n<li dir=\"ltr\">\n<p dir=\"ltr\">Pour les randos courtes du jeudi : Genevi\u00e8ve Dourel : 06.28.35.48.78.<\/p>\n<\/li>\n<\/ul>\n<p dir=\"ltr\">Lieu de d\u00e9part des randonn\u00e9es et Horaires<\/p>\n<p dir=\"ltr\">Point de RDV : Maison des Associations (pr\u00e8s de l&rsquo;\u00e9glise) \u00e0 La Salvetat-Belmontet<\/p>\n<p dir=\"ltr\">Tarif du covoiturage : 3 euros\u00a0(le covoiturage est possible, mais pas obligatoire).<\/p>\n<p dir=\"ltr\">Horaires\u00a0:<\/p>\n<ul>\n<li dir=\"ltr\">\n<p dir=\"ltr\">Randos longues jeudi et samedi : Rdv 13h15 pour d\u00e9part 13h30<\/p>\n<\/li>\n<li dir=\"ltr\">\n<p dir=\"ltr\">Randos courtes le jeudi : Rdv 13h45 pour d\u00e9part 14h00<\/p>\n<\/li>\n<\/ul>\n<p dir=\"ltr\">Programme du jeudi\u00a0: Version longue\u00a0 (d\u00e9part 13h30)<\/p>\n<p dir=\"ltr\">02\/11 :\u00a0Castelnau de Montmirail : Chemin de Gradille &#8211; 9,5km &#8211; 2h15 &#8211; facile<\/p>\n<p dir=\"ltr\">09\/11 :\u00a0in\u00e9dit\u00a0&#8211; Broze : Par ligne et vallons &#8211; 10 kms &#8211; 3h &#8211; facile<\/p>\n<p dir=\"ltr\">16\/11 :\u00a0Rando courte et longue \u00e0 la journ\u00e9e &#8211; d\u00e9part 8h30<\/p>\n<ul>\n<li dir=\"ltr\">\n<p dir=\"ltr\">matin : Vieux Andillac &#8211; 7,7 kms &#8211; 2h30 &#8211; facile d\u00e9part 8h30<\/p>\n<\/li>\n<li dir=\"ltr\">\n<p dir=\"ltr\">midi : Repas au resto\u00a0 infos plus pr\u00e9cises \u00e0 venir<\/p>\n<\/li>\n<li dir=\"ltr\">\n<p dir=\"ltr\">apr\u00e8s-midi : Visite du mus\u00e9e du Cayla &#8211; Tarif 4\u20ac par personne<\/p>\n<\/li>\n<\/ul>\n<p dir=\"ltr\">23\/11 : Bruniquel : le Cabeou &#8211; Joanny &#8211; 10 kms &#8211; 3h &#8211; moyen (d\u00e9nivel\u00e9)<\/p>\n<p dir=\"ltr\">30\/11 : Genebri\u00e8res : circuit autour de Genebrieres &#8211; 10,5 kms &#8211; 3h &#8211; moyen<\/p>\n<p dir=\"ltr\">07\/12 :\u00a0Journ\u00e9e avec picnic &#8211; d\u00e9part 10h00\u00a0: St Antonin :\u00a0Mont\u00e9e de Ouf &#8211; Negro-Crabo &#8211; 11,5 kms &#8211;\u00a0 3h30 &#8211; difficile (d\u00e9nivel\u00e9)<\/p>\n<p dir=\"ltr\">14\/12 : Bruniquel : L&rsquo;Escourat &#8211; 10,7 kms &#8211; 3h30 &#8211; moyen<\/p>\n<p dir=\"ltr\">21\/12 :\u00a0Rando courte et longue \u00e0 la journ\u00e9e &#8211; d\u00e9part 9h00\u00a0(infos plus pr\u00e9cises \u00e0 venir)<\/p>\n<ul>\n<li dir=\"ltr\">\n<p dir=\"ltr\">Bioule : La Bouffi\u00e8re &#8211; 10 kms &#8211; 2h30<\/p>\n<\/li>\n<li dir=\"ltr\">\n<p dir=\"ltr\">Restaurant \u00e0 midi : l&rsquo;Escale\u00a0 \u00e0 Bioule<\/p>\n<\/li>\n<\/ul>\n<p dir=\"ltr\">Programme du jeudi\u00a0: Version courte (d\u00e9part 14h)<\/p>\n<p dir=\"ltr\">02\/11 :\u00a0Vaissac : Revel : Le lac du\u00a0 Gouyre &#8211; 6 kms &#8211; facile &#8211; 2h<\/p>\n<p dir=\"ltr\">09\/11 : Montricoux : le lavoir d&rsquo;Embarre &#8211; 7 kms &#8211; 2h00 &#8211; facile<\/p>\n<p dir=\"ltr\">16\/11 :\u00a0Rando courte et longue \u00e0 la journ\u00e9e &#8211; d\u00e9part 8h30 &#8211; voir d\u00e9tail rando longue<\/p>\n<p dir=\"ltr\">23\/11 : De Loub\u00e9jac \u00e0 Lamothe &#8211; 5,5 Kms &#8211;\u00a0 1h30<\/p>\n<p dir=\"ltr\">30\/11 : Villemur sur Tarn : Les Pountous &#8211; 7 kms &#8211; 2h &#8211; moyen (1 mont\u00e9e)<\/p>\n<p dir=\"ltr\">07\/12 : Nohic : De balades en plaines &#8211; 6 kms &#8211; 2h &#8211; facile<\/p>\n<p dir=\"ltr\">14\/12 : St Caprais : La patte noire Canguise\u00a0 &#8211; 6 kms 2h30<\/p>\n<p dir=\"ltr\">21\/12 :\u00a0Rando courte et longue \u00e0 la journ\u00e9e &#8211; d\u00e9part 9h00 &#8211; voir d\u00e9tail rando longue<\/p>\n<p>Programme du Samedi (d\u00e9part 13h30)<\/p>\n<p dir=\"ltr\">04\/11 :\u00a0Saint Antonin : PR1 Cirque de Nibouzou &#8211; 8 kms &#8211; 2h30 &#8211; moyen<\/p>\n<p dir=\"ltr\">11\/11 :\u00a0Larroque : Mespel variante &#8211; 7,2 kms &#8211; 2h30 &#8211; moyen (1 mont\u00e9e)<\/p>\n<p dir=\"ltr\">18\/11 : Montauban : Les vallons du Fau &#8211; 9,8 kms &#8211; 2h30 &#8211; facile<\/p>\n<p dir=\"ltr\">25\/11 : Grisolles : De bois en canal &#8211; 11 kms &#8211; 3h &#8211; facile<\/p>\n<p dir=\"ltr\">02\/12 : Montauban : Les coteaux de L\u00e9ojac &#8211; 12 kms &#8211; 3h &#8211; facile<\/p>\n<p dir=\"ltr\">09\/12 : Va\u00efssac &#8211; Le Cabertat &#8211; 8,3 kms &#8211;\u00a0 2h30 &#8211; facile<\/p>\n<p dir=\"ltr\">16\/12 : Septfonds : Le roc du saut &#8211; 7,7 kms &#8211; 2h15 &#8211; facile<\/p>\n<p dir=\"ltr\">Rappel\u00a0:\u00a0 Les informations concernant Distance\/Dur\u00e9e\/Difficult\u00e9 sont donn\u00e9es \u00e0 titre indicatif. La dur\u00e9e ne comprend pas les temps de pause, de repas ou de pique-nique et peut varier en fonction du niveau des randonneurs pr\u00e9sents.<\/p>\n<p dir=\"ltr\">En cas de probl\u00e8me d&rsquo;encadrement, de m\u00e9t\u00e9o, ou tout autre impr\u00e9vu, les organisateurs pourront \u00eatre amen\u00e9s \u00e0 changer le parcours initialement pr\u00e9vu, c&rsquo;est pourquoi nous vous conseillons de toujours venir au point de rendez-vous \u00e0 la salle des associations, parking de l&rsquo;\u00e9glise de La Salvetat.<\/p>\n<p dir=\"ltr\"><strong>POUR LES CYCLISTES SUR ROUTE\u00a0:<\/strong><\/p>\n<p dir=\"ltr\">Le dimanche matin rendez-vous \u00e0 la salle des associations de La Salvetat entre 8h00 et 9h00 suivant la saison. Prendre contact avec les organisateurs ci-dessous. Les parcours seront \u00e9tablis en fonction des participants et de la m\u00e9t\u00e9o (g\u00e9n\u00e9ralement de 60 \u00e0 100 km).<\/p>\n<p dir=\"ltr\">En cas de participation \u00e0 des sorties organis\u00e9es par d&rsquo;autres clubs le lieu de rendez-vous et d\u00e9part pourra changer. En cas de mauvais temps, le jour ou l&rsquo;heure de d\u00e9part pourront \u00e9galement changer.<\/p>\n<p dir=\"ltr\">Contacts : E. VIES 06-08-88-63-37 \/ J.M. SANGLA\u00a007.85.62.46.40.<\/p>\n<p dir=\"ltr\">Vous pouvez \u00e9galement trouver des informations et des photos de nos randonn\u00e9es sur le site internet de l&rsquo;association \u00e0 l&rsquo;adresse\u00a0:\u00a0<a href=\"http:\/\/la-belle-montee.clubeo.com\/\" target=\"_blank\" rel=\"noopener noreferrer\">http:\/\/la-belle-montee.clubeo.com<\/a>.<\/p>\n<p>Contacts\u00a0: Mail\u00a0:\u00a0<a href=\"mailto:jeanmarc.sangla@gmail.com\" rel=\"noreferrer\">jeanmarc.sangla@gmail.com<\/a>\u00a0\u2013 T\u00e9l\u00e9phone\u00a0: Jean-Marc SANGLA 05-63-30-34-16<\/p>\n<p><em>Information communiqu\u00e9e par Jean-Marc SANGLA<\/em><\/p>\n","protected":false},"excerpt":{"rendered":"<div class=\"mh-excerpt\">Programme des randonn\u00e9es Novembre et D\u00e9cembre 2023:<\/div>\n","protected":false},"author":4,"featured_media":0,"comment_status":"open","ping_status":"open","sticky":false,"template":"","format":"standard","meta":{"om_disable_all_campaigns":false,"advanced_seo_description":"","jetpack_seo_html_title":"","jetpack_seo_noindex":false,"_jetpack_memberships_contains_paid_content":false,"footnotes":"","_links_to":"","_links_to_target":""},"categories":[34,53,5658,5541],"tags":[181,2792,4898,5747],"class_list":{"0":"post-56213","1":"post","2":"type-post","3":"status-publish","4":"format-standard","6":"category-salvetat","7":"category-sports","8":"category-n-213-decembre-2023","9":"category-n-212-novembre-2023","10":"tag-la-salvetat-belmontet","11":"tag-la-belle-montee","12":"tag-programme-randonnees","13":"tag-randonnees-cyclistes"},"jetpack_featured_media_url":"","views":{"total":0,"cached_at":"","cached_date":1738257599},"jetpack_likes_enabled":true,"jetpack_sharing_enabled":true,"jetpack_shortlink":"https:\/\/wp.me\/pg7Wxj-eCF","jetpack-related-posts":[],"_links":{"self":[{"href":"https:\/\/www.o-p-i.fr\/parlonsen\/wp-json\/wp\/v2\/posts\/56213","targetHints":{"allow":["GET"]}}],"collection":[{"href":"https:\/\/www.o-p-i.fr\/parlonsen\/wp-json\/wp\/v2\/posts"}],"about":[{"href":"https:\/\/www.o-p-i.fr\/parlonsen\/wp-json\/wp\/v2\/types\/post"}],"author":[{"embeddable":true,"href":"https:\/\/www.o-p-i.fr\/parlonsen\/wp-json\/wp\/v2\/users\/4"}],"replies":[{"embeddable":true,"href":"https:\/\/www.o-p-i.fr\/parlonsen\/wp-json\/wp\/v2\/comments?post=56213"}],"version-history":[{"count":0,"href":"https:\/\/www.o-p-i.fr\/parlonsen\/wp-json\/wp\/v2\/posts\/56213\/revisions"}],"wp:attachment":[{"href":"https:\/\/www.o-p-i.fr\/parlonsen\/wp-json\/wp\/v2\/media?parent=56213"}],"wp:term":[{"taxonomy":"category","embeddable":true,"href":"https:\/\/www.o-p-i.fr\/parlonsen\/wp-json\/wp\/v2\/categories?post=56213"},{"taxonomy":"post_tag","embeddable":true,"href":"https:\/\/www.o-p-i.fr\/parlonsen\/wp-json\/wp\/v2\/tags?post=56213"}],"curies":[{"name":"wp","href":"https:\/\/api.w.org\/{rel}","templated":true}]}}