{"id":56232,"date":"2023-10-27T19:02:37","date_gmt":"2023-10-27T18:02:37","guid":{"rendered":"https:\/\/www.o-p-i.fr\/parlonsen\/?p=56232"},"modified":"2023-10-27T19:03:47","modified_gmt":"2023-10-27T18:03:47","slug":"concert-de-leveil-musical-de-bressols-a-monclar-de-quercy-82","status":"publish","type":"post","link":"https:\/\/www.o-p-i.fr\/parlonsen\/localisation\/au-pays-des-tescous\/monclar\/concert-de-leveil-musical-de-bressols-a-monclar-de-quercy-82\/","title":{"rendered":"Concert de l&rsquo;Eveil Musical de Bressols&#8230; \u00e0 Monclar de Quercy (82)"},"content":{"rendered":"<p><strong>Dimanche 12 novembre 2023<\/strong>, de 16h. \u00e0 18h., en l&rsquo;\u00e9glise.<!--more-->La chorale <strong>l&rsquo;Eveil Musical de Bressols<\/strong> chante en l&rsquo;\u00e9glise de Monclar de Quercy le dimanche 12 novembre 2023 \u00e0 16 heures au profit de l&rsquo;Association Enfant de Terre Sainte qui soutient les enfants d\u00e9favoris\u00e9s de deux coll\u00e8ges \u00e0 J\u00e9rusalem et \u00e0 Bethl\u00e9em. La participation est libre. Le programme est compos\u00e9 de vari\u00e9t\u00e9s et d&rsquo;op\u00e9rettes.<\/p>\n<p>Tarifs : libre<br \/>\nOrganisateur : Association Enfant de Terre Sainte<\/p>\n<p>Contact : DARIOS Michel<br \/>\n8 rue Mila<br \/>\n82000-MONTAUBAN<br \/>\nT\u00e9l. :06 82 81 56 83<br \/>\nCourriel :<a href=\"mailto:michel.darios@outlook.fr\" target=\"_blank\" rel=\"noopener\">michel.darios@outlook.fr<\/a><br \/>\n<img data-recalc-dims=\"1\" loading=\"lazy\" decoding=\"async\" class=\"aligncenter size-full wp-image-56233\" src=\"https:\/\/i0.wp.com\/www.o-p-i.fr\/parlonsen\/wp-content\/uploads\/concert-Monclar-1.jpg?resize=624%2C895&#038;ssl=1\" alt=\"\" width=\"624\" height=\"895\" srcset=\"https:\/\/i0.wp.com\/www.o-p-i.fr\/parlonsen\/wp-content\/uploads\/concert-Monclar-1.jpg?w=624&amp;ssl=1 624w, https:\/\/i0.wp.com\/www.o-p-i.fr\/parlonsen\/wp-content\/uploads\/concert-Monclar-1.jpg?resize=209%2C300&amp;ssl=1 209w, https:\/\/i0.wp.com\/www.o-p-i.fr\/parlonsen\/wp-content\/uploads\/concert-Monclar-1.jpg?resize=400%2C574&amp;ssl=1 400w, https:\/\/i0.wp.com\/www.o-p-i.fr\/parlonsen\/wp-content\/uploads\/concert-Monclar-1.jpg?resize=430%2C617&amp;ssl=1 430w, https:\/\/i0.wp.com\/www.o-p-i.fr\/parlonsen\/wp-content\/uploads\/concert-Monclar-1.jpg?resize=150%2C215&amp;ssl=1 150w, https:\/\/i0.wp.com\/www.o-p-i.fr\/parlonsen\/wp-content\/uploads\/concert-Monclar-1.jpg?resize=100%2C143&amp;ssl=1 100w\" sizes=\"auto, (max-width: 624px) 100vw, 624px\" \/><br \/>\n<em>Information communiqu\u00e9e par Michel DARIOS<\/em><\/p>\n<p><a href=\"http:\/\/www.o-p-i.fr\/parlonsen\/agenda\/\">Retrouvez tous les \u00e9v\u00e9nements dans l&rsquo;agenda !<\/a><\/p>\n","protected":false},"excerpt":{"rendered":"<div class=\"mh-excerpt\">Dimanche 12 novembre 2023, de 16h. \u00e0 18h., en l&rsquo;\u00e9glise.<\/div>\n","protected":false},"author":4,"featured_media":0,"comment_status":"open","ping_status":"open","sticky":false,"template":"","format":"standard","meta":{"om_disable_all_campaigns":false,"advanced_seo_description":"","jetpack_seo_html_title":"","jetpack_seo_noindex":false,"_jetpack_memberships_contains_paid_content":false,"footnotes":"","_links_to":"","_links_to_target":""},"categories":[16,54,291,5541],"tags":[43,143,5750,5751],"class_list":{"0":"post-56232","1":"post","2":"type-post","3":"status-publish","4":"format-standard","6":"category-monclar","7":"category-loisirs","8":"category-solidarite","9":"category-n-212-novembre-2023","10":"tag-concert","11":"tag-monclar-de-quercy","12":"tag-eveil-musical-de-bressols","13":"tag-enfants-de-yerre-sainte"},"jetpack_featured_media_url":"","views":{"total":3,"cached_at":"","cached_date":1738289486},"jetpack_likes_enabled":true,"jetpack_sharing_enabled":true,"jetpack_shortlink":"https:\/\/wp.me\/pg7Wxj-eCY","jetpack-related-posts":[],"_links":{"self":[{"href":"https:\/\/www.o-p-i.fr\/parlonsen\/wp-json\/wp\/v2\/posts\/56232","targetHints":{"allow":["GET"]}}],"collection":[{"href":"https:\/\/www.o-p-i.fr\/parlonsen\/wp-json\/wp\/v2\/posts"}],"about":[{"href":"https:\/\/www.o-p-i.fr\/parlonsen\/wp-json\/wp\/v2\/types\/post"}],"author":[{"embeddable":true,"href":"https:\/\/www.o-p-i.fr\/parlonsen\/wp-json\/wp\/v2\/users\/4"}],"replies":[{"embeddable":true,"href":"https:\/\/www.o-p-i.fr\/parlonsen\/wp-json\/wp\/v2\/comments?post=56232"}],"version-history":[{"count":0,"href":"https:\/\/www.o-p-i.fr\/parlonsen\/wp-json\/wp\/v2\/posts\/56232\/revisions"}],"wp:attachment":[{"href":"https:\/\/www.o-p-i.fr\/parlonsen\/wp-json\/wp\/v2\/media?parent=56232"}],"wp:term":[{"taxonomy":"category","embeddable":true,"href":"https:\/\/www.o-p-i.fr\/parlonsen\/wp-json\/wp\/v2\/categories?post=56232"},{"taxonomy":"post_tag","embeddable":true,"href":"https:\/\/www.o-p-i.fr\/parlonsen\/wp-json\/wp\/v2\/tags?post=56232"}],"curies":[{"name":"wp","href":"https:\/\/api.w.org\/{rel}","templated":true}]}}