{"id":5629,"date":"2010-11-05T14:55:58","date_gmt":"2010-11-05T12:55:58","guid":{"rendered":"\/parlonsen\/?p=5629"},"modified":"2010-11-05T14:59:31","modified_gmt":"2010-11-05T12:59:31","slug":"1er-salon-dartisanat-darts-au-carreyrat","status":"publish","type":"post","link":"https:\/\/www.o-p-i.fr\/parlonsen\/parlons-en\/culture\/1er-salon-dartisanat-darts-au-carreyrat\/","title":{"rendered":"1er Salon d&rsquo;Artisanat d&rsquo;Arts &#8230; au Carreyrat"},"content":{"rendered":"<p>La FACT (<span style=\"color: #800000;\"><strong>F\u00e9d\u00e9ration Associative Carreyrat-Tescou<\/strong><\/span> ) organise \u00e0 la salle du Carreyrat, route d&rsquo;Albi \u00e0 Montauban, son 1er Salon d&rsquo;Artisanat d&rsquo;Arts, les <span style=\"color: #800000;\"><strong>Samedi 27 et\u00a0 Dimanche 28 novembre 2010<\/strong><\/span>.<!--more--><\/p>\n<figure id=\"attachment_5630\" aria-describedby=\"caption-attachment-5630\" style=\"width: 400px\" class=\"wp-caption alignleft\"><img data-recalc-dims=\"1\" loading=\"lazy\" decoding=\"async\" class=\"size-full wp-image-5630\" title=\"Carreyrat (82)\" src=\"https:\/\/i0.wp.com\/www.o-p-i.fr\/parlonsen\/wp-content\/uploads\/affiche_salon_fact.jpg?resize=400%2C568&#038;ssl=1\" alt=\"Carreyrat (82)\" width=\"400\" height=\"568\" srcset=\"https:\/\/i0.wp.com\/www.o-p-i.fr\/parlonsen\/wp-content\/uploads\/affiche_salon_fact.jpg?w=400&amp;ssl=1 400w, https:\/\/i0.wp.com\/www.o-p-i.fr\/parlonsen\/wp-content\/uploads\/affiche_salon_fact.jpg?resize=211%2C300&amp;ssl=1 211w\" sizes=\"auto, (max-width: 400px) 100vw, 400px\" \/><figcaption id=\"caption-attachment-5630\" class=\"wp-caption-text\">Carreyrat (82)<\/figcaption><\/figure>\n<p><span style=\"color: #800000;\"><strong>Heures d&rsquo;ouverture<\/strong><\/span> : de 10h \u00e0 19h<\/p>\n<p>Entr\u00e9e Gratuite<\/p>\n<p>Nombre d&rsquo;exposants : 34 stands<\/p>\n<p><span style=\"color: #800000;\"><strong>Types d&rsquo;artisanat pr\u00e9sent\u00e9s :<\/strong><\/span><\/p>\n<p>&#8211; meubles en carton<br \/>\n&#8211; sculptures animali\u00e8res<br \/>\n&#8211; tapissier d\u00e9corateur<br \/>\n&#8211; peinture sur  porcelaine<br \/>\n&#8211; vitrail<br \/>\n&#8211; feutrage (laine feutr\u00e9e)<br \/>\n&#8211; sculpture bijoux<br \/>\n&#8211; relooking<br \/>\n&#8211; peintre en d\u00e9cor<br \/>\n&#8211; bijoux\/sacs<br \/>\n&#8211; \u00e9maux<br \/>\n&#8211; calebasses<br \/>\n&#8211; maroquinerie<br \/>\n&#8211; broderie dentelle<br \/>\n&#8211; bijoux Fimo<br \/>\n&#8211; verrier<br \/>\n&#8211; vitrine<br \/>\n&#8211; couteaux<br \/>\n&#8211; chapeaux<br \/>\n&#8211; luminaires<br \/>\n&#8211; ic\u00f4nes<br \/>\n&#8211; poules en sc\u00e8ne<br \/>\n&#8211; tourneur sur bois<br \/>\n&#8211; mosa\u00efque<br \/>\n&#8211; encadrement<br \/>\n&#8211; tissus peints<br \/>\n&#8211; collage papiers &amp; cartes en iris folding<\/p>\n<p><span style=\"color: #800000;\"><strong>Restauration :<\/strong><\/span><\/p>\n<p>Buvette + sandwichs + formule d\u00e9jeuner (plat + dessert + boisson) + cr\u00eapes et tartes l&rsquo;apr\u00e8s-midi.<\/p>\n<p><span style=\"color: #800000;\"><strong>Contact :<\/strong> Bernard Cahue<br \/>\nT\u00e9l. : 06.80.88.26.58<\/span><\/p>\n<p><em>Communiqu\u00e9 de\u00a0 Bernard Cahue, Charg\u00e9 communication du Salon<\/em><\/p>\n<p><span style=\"color: #800000;\"><strong>En savoir + sur &#8230;<\/strong><\/span><br \/>\n<a title=\"Ouvre le site dans une nouvelle fen\u00eatre\" href=\"http:\/\/fact.voila.net\/\" target=\"_blank\">La F\u00e9d\u00e9ration Associative Carreyrat Tescou<\/a><\/p>\n<p><a href=\"https:\/\/www.o-p-i.fr\/parlonsen\/agenda\/\"><strong>Retrouvez tous les \u00e9v\u00e8nements dans l&rsquo;agenda !<\/strong><\/a><\/p>\n","protected":false},"excerpt":{"rendered":"<div class=\"mh-excerpt\">La FACT (F\u00e9d\u00e9ration Associative Carreyrat-Tescou ) organise \u00e0 la salle du Carreyrat, route d&rsquo;Albi \u00e0 Montauban, son 1er Salon d&rsquo;Artisanat d&rsquo;Arts, les Samedi 27 et\u00a0 Dimanche 28 novembre 2010.<\/div>\n","protected":false},"author":2,"featured_media":0,"comment_status":"open","ping_status":"open","sticky":false,"template":"","format":"standard","meta":{"om_disable_all_campaigns":false,"advanced_seo_description":"","jetpack_seo_html_title":"","jetpack_seo_noindex":false,"_jetpack_memberships_contains_paid_content":false,"footnotes":"","_links_to":"","_links_to_target":""},"categories":[51,736,4,42,1,54],"tags":[341,498,2559,200],"class_list":{"0":"post-5629","1":"post","2":"type-post","3":"status-publish","4":"format-standard","6":"category-artisanat","7":"category-n-55-novembre-2010","8":"category-commerce","9":"category-a-cote-de-chez-nous","10":"category-culture","11":"category-loisirs","12":"tag-carreyrat","13":"tag-salon","14":"tag-artisanat","15":"tag-art"},"jetpack_featured_media_url":"","views":{"total":0,"cached_at":"","cached_date":1738516585},"jetpack_likes_enabled":true,"jetpack_sharing_enabled":true,"jetpack_shortlink":"https:\/\/wp.me\/pg7Wxj-1sN","jetpack-related-posts":[],"_links":{"self":[{"href":"https:\/\/www.o-p-i.fr\/parlonsen\/wp-json\/wp\/v2\/posts\/5629","targetHints":{"allow":["GET"]}}],"collection":[{"href":"https:\/\/www.o-p-i.fr\/parlonsen\/wp-json\/wp\/v2\/posts"}],"about":[{"href":"https:\/\/www.o-p-i.fr\/parlonsen\/wp-json\/wp\/v2\/types\/post"}],"author":[{"embeddable":true,"href":"https:\/\/www.o-p-i.fr\/parlonsen\/wp-json\/wp\/v2\/users\/2"}],"replies":[{"embeddable":true,"href":"https:\/\/www.o-p-i.fr\/parlonsen\/wp-json\/wp\/v2\/comments?post=5629"}],"version-history":[{"count":0,"href":"https:\/\/www.o-p-i.fr\/parlonsen\/wp-json\/wp\/v2\/posts\/5629\/revisions"}],"wp:attachment":[{"href":"https:\/\/www.o-p-i.fr\/parlonsen\/wp-json\/wp\/v2\/media?parent=5629"}],"wp:term":[{"taxonomy":"category","embeddable":true,"href":"https:\/\/www.o-p-i.fr\/parlonsen\/wp-json\/wp\/v2\/categories?post=5629"},{"taxonomy":"post_tag","embeddable":true,"href":"https:\/\/www.o-p-i.fr\/parlonsen\/wp-json\/wp\/v2\/tags?post=5629"}],"curies":[{"name":"wp","href":"https:\/\/api.w.org\/{rel}","templated":true}]}}