{"id":56487,"date":"2023-11-23T13:05:41","date_gmt":"2023-11-23T12:05:41","guid":{"rendered":"https:\/\/www.o-p-i.fr\/parlonsen\/?p=56487"},"modified":"2025-11-10T20:57:29","modified_gmt":"2025-11-10T19:57:29","slug":"after-work-a-beauvais-sur-tescou-81","status":"publish","type":"post","link":"https:\/\/www.o-p-i.fr\/parlonsen\/parlons-en\/pratique\/after-work-a-beauvais-sur-tescou-81\/","title":{"rendered":"\u00ab\u00a0After Work\u00a0\u00bb &#8230;\u00e0 Beauvais sur Tescou (81)"},"content":{"rendered":"<p><strong>Vendredi 8 d\u00e9cembre 2023<\/strong>, \u00e0 partir de 19h. \u00e0 la brasserie Oxit. <!--more--><\/p>\n<p><img data-recalc-dims=\"1\" loading=\"lazy\" decoding=\"async\" class=\"aligncenter size-full wp-image-56488\" src=\"https:\/\/i0.wp.com\/www.o-p-i.fr\/parlonsen\/wp-content\/uploads\/Oxit-1.jpg?resize=624%2C877&#038;ssl=1\" alt=\"\" width=\"624\" height=\"877\" srcset=\"https:\/\/i0.wp.com\/www.o-p-i.fr\/parlonsen\/wp-content\/uploads\/Oxit-1.jpg?w=624&amp;ssl=1 624w, https:\/\/i0.wp.com\/www.o-p-i.fr\/parlonsen\/wp-content\/uploads\/Oxit-1.jpg?resize=213%2C300&amp;ssl=1 213w, https:\/\/i0.wp.com\/www.o-p-i.fr\/parlonsen\/wp-content\/uploads\/Oxit-1.jpg?resize=400%2C562&amp;ssl=1 400w, https:\/\/i0.wp.com\/www.o-p-i.fr\/parlonsen\/wp-content\/uploads\/Oxit-1.jpg?resize=430%2C604&amp;ssl=1 430w, https:\/\/i0.wp.com\/www.o-p-i.fr\/parlonsen\/wp-content\/uploads\/Oxit-1.jpg?resize=150%2C211&amp;ssl=1 150w, https:\/\/i0.wp.com\/www.o-p-i.fr\/parlonsen\/wp-content\/uploads\/Oxit-1.jpg?resize=100%2C141&amp;ssl=1 100w\" sizes=\"auto, (max-width: 624px) 100vw, 624px\" \/><\/p>\n<div>\n<div align=\"center\">\n<div align=\"left\">\n<div align=\"left\"><span style=\"color: #134f5c;\"><a href=\"http:\/\/www.oxit.fr\" target=\"_blank\" rel=\"noopener\"><span style=\"font-family: verdana, helvetica, sans-serif;\"><i><b>BRASSERIE OXIT<\/b><\/i><\/span><\/a><br \/>\n<span style=\"font-family: verdana, helvetica, sans-serif;\"><i><span style=\"font-size: small;\">Fabrique de bi\u00e8res et limonades artisanales<\/span><\/i><\/span><\/span><\/div>\n<div align=\"left\"><b>La boutique\u00a0de la brasserie est ouverte\u00a0du\u00a0<\/b><b>mardi au\u00a0samedi\u00a0<\/b><\/div>\n<div align=\"left\">Novembre \u00e0 mars: de 9h30 \u00e0 12h30\u00a0et de\u00a014h30 \u00e0 18h30<\/div>\n<div align=\"left\"><span style=\"color: #990000; font-family: Helvetica, Arial, sans-serif;\">Avril \u00e0 octobre:\u00a0<\/span>de 9h30 \u00e0 12h30\u00a0et de\u00a015h \u00e0 19h<span style=\"color: #990000; font-family: Helvetica, Arial, sans-serif;\"><b><br \/>\n<\/b><\/span><span style=\"font-size: small;\">Zone Artisanale La Rivi\u00e8re &#8211; 81630 BEAUVAIS SUR TESCOU<\/span><\/div>\n<div align=\"left\"><span style=\"color: #134f5c;\"><i><span style=\"font-size: small;\"><span style=\"font-family: verdana, helvetica, sans-serif;\">TEL: 05.63.40.81.01<\/span><\/span><\/i><br \/>\n<i><span style=\"font-size: small;\"><span style=\"font-family: verdana, helvetica, sans-serif;\">PORTABLE: 06.62.26.16.62<\/span><\/span><\/i><\/span><\/div>\n<div align=\"left\"><em>Information communiqu\u00e9e par Emilie CHAVENT<\/em><\/div>\n<\/div>\n<\/div>\n<\/div>\n<div align=\"left\"><\/div>\n<div align=\"left\"><a href=\"http:\/\/www.o-p-i.fr\/parlonsen\/agenda\/\">Retrouvez tous les \u00e9v\u00e9nements dans l&rsquo;agenda !<\/a><\/div>\n","protected":false},"excerpt":{"rendered":"<div class=\"mh-excerpt\">Vendredi 8 d\u00e9cembre 2023, \u00e0 partir de 19h. \u00e0 la brasserie Oxit.<\/div>\n","protected":false},"author":4,"featured_media":0,"comment_status":"open","ping_status":"open","sticky":false,"template":"","format":"standard","meta":{"om_disable_all_campaigns":false,"advanced_seo_description":"","jetpack_seo_html_title":"","jetpack_seo_noindex":false,"_jetpack_memberships_contains_paid_content":false,"footnotes":"","_links_to":"","_links_to_target":""},"categories":[28,54,5658,6],"tags":[43,2156,2676,5814,5815],"class_list":{"0":"post-56487","1":"post","2":"type-post","3":"status-publish","4":"format-standard","6":"category-beauvais-sur-tescou","7":"category-loisirs","8":"category-n-213-decembre-2023","9":"category-pratique","10":"tag-concert","11":"tag-brasserie","12":"tag-oxit","13":"tag-after-work","14":"tag-pop-rock-celtique"},"jetpack_featured_media_url":"","views":{"total":0,"cached_at":"","cached_date":1738329285},"jetpack_likes_enabled":true,"jetpack_sharing_enabled":true,"jetpack_shortlink":"https:\/\/wp.me\/pg7Wxj-eH5","jetpack-related-posts":[],"_links":{"self":[{"href":"https:\/\/www.o-p-i.fr\/parlonsen\/wp-json\/wp\/v2\/posts\/56487","targetHints":{"allow":["GET"]}}],"collection":[{"href":"https:\/\/www.o-p-i.fr\/parlonsen\/wp-json\/wp\/v2\/posts"}],"about":[{"href":"https:\/\/www.o-p-i.fr\/parlonsen\/wp-json\/wp\/v2\/types\/post"}],"author":[{"embeddable":true,"href":"https:\/\/www.o-p-i.fr\/parlonsen\/wp-json\/wp\/v2\/users\/4"}],"replies":[{"embeddable":true,"href":"https:\/\/www.o-p-i.fr\/parlonsen\/wp-json\/wp\/v2\/comments?post=56487"}],"version-history":[{"count":1,"href":"https:\/\/www.o-p-i.fr\/parlonsen\/wp-json\/wp\/v2\/posts\/56487\/revisions"}],"predecessor-version":[{"id":67404,"href":"https:\/\/www.o-p-i.fr\/parlonsen\/wp-json\/wp\/v2\/posts\/56487\/revisions\/67404"}],"wp:attachment":[{"href":"https:\/\/www.o-p-i.fr\/parlonsen\/wp-json\/wp\/v2\/media?parent=56487"}],"wp:term":[{"taxonomy":"category","embeddable":true,"href":"https:\/\/www.o-p-i.fr\/parlonsen\/wp-json\/wp\/v2\/categories?post=56487"},{"taxonomy":"post_tag","embeddable":true,"href":"https:\/\/www.o-p-i.fr\/parlonsen\/wp-json\/wp\/v2\/tags?post=56487"}],"curies":[{"name":"wp","href":"https:\/\/api.w.org\/{rel}","templated":true}]}}