{"id":56731,"date":"2023-12-14T18:52:33","date_gmt":"2023-12-14T17:52:33","guid":{"rendered":"https:\/\/www.o-p-i.fr\/parlonsen\/?p=56731"},"modified":"2023-12-14T18:52:33","modified_gmt":"2023-12-14T17:52:33","slug":"soiree-de-cloture-a-salvagnac-81","status":"publish","type":"post","link":"https:\/\/www.o-p-i.fr\/parlonsen\/parlons-en\/pratique\/soiree-de-cloture-a-salvagnac-81\/","title":{"rendered":"Soir\u00e9e de cloture &#8230; \u00e0 Salvagnac (81)"},"content":{"rendered":"<p><strong>Vendredi 22 d\u00e9cembre 2023<\/strong>, \u00e0 partir de 19h.caf\u00e9 Au Bord du Monde.<!--more--><\/p>\n<p><img data-recalc-dims=\"1\" loading=\"lazy\" decoding=\"async\" class=\"alignright size-full wp-image-56732\" src=\"https:\/\/i0.wp.com\/www.o-p-i.fr\/parlonsen\/wp-content\/uploads\/cloture.jpg?resize=425%2C222&#038;ssl=1\" alt=\"\" width=\"425\" height=\"222\" srcset=\"https:\/\/i0.wp.com\/www.o-p-i.fr\/parlonsen\/wp-content\/uploads\/cloture.jpg?w=425&amp;ssl=1 425w, https:\/\/i0.wp.com\/www.o-p-i.fr\/parlonsen\/wp-content\/uploads\/cloture.jpg?resize=300%2C157&amp;ssl=1 300w, https:\/\/i0.wp.com\/www.o-p-i.fr\/parlonsen\/wp-content\/uploads\/cloture.jpg?resize=400%2C209&amp;ssl=1 400w, https:\/\/i0.wp.com\/www.o-p-i.fr\/parlonsen\/wp-content\/uploads\/cloture.jpg?resize=150%2C78&amp;ssl=1 150w, https:\/\/i0.wp.com\/www.o-p-i.fr\/parlonsen\/wp-content\/uploads\/cloture.jpg?resize=100%2C52&amp;ssl=1 100w\" sizes=\"auto, (max-width: 425px) 100vw, 425px\" \/>\u00a0Alors ce samedi 16, c&rsquo;est ALIGO ! (Merci G pour la spatule en bois)<br \/>\nEn tout cas, vous \u00eates nombreu-ses \u00e0 admirer notre sapin 2023 post\u00e9 sur les All\u00e9es. Les cadeaux ne sont pas \u00e0 son pied mais bien en int\u00e9rieur pour cause d&rsquo;humidit\u00e9 !<br \/>\nDes cadeaux \u00e0 la pelle avec toute notre s\u00e9lection \u00e0 prix caviste (pour renforcer votre pouvoir d&rsquo;acheter comme le stipule notre gouvernement ch\u00e9ri, nous avons revu les tarifs \u00e0 la baisse avec marteau et burin). C&rsquo;est notre amour de la sculpture !<br \/>\nSans oublier des bons cadeaux DU PLAISIR EN BAR \u00e0 offrir, au montant de votre choix.<br \/>\nParce que les bons comptoirs font les bons ami-es, alors on ne s&rsquo;en privera pas .<br \/>\nMais attention&#8230;ce sera jusqu&rsquo;au 22 d\u00e9cembre inclus, puisque nous fermerons le Bord du monde pour nos <strong>cong\u00e9s annuels (23 d\u00e9cembre 2023\u00a0 au 16 janvier 2024).<\/strong><br \/>\nAlors pour f\u00eater ces vacances en fanfare, <strong>DJ SOKA<\/strong> viendra nous faire sautiller les guiboles. Chaleur chaleur et boule \u00e0 facettes&#8230;<\/p>\n<p><img data-recalc-dims=\"1\" loading=\"lazy\" decoding=\"async\" class=\"alignleft wp-image-46799\" src=\"https:\/\/i0.wp.com\/www.o-p-i.fr\/parlonsen\/wp-content\/uploads\/Bord-monde.jpg?resize=150%2C149&#038;ssl=1\" alt=\"\" width=\"150\" height=\"149\" srcset=\"https:\/\/i0.wp.com\/www.o-p-i.fr\/parlonsen\/wp-content\/uploads\/Bord-monde.jpg?w=227&amp;ssl=1 227w, https:\/\/i0.wp.com\/www.o-p-i.fr\/parlonsen\/wp-content\/uploads\/Bord-monde.jpg?resize=150%2C150&amp;ssl=1 150w\" sizes=\"auto, (max-width: 150px) 100vw, 150px\" \/><\/p>\n<p><em><br \/>\nInformation communiqu\u00e9e par Yvan<\/em><\/p>\n<p><a href=\"http:\/\/www.o-p-i.fr\/parlonsen\/agenda\/\">Retrouvez tous les \u00e9v\u00e9nements dans l&rsquo;agenda !<\/a><\/p>\n<p><strong>cong\u00e9s annuels (du 23 d\u00e9cembre 2023\u00a0 au 16 janvier 2024).<\/strong><\/p>\n","protected":false},"excerpt":{"rendered":"<div class=\"mh-excerpt\">Vendredi 22 d\u00e9cembre 2023, \u00e0 partir de 19h.caf\u00e9 Au Bord du Monde.<\/div>\n","protected":false},"author":4,"featured_media":0,"comment_status":"open","ping_status":"open","sticky":false,"template":"","format":"standard","meta":{"om_disable_all_campaigns":false,"advanced_seo_description":"","jetpack_seo_html_title":"","jetpack_seo_noindex":false,"_jetpack_memberships_contains_paid_content":false,"footnotes":"","_links_to":"","_links_to_target":""},"categories":[54,5658,6,25],"tags":[2548,3830,5863],"class_list":{"0":"post-56731","1":"post","2":"type-post","3":"status-publish","4":"format-standard","6":"category-loisirs","7":"category-n-213-decembre-2023","8":"category-pratique","9":"category-salvagnac","10":"tag-salvagnac","11":"tag-cafe-au-bord-du-monde","12":"tag-cloture"},"jetpack_featured_media_url":"","views":{"total":0,"cached_at":"","cached_date":1738230482},"jetpack_likes_enabled":true,"jetpack_sharing_enabled":true,"jetpack_shortlink":"https:\/\/wp.me\/pg7Wxj-eL1","jetpack-related-posts":[],"_links":{"self":[{"href":"https:\/\/www.o-p-i.fr\/parlonsen\/wp-json\/wp\/v2\/posts\/56731","targetHints":{"allow":["GET"]}}],"collection":[{"href":"https:\/\/www.o-p-i.fr\/parlonsen\/wp-json\/wp\/v2\/posts"}],"about":[{"href":"https:\/\/www.o-p-i.fr\/parlonsen\/wp-json\/wp\/v2\/types\/post"}],"author":[{"embeddable":true,"href":"https:\/\/www.o-p-i.fr\/parlonsen\/wp-json\/wp\/v2\/users\/4"}],"replies":[{"embeddable":true,"href":"https:\/\/www.o-p-i.fr\/parlonsen\/wp-json\/wp\/v2\/comments?post=56731"}],"version-history":[{"count":0,"href":"https:\/\/www.o-p-i.fr\/parlonsen\/wp-json\/wp\/v2\/posts\/56731\/revisions"}],"wp:attachment":[{"href":"https:\/\/www.o-p-i.fr\/parlonsen\/wp-json\/wp\/v2\/media?parent=56731"}],"wp:term":[{"taxonomy":"category","embeddable":true,"href":"https:\/\/www.o-p-i.fr\/parlonsen\/wp-json\/wp\/v2\/categories?post=56731"},{"taxonomy":"post_tag","embeddable":true,"href":"https:\/\/www.o-p-i.fr\/parlonsen\/wp-json\/wp\/v2\/tags?post=56731"}],"curies":[{"name":"wp","href":"https:\/\/api.w.org\/{rel}","templated":true}]}}