{"id":56734,"date":"2023-12-14T19:17:49","date_gmt":"2023-12-14T18:17:49","guid":{"rendered":"https:\/\/www.o-p-i.fr\/parlonsen\/?p=56734"},"modified":"2023-12-14T19:17:49","modified_gmt":"2023-12-14T18:17:49","slug":"un-pont-au-dessus-de-locean-documentaire-a-monclar-de-quercy-82","status":"publish","type":"post","link":"https:\/\/www.o-p-i.fr\/parlonsen\/parlons-en\/culture\/un-pont-au-dessus-de-locean-documentaire-a-monclar-de-quercy-82\/","title":{"rendered":"\u00ab\u00a0Un pont au dessus de l&rsquo;oc\u00e9an\u00a0\u00bb, documentaire &#8230;\u00e0 Monclar de Quercy (82)"},"content":{"rendered":"<p><strong>Vendredi 15 d\u00e9cembre 2023<\/strong>, \u00e0 20h.30 au cin\u00e9ma de Monclar.<!--more--><\/p>\n<p><strong>Un pont au dessus de l&rsquo;oc\u00e9an\u00a0<\/strong> Documentaire de Francis Fourcou (1h 40) Suivi d&rsquo;une rencontre avec le r\u00e9alisateur.<br \/>\nCe documentaire sera pr\u00e9sent\u00e9 par son r\u00e9alisateur, qui r\u00e9pondra \u00e0 vos questions en fin de s\u00e9ance.<\/p>\n<p>Des grandes plaines osages d\u2019Oklahoma aux montagnes d\u2019Occitanie, deux cultures autochtones se parlent et se r\u00e9pondent. Deux femmes nous racontent deux cultures autochtones aux langues menac\u00e9es. Isabelle l\u2019occitane chez les osages, Chelsea, l\u2019Osage chez les occitans, parcourant les paysages et l\u2019histoire des plaines d\u2019Am\u00e9rique et des montagnes d\u2019Occitanie.<\/p>\n<p><img data-recalc-dims=\"1\" loading=\"lazy\" decoding=\"async\" class=\"aligncenter size-full wp-image-56735\" src=\"https:\/\/i0.wp.com\/www.o-p-i.fr\/parlonsen\/wp-content\/uploads\/Monclar-un-pont.jpg?resize=624%2C883&#038;ssl=1\" alt=\"\" width=\"624\" height=\"883\" srcset=\"https:\/\/i0.wp.com\/www.o-p-i.fr\/parlonsen\/wp-content\/uploads\/Monclar-un-pont.jpg?w=624&amp;ssl=1 624w, https:\/\/i0.wp.com\/www.o-p-i.fr\/parlonsen\/wp-content\/uploads\/Monclar-un-pont.jpg?resize=212%2C300&amp;ssl=1 212w, https:\/\/i0.wp.com\/www.o-p-i.fr\/parlonsen\/wp-content\/uploads\/Monclar-un-pont.jpg?resize=400%2C566&amp;ssl=1 400w, https:\/\/i0.wp.com\/www.o-p-i.fr\/parlonsen\/wp-content\/uploads\/Monclar-un-pont.jpg?resize=430%2C608&amp;ssl=1 430w, https:\/\/i0.wp.com\/www.o-p-i.fr\/parlonsen\/wp-content\/uploads\/Monclar-un-pont.jpg?resize=150%2C212&amp;ssl=1 150w, https:\/\/i0.wp.com\/www.o-p-i.fr\/parlonsen\/wp-content\/uploads\/Monclar-un-pont.jpg?resize=100%2C142&amp;ssl=1 100w\" sizes=\"auto, (max-width: 624px) 100vw, 624px\" \/><\/p>\n<p><em>Information communiqu\u00e9e par Les Amis du Cin\u00e9ma de Monclar<\/em><\/p>\n<p><a href=\"http:\/\/www.o-p-i.fr\/parlonsen\/agenda\/\">Retrouvez tous les \u00e9v\u00e9nements dans l&rsquo;agenda !<\/a><\/p>\n<p>&nbsp;<\/p>\n","protected":false},"excerpt":{"rendered":"<div class=\"mh-excerpt\">Vendredi 15 d\u00e9cembre 2023, \u00e0 20h.30 au cin\u00e9ma de Monclar.<\/div>\n","protected":false},"author":4,"featured_media":0,"comment_status":"open","ping_status":"open","sticky":false,"template":"","format":"standard","meta":{"om_disable_all_campaigns":false,"advanced_seo_description":"","jetpack_seo_html_title":"","jetpack_seo_noindex":false,"_jetpack_memberships_contains_paid_content":false,"footnotes":"","_links_to":"","_links_to_target":""},"categories":[1,16,5658,6],"tags":[110,143,4989,5864,5865],"class_list":{"0":"post-56734","1":"post","2":"type-post","3":"status-publish","4":"format-standard","6":"category-culture","7":"category-monclar","8":"category-n-213-decembre-2023","9":"category-pratique","10":"tag-documentaire","11":"tag-monclar-de-quercy","12":"tag-les-amis-du-cinema-de-monclar","13":"tag-rencontre-avec-le-realisateur","14":"tag-francis-fourcou"},"jetpack_featured_media_url":"","views":{"total":0,"cached_at":"","cached_date":1738297013},"jetpack_likes_enabled":true,"jetpack_sharing_enabled":true,"jetpack_shortlink":"https:\/\/wp.me\/pg7Wxj-eL4","jetpack-related-posts":[],"_links":{"self":[{"href":"https:\/\/www.o-p-i.fr\/parlonsen\/wp-json\/wp\/v2\/posts\/56734","targetHints":{"allow":["GET"]}}],"collection":[{"href":"https:\/\/www.o-p-i.fr\/parlonsen\/wp-json\/wp\/v2\/posts"}],"about":[{"href":"https:\/\/www.o-p-i.fr\/parlonsen\/wp-json\/wp\/v2\/types\/post"}],"author":[{"embeddable":true,"href":"https:\/\/www.o-p-i.fr\/parlonsen\/wp-json\/wp\/v2\/users\/4"}],"replies":[{"embeddable":true,"href":"https:\/\/www.o-p-i.fr\/parlonsen\/wp-json\/wp\/v2\/comments?post=56734"}],"version-history":[{"count":0,"href":"https:\/\/www.o-p-i.fr\/parlonsen\/wp-json\/wp\/v2\/posts\/56734\/revisions"}],"wp:attachment":[{"href":"https:\/\/www.o-p-i.fr\/parlonsen\/wp-json\/wp\/v2\/media?parent=56734"}],"wp:term":[{"taxonomy":"category","embeddable":true,"href":"https:\/\/www.o-p-i.fr\/parlonsen\/wp-json\/wp\/v2\/categories?post=56734"},{"taxonomy":"post_tag","embeddable":true,"href":"https:\/\/www.o-p-i.fr\/parlonsen\/wp-json\/wp\/v2\/tags?post=56734"}],"curies":[{"name":"wp","href":"https:\/\/api.w.org\/{rel}","templated":true}]}}