{"id":56773,"date":"2023-12-18T16:51:35","date_gmt":"2023-12-18T15:51:35","guid":{"rendered":"https:\/\/www.o-p-i.fr\/parlonsen\/?p=56773"},"modified":"2023-12-18T16:51:35","modified_gmt":"2023-12-18T15:51:35","slug":"a-decouvrir-la-loutre-deurope-au-pays-des-tescous","status":"publish","type":"post","link":"https:\/\/www.o-p-i.fr\/parlonsen\/parlons-en\/culture\/a-decouvrir-la-loutre-deurope-au-pays-des-tescous\/","title":{"rendered":"A d\u00e9couvrir, la loutre d&rsquo;Europe&#8230; au Pays des Tescou&rsquo;s"},"content":{"rendered":"<p><strong>Vendredi 19 et dimanche 21 janvier 2024<\/strong>, voir le programme: <!--more--><\/p>\n<p><img data-recalc-dims=\"1\" loading=\"lazy\" decoding=\"async\" class=\"alignright size-full wp-image-56774\" src=\"https:\/\/i0.wp.com\/www.o-p-i.fr\/parlonsen\/wp-content\/uploads\/loutre-1.jpg?resize=425%2C602&#038;ssl=1\" alt=\"\" width=\"425\" height=\"602\" srcset=\"https:\/\/i0.wp.com\/www.o-p-i.fr\/parlonsen\/wp-content\/uploads\/loutre-1.jpg?w=425&amp;ssl=1 425w, https:\/\/i0.wp.com\/www.o-p-i.fr\/parlonsen\/wp-content\/uploads\/loutre-1.jpg?resize=212%2C300&amp;ssl=1 212w, https:\/\/i0.wp.com\/www.o-p-i.fr\/parlonsen\/wp-content\/uploads\/loutre-1.jpg?resize=400%2C567&amp;ssl=1 400w, https:\/\/i0.wp.com\/www.o-p-i.fr\/parlonsen\/wp-content\/uploads\/loutre-1.jpg?resize=150%2C212&amp;ssl=1 150w, https:\/\/i0.wp.com\/www.o-p-i.fr\/parlonsen\/wp-content\/uploads\/loutre-1.jpg?resize=100%2C142&amp;ssl=1 100w\" sizes=\"auto, (max-width: 425px) 100vw, 425px\" \/>Pour la rentr\u00e9e 2024 et pour se \u00ab d\u00e9gourdir les jambes \u00bb apr\u00e8s les f\u00eates de fin d\u2019ann\u00e9e, le CPIE Quercy Garonne, la SSNTG 82 et l\u2019OFB 82 vous invitent \u00e0 2 \u00e9v\u00e9nements passionnants pour faire la connaissance d\u2019un animal secret, \u00e0 pr\u00e9server, de retour en Tarn-et-Garonne : La Loutre d\u2019Europe !<\/p>\n<ul>\n<li><strong>Vendredi 19 janvier 2024<\/strong> : en entr\u00e9e libre et gratuite \u00e0 l\u2019Espace des Augustins (27 rue des Augustins) \u00e0 Montauban \u00e0 20h30, une soir\u00e9e conf\u00e9rence\/d\u00e9bat \u00ab La Loutre d\u2019Europe : habitats et dynamique en Tarn et Garonne \u00bb anim\u00e9e par la Gilles B\u00e9chard (SSNTG), L\u2019OFB 82 et Philippe Mannella (CPIE Quercy Garonne)<\/li>\n<li><strong>Dimanche 21 janvier 2024<\/strong> : gratuit <span style=\"color: #ff0000;\">sur r\u00e9servation<\/span> (20 places), une journ\u00e9e de terrain \u00abInitiation Loutre\u00bb, anim\u00e9e par Gilles B\u00e9chard (SSNTG) et Philippe Mannella (CPIE Quercy Garonne) :\n<ul>\n<li>10h \u00e0 12h : balade nature initiation \u00e0 la prospection de Loutre sur le Secteur Bruniquel<\/li>\n<li>12h \u00e0 13h30 : repas tir\u00e9 du sac (Bruniquel)<\/li>\n<li>13h30 \u00e0 16h30 : prospection loutres par groupes de 4 \u00e0 5 personnes (covoiturage \u00e0 pr\u00e9voir) sur des secteurs de rivi\u00e8res \u00e0 Monclar, St Etienne de Tulmont, Vaissac et Genebri\u00e8re<\/li>\n<li>16h30 \u00e0 17h : gouter \u00ab\u00a0d\u00e9briefing\u00a0\u00bb des r\u00e9sultats des prospections (Vaissac)<\/li>\n<\/ul>\n<\/li>\n<\/ul>\n<p>Pour plus de renseignements:<br \/>\nAssociation Al Pa\u00efs de Boneta<br \/>\nL\u2019\u00e9quipe du CPIE Quercy Garonne<br \/>\nLabarthe \u2013 82160 CAYLUS<br \/>\nT\u00e9l : 05 63 24 06 26<br \/>\nEmail : <a href=\"mailto:cpiequercygaronne@orange.fr\" target=\"_blank\" rel=\"noopener\">cpiequercygaronne@orange.fr<\/a><\/p>\n<p>Site : www.cpiequercygaronne.fr<\/p>\n<p>Le CPIE sera ferm\u00e9 pendant les f\u00eates de fin d\u2019ann\u00e9e du mardi 26 d\u00e9cembre au lundi 1er janvier inclus.<br \/>\nNous vous remercions pour votre compr\u00e9hension et vous souhaitons de belles f\u00eates !<\/p>\n<p><em>Information communiqu\u00e9e par l&rsquo;association Al pa\u00cfs de Boneta<\/em><\/p>\n<p><a href=\"http:\/\/www.o-p-i.fr\/parlonsen\/agenda\/\">Retrouvez tous les \u00e9v\u00e9nements dans l&rsquo;agenda !<\/a><\/p>\n","protected":false},"excerpt":{"rendered":"<div class=\"mh-excerpt\">Vendredi 19 et dimanche 21 janvier 2024, voir le programme:<\/div>\n","protected":false},"author":4,"featured_media":0,"comment_status":"open","ping_status":"open","sticky":false,"template":"","format":"standard","meta":{"om_disable_all_campaigns":false,"advanced_seo_description":"","jetpack_seo_html_title":"","jetpack_seo_noindex":false,"_jetpack_memberships_contains_paid_content":false,"footnotes":"","_links_to":"","_links_to_target":""},"categories":[828,1,55,6,5858],"tags":[2541,99,171,203,315,5871,5872],"class_list":{"0":"post-56773","1":"post","2":"type-post","3":"status-publish","4":"format-standard","6":"category-au-pays-des-tescous","7":"category-culture","8":"category-environnement","9":"category-pratique","10":"category-n-214-janvier-2024","11":"tag-monclar","12":"tag-montauban","13":"tag-bruniquel","14":"tag-saint-etienne-de-tulmont","15":"tag-vaissac","16":"tag-la-loutre-deurope","17":"tag-genebriere"},"jetpack_featured_media_url":"","views":{"total":6,"cached_at":"","cached_date":1738525536},"jetpack_likes_enabled":true,"jetpack_sharing_enabled":true,"jetpack_shortlink":"https:\/\/wp.me\/pg7Wxj-eLH","jetpack-related-posts":[],"_links":{"self":[{"href":"https:\/\/www.o-p-i.fr\/parlonsen\/wp-json\/wp\/v2\/posts\/56773","targetHints":{"allow":["GET"]}}],"collection":[{"href":"https:\/\/www.o-p-i.fr\/parlonsen\/wp-json\/wp\/v2\/posts"}],"about":[{"href":"https:\/\/www.o-p-i.fr\/parlonsen\/wp-json\/wp\/v2\/types\/post"}],"author":[{"embeddable":true,"href":"https:\/\/www.o-p-i.fr\/parlonsen\/wp-json\/wp\/v2\/users\/4"}],"replies":[{"embeddable":true,"href":"https:\/\/www.o-p-i.fr\/parlonsen\/wp-json\/wp\/v2\/comments?post=56773"}],"version-history":[{"count":0,"href":"https:\/\/www.o-p-i.fr\/parlonsen\/wp-json\/wp\/v2\/posts\/56773\/revisions"}],"wp:attachment":[{"href":"https:\/\/www.o-p-i.fr\/parlonsen\/wp-json\/wp\/v2\/media?parent=56773"}],"wp:term":[{"taxonomy":"category","embeddable":true,"href":"https:\/\/www.o-p-i.fr\/parlonsen\/wp-json\/wp\/v2\/categories?post=56773"},{"taxonomy":"post_tag","embeddable":true,"href":"https:\/\/www.o-p-i.fr\/parlonsen\/wp-json\/wp\/v2\/tags?post=56773"}],"curies":[{"name":"wp","href":"https:\/\/api.w.org\/{rel}","templated":true}]}}