{"id":56804,"date":"2023-12-21T23:42:18","date_gmt":"2023-12-21T22:42:18","guid":{"rendered":"https:\/\/www.o-p-i.fr\/parlonsen\/?p=56804"},"modified":"2023-12-21T23:54:37","modified_gmt":"2023-12-21T22:54:37","slug":"hauts-les-mots-atelier-de-lecture-a-haute-voix-a-monclar-de-quercy-82-2","status":"publish","type":"post","link":"https:\/\/www.o-p-i.fr\/parlonsen\/parlons-en\/pratique\/hauts-les-mots-atelier-de-lecture-a-haute-voix-a-monclar-de-quercy-82-2\/","title":{"rendered":"\u00ab\u00a0Hauts les mots !\u00a0\u00bb, atelier de lecture \u00e0 haute voix&#8230; \u00e0 Monclar de Quercy (82)"},"content":{"rendered":"<p><strong>Programme 1er semestre 2024<\/strong>, \u00e0 l&rsquo;aMICHEmin: <!--more--><\/p>\n<p>Voici les infos et dates des prochains ateliers de lecture \u00e0 Monclar de Quercy<\/p>\n<p><img data-recalc-dims=\"1\" loading=\"lazy\" decoding=\"async\" class=\"alignright size-full wp-image-56805\" src=\"https:\/\/i0.wp.com\/www.o-p-i.fr\/parlonsen\/wp-content\/uploads\/lecture-3.jpg?resize=425%2C390&#038;ssl=1\" alt=\"\" width=\"425\" height=\"390\" srcset=\"https:\/\/i0.wp.com\/www.o-p-i.fr\/parlonsen\/wp-content\/uploads\/lecture-3.jpg?w=425&amp;ssl=1 425w, https:\/\/i0.wp.com\/www.o-p-i.fr\/parlonsen\/wp-content\/uploads\/lecture-3.jpg?resize=300%2C275&amp;ssl=1 300w, https:\/\/i0.wp.com\/www.o-p-i.fr\/parlonsen\/wp-content\/uploads\/lecture-3.jpg?resize=400%2C367&amp;ssl=1 400w, https:\/\/i0.wp.com\/www.o-p-i.fr\/parlonsen\/wp-content\/uploads\/lecture-3.jpg?resize=150%2C138&amp;ssl=1 150w, https:\/\/i0.wp.com\/www.o-p-i.fr\/parlonsen\/wp-content\/uploads\/lecture-3.jpg?resize=100%2C92&amp;ssl=1 100w\" sizes=\"auto, (max-width: 425px) 100vw, 425px\" \/>Atelier de lecture \u00e0 haute voix : \u00ab\u00a0Hauts les mots !\u00a0\u00bb<br \/>\nD\u00e9couvrez la litt\u00e9rature en jouant du corps, de l&rsquo;intelligence, de la sensibilit\u00e9,<br \/>\net du souffle et de la voix pour donner \u00e0 entendre des textes contemporains.<br \/>\n&#8211; D\u00e9couverte d&rsquo;auteurs et d&rsquo;autrices de fiction, contemporain.e.s.<\/p>\n<ul>\n<li>&#8211; Partage de texte sur les enjeux et le comment de la lecture \u00e0 haute voix.<\/li>\n<li>&#8211; Temps d&rsquo;\u00e9chauffement collectifs et ludiques<\/li>\n<li>&#8211; et lecture seul ou \u00e0 plusieurs<br \/>\nsont au menu de ces ateliers, dans une ambiance chercheuse et joyeuse&#8230; !<\/li>\n<\/ul>\n<p>Il se tiendra au caf\u00e9 associatif de l&rsquo;aMICHEmin, 15 rue du Miech \u00e0 Monclar-de-Quercy ,<br \/>\n<strong>les mardis, de 14 h 30 \u00e0 16 h30<\/strong> :<\/p>\n<ul>\n<li>9 janvier 2024<\/li>\n<li>6 f\u00e9vrier 2024<\/li>\n<li>12 mars 2024<br \/>\npour ce trimestre.<\/li>\n<\/ul>\n<p>Ouvert \u00e0 tous. 16 euros la s\u00e9ance. Une s\u00e9ance de d\u00e9couverte gratuite.<br \/>\nAdh\u00e9sion \u00e0 l&rsquo;association n\u00e9cessaire d\u00e8s la 1\u00e8re s\u00e9ance.<br \/>\nMERCI de me signaler votre venue.<br \/>\n<strong>Infos et inscription<\/strong> : 06 77 99 52 05 &#8211; <a href=\"mailto:faribolisa@gmail.com\" target=\"_blank\" rel=\"noopener\">faribolisa@gmail.com<\/a><\/p>\n<p>&#8212;<br \/>\nIsabelle Jannot<br \/>\n06 77 99 52 05<br \/>\n<strong>paroles et fariboles<\/strong><br \/>\n<a href=\"https:\/\/isabellejannot.wixsite.com\/isabellejannot\" target=\"_blank\" rel=\"noopener\">https:\/\/isabellejannot.wixsite.com\/isabellejannot<\/a><br \/>\n<a href=\"https:\/\/www.tisseursdemots.org\/Ecriture-et-tissage-textures-III-Fil-matiere.html\" target=\"_blank\" rel=\"noopener\">https:\/\/www.tisseursdemots.org\/Ecriture-et-tissage-textures-III-Fil-matiere.html<\/a><br \/>\n<a href=\"https:\/\/www.tisseursdemots.org\/Espaces-d-ecriture-1136.html\" target=\"_blank\" rel=\"noopener\">https:\/\/www.tisseursdemots.org\/Espaces-d-ecriture-1136.html<\/a><\/p>\n<p><em>Celui qui n&rsquo;est pas occup\u00e9 \u00e0 naitre<\/em><br \/>\n<em>est occup\u00e9 \u00e0 mourir. <strong>Bob Dylan<\/strong><\/em><\/p>\n<p><em>Information communiqu\u00e9e par Isabelle JANNOT<\/em><\/p>\n<p><a href=\"http:\/\/www.o-p-i.fr\/parlonsen\/agenda\/\">Retrouvez tous les \u00e9v\u00e9nements dans l&rsquo;agenda !<\/a><\/p>\n","protected":false},"excerpt":{"rendered":"<div class=\"mh-excerpt\">Programme 1er semestre 2024, \u00e0 l&rsquo;aMICHEmin:<\/div>\n","protected":false},"author":4,"featured_media":0,"comment_status":"open","ping_status":"open","sticky":false,"template":"","format":"standard","meta":{"om_disable_all_campaigns":false,"advanced_seo_description":"","jetpack_seo_html_title":"","jetpack_seo_noindex":false,"_jetpack_memberships_contains_paid_content":false,"footnotes":"","_links_to":"","_links_to_target":""},"categories":[16,54,6,5858,5880,5881],"tags":[143,5164,5882],"class_list":{"0":"post-56804","1":"post","2":"type-post","3":"status-publish","4":"format-standard","6":"category-monclar","7":"category-loisirs","8":"category-pratique","9":"category-n-214-janvier-2024","10":"category-n-215-fevrier-2024","11":"category-n-216-mars-2024","12":"tag-monclar-de-quercy","13":"tag-lamichemin","14":"tag-atelier-lecture-a-haute-voix"},"jetpack_featured_media_url":"","views":{"total":0,"cached_at":"","cached_date":1738277910},"jetpack_likes_enabled":true,"jetpack_sharing_enabled":true,"jetpack_shortlink":"https:\/\/wp.me\/pg7Wxj-eMc","jetpack-related-posts":[],"_links":{"self":[{"href":"https:\/\/www.o-p-i.fr\/parlonsen\/wp-json\/wp\/v2\/posts\/56804","targetHints":{"allow":["GET"]}}],"collection":[{"href":"https:\/\/www.o-p-i.fr\/parlonsen\/wp-json\/wp\/v2\/posts"}],"about":[{"href":"https:\/\/www.o-p-i.fr\/parlonsen\/wp-json\/wp\/v2\/types\/post"}],"author":[{"embeddable":true,"href":"https:\/\/www.o-p-i.fr\/parlonsen\/wp-json\/wp\/v2\/users\/4"}],"replies":[{"embeddable":true,"href":"https:\/\/www.o-p-i.fr\/parlonsen\/wp-json\/wp\/v2\/comments?post=56804"}],"version-history":[{"count":0,"href":"https:\/\/www.o-p-i.fr\/parlonsen\/wp-json\/wp\/v2\/posts\/56804\/revisions"}],"wp:attachment":[{"href":"https:\/\/www.o-p-i.fr\/parlonsen\/wp-json\/wp\/v2\/media?parent=56804"}],"wp:term":[{"taxonomy":"category","embeddable":true,"href":"https:\/\/www.o-p-i.fr\/parlonsen\/wp-json\/wp\/v2\/categories?post=56804"},{"taxonomy":"post_tag","embeddable":true,"href":"https:\/\/www.o-p-i.fr\/parlonsen\/wp-json\/wp\/v2\/tags?post=56804"}],"curies":[{"name":"wp","href":"https:\/\/api.w.org\/{rel}","templated":true}]}}