{"id":56814,"date":"2023-12-22T18:43:50","date_gmt":"2023-12-22T17:43:50","guid":{"rendered":"https:\/\/www.o-p-i.fr\/parlonsen\/?p=56814"},"modified":"2023-12-22T18:43:50","modified_gmt":"2023-12-22T17:43:50","slug":"graines-de-programmateurs-a-vaour-81","status":"publish","type":"post","link":"https:\/\/www.o-p-i.fr\/parlonsen\/localisation\/a-cote-de-chez-nous\/graines-de-programmateurs-a-vaour-81\/","title":{"rendered":"\u00ab\u00a0Graines de programmateurs\u00a0\u00bb &#8230; \u00e0  Vaour (81)"},"content":{"rendered":"<p>Premier rendez-vous rencontre et pr\u00e9sentation le <strong>vendredi 9 f\u00e9vrier 2024<\/strong> \u00e0 18h. <!--more--><\/p>\n<p>L&rsquo;\u00e9t\u00e9 de Vaour lance les inscriptions pour constituer un nouveau groupe de \u00ab\u00a0Graines de programmateurs\u00a0\u00bb : un parcours gratuit autour du spectacle vivant pour quinze jeunes de 11 \u00e0 14 ans, de f\u00e9vrier \u00e0 septembre prochain.<br \/>\nMerci de diffuser l&rsquo;information afin que le maximum de jeunes du territoire puisse en avoir connaissance. <strong>Renseignements et inscriptions avant le 31 janvier<\/strong> <strong>2024.<\/strong><br \/>\nL&rsquo;\u00e9quipe de L&rsquo;\u00e9t\u00e9 de Vaour<\/p>\n<p><img data-recalc-dims=\"1\" loading=\"lazy\" decoding=\"async\" class=\"aligncenter size-full wp-image-56815\" src=\"https:\/\/i0.wp.com\/www.o-p-i.fr\/parlonsen\/wp-content\/uploads\/graines.jpg?resize=624%2C905&#038;ssl=1\" alt=\"\" width=\"624\" height=\"905\" srcset=\"https:\/\/i0.wp.com\/www.o-p-i.fr\/parlonsen\/wp-content\/uploads\/graines.jpg?w=624&amp;ssl=1 624w, https:\/\/i0.wp.com\/www.o-p-i.fr\/parlonsen\/wp-content\/uploads\/graines.jpg?resize=207%2C300&amp;ssl=1 207w, https:\/\/i0.wp.com\/www.o-p-i.fr\/parlonsen\/wp-content\/uploads\/graines.jpg?resize=400%2C580&amp;ssl=1 400w, https:\/\/i0.wp.com\/www.o-p-i.fr\/parlonsen\/wp-content\/uploads\/graines.jpg?resize=430%2C624&amp;ssl=1 430w, https:\/\/i0.wp.com\/www.o-p-i.fr\/parlonsen\/wp-content\/uploads\/graines.jpg?resize=150%2C218&amp;ssl=1 150w, https:\/\/i0.wp.com\/www.o-p-i.fr\/parlonsen\/wp-content\/uploads\/graines.jpg?resize=100%2C145&amp;ssl=1 100w\" sizes=\"auto, (max-width: 624px) 100vw, 624px\" \/><\/p>\n<p><em>Information communiqu\u00e9e par \u00a0C\u00e9line LALLEMAND\u00a0<\/em><\/p>\n<p><a href=\"http:\/\/www.o-p-i.fr\/parlonsen\/agenda\/\">Retrouvez tous les \u00e9v\u00e9nements dans l&rsquo;agenda !<\/a><\/p>\n","protected":false},"excerpt":{"rendered":"<div class=\"mh-excerpt\">Premier rendez-vous rencontre et pr\u00e9sentation le vendredi 9 f\u00e9vrier 2024 \u00e0 18h.<\/div>\n","protected":false},"author":4,"featured_media":0,"comment_status":"open","ping_status":"open","sticky":false,"template":"","format":"standard","meta":{"om_disable_all_campaigns":false,"advanced_seo_description":"","jetpack_seo_html_title":"","jetpack_seo_noindex":false,"_jetpack_memberships_contains_paid_content":false,"footnotes":"","_links_to":"","_links_to_target":""},"categories":[42,725,54,5880],"tags":[3210,5884,187],"class_list":{"0":"post-56814","1":"post","2":"type-post","3":"status-publish","4":"format-standard","6":"category-a-cote-de-chez-nous","7":"category-formation-parlons-en","8":"category-loisirs","9":"category-n-215-fevrier-2024","10":"tag-lete-de-vaour","11":"tag-spectacle-vivant","12":"tag-vaour"},"jetpack_featured_media_url":"","views":{"total":0,"cached_at":"","cached_date":1738469471},"jetpack_likes_enabled":true,"jetpack_sharing_enabled":true,"jetpack_shortlink":"https:\/\/wp.me\/pg7Wxj-eMm","jetpack-related-posts":[],"_links":{"self":[{"href":"https:\/\/www.o-p-i.fr\/parlonsen\/wp-json\/wp\/v2\/posts\/56814","targetHints":{"allow":["GET"]}}],"collection":[{"href":"https:\/\/www.o-p-i.fr\/parlonsen\/wp-json\/wp\/v2\/posts"}],"about":[{"href":"https:\/\/www.o-p-i.fr\/parlonsen\/wp-json\/wp\/v2\/types\/post"}],"author":[{"embeddable":true,"href":"https:\/\/www.o-p-i.fr\/parlonsen\/wp-json\/wp\/v2\/users\/4"}],"replies":[{"embeddable":true,"href":"https:\/\/www.o-p-i.fr\/parlonsen\/wp-json\/wp\/v2\/comments?post=56814"}],"version-history":[{"count":0,"href":"https:\/\/www.o-p-i.fr\/parlonsen\/wp-json\/wp\/v2\/posts\/56814\/revisions"}],"wp:attachment":[{"href":"https:\/\/www.o-p-i.fr\/parlonsen\/wp-json\/wp\/v2\/media?parent=56814"}],"wp:term":[{"taxonomy":"category","embeddable":true,"href":"https:\/\/www.o-p-i.fr\/parlonsen\/wp-json\/wp\/v2\/categories?post=56814"},{"taxonomy":"post_tag","embeddable":true,"href":"https:\/\/www.o-p-i.fr\/parlonsen\/wp-json\/wp\/v2\/tags?post=56814"}],"curies":[{"name":"wp","href":"https:\/\/api.w.org\/{rel}","templated":true}]}}