{"id":56817,"date":"2023-12-26T11:31:58","date_gmt":"2023-12-26T10:31:58","guid":{"rendered":"https:\/\/www.o-p-i.fr\/parlonsen\/?p=56817"},"modified":"2023-12-26T11:40:24","modified_gmt":"2023-12-26T10:40:24","slug":"atelier-decriture-creative-le-grain-des-mots-a-monclar-de-quercy-82","status":"publish","type":"post","link":"https:\/\/www.o-p-i.fr\/parlonsen\/parlons-en\/culture\/atelier-decriture-creative-le-grain-des-mots-a-monclar-de-quercy-82\/","title":{"rendered":"Atelier d&rsquo;Ecriture Cr\u00e9ative \u00ab\u00a0Le Grain des Mots\u00a0\u00bb&#8230; \u00e0 Monclar de QUERCY (82)"},"content":{"rendered":"<p><strong>Vendredi de 9h.30 \u00e0 11h.30<\/strong> \u00e0 la biblioth\u00e8que, voir programme: <!--more--><\/p>\n<p><strong>\u00a0Atelier d&rsquo;\u00e9criture cr\u00e9ative, \u00ab\u00a0Le grain des mots\u00a0\u00bb<\/strong><br \/>\nPrenez un temps et un espace pour rencontrer votre \u00e9criture et laissez-vous guider par les propostions et surprendre par ce que chacun.e \u00e9crit.<br \/>\nD\u00e9couvrez le plaisir de partager et d&rsquo;agrandir vos horizions.<br \/>\nOuvert \u00e0 tous. D\u00e9butants bienvenus<br \/>\nRDV la biblioth\u00e8que de Monclar-de-Quercy (\u00e0 cot\u00e9 de la mairie), <strong>un vendredi par mois de 9 h30 \u00e0 11 h30,<\/strong><br \/>\nles :<\/p>\n<ul>\n<li>12 janvier 2024<\/li>\n<li>9 f\u00e9vrier 2024<\/li>\n<li>8 mars 2024\n<p>15 euros la s\u00e9ance. (Une s\u00e9ance de d\u00e9couverte gratuite.)MERCI de me signaler votre venue.<br \/>\nInfos et inscription : 06 77 99 52 05 &#8211; <a href=\"mailto:faribolisa@gmail.com\" target=\"_blank\" rel=\"noopener\">faribolisa@gmail.com<\/a><\/li>\n<\/ul>\n<p>&nbsp;<\/p>\n<p><img data-recalc-dims=\"1\" loading=\"lazy\" decoding=\"async\" class=\"aligncenter size-full wp-image-56818\" src=\"https:\/\/i0.wp.com\/www.o-p-i.fr\/parlonsen\/wp-content\/uploads\/grain-mots.jpg?resize=624%2C467&#038;ssl=1\" alt=\"\" width=\"624\" height=\"467\" srcset=\"https:\/\/i0.wp.com\/www.o-p-i.fr\/parlonsen\/wp-content\/uploads\/grain-mots.jpg?w=624&amp;ssl=1 624w, https:\/\/i0.wp.com\/www.o-p-i.fr\/parlonsen\/wp-content\/uploads\/grain-mots.jpg?resize=300%2C225&amp;ssl=1 300w, https:\/\/i0.wp.com\/www.o-p-i.fr\/parlonsen\/wp-content\/uploads\/grain-mots.jpg?resize=400%2C299&amp;ssl=1 400w, https:\/\/i0.wp.com\/www.o-p-i.fr\/parlonsen\/wp-content\/uploads\/grain-mots.jpg?resize=430%2C322&amp;ssl=1 430w, https:\/\/i0.wp.com\/www.o-p-i.fr\/parlonsen\/wp-content\/uploads\/grain-mots.jpg?resize=150%2C112&amp;ssl=1 150w, https:\/\/i0.wp.com\/www.o-p-i.fr\/parlonsen\/wp-content\/uploads\/grain-mots.jpg?resize=100%2C75&amp;ssl=1 100w\" sizes=\"auto, (max-width: 624px) 100vw, 624px\" \/><\/p>\n<p><em>Information communiqu\u00e9e par Isabelle JANNOT<\/em><\/p>\n<p><a href=\"http:\/\/www.o-p-i.fr\/parlonsen\/agenda\/\">Retrouvez tous les \u00e9v\u00e9nements dans l&rsquo;agenda !<\/a><\/p>\n","protected":false},"excerpt":{"rendered":"<div class=\"mh-excerpt\">Vendredi de 9h.30 \u00e0 11h.30 \u00e0 la biblioth\u00e8que, voir programme:<\/div>\n","protected":false},"author":4,"featured_media":0,"comment_status":"open","ping_status":"open","sticky":false,"template":"","format":"standard","meta":{"om_disable_all_campaigns":false,"advanced_seo_description":"","jetpack_seo_html_title":"","jetpack_seo_noindex":false,"_jetpack_memberships_contains_paid_content":false,"footnotes":"","_links_to":"","_links_to_target":""},"categories":[1,16,54,5858,5880,5881],"tags":[143,1086,5885],"class_list":{"0":"post-56817","1":"post","2":"type-post","3":"status-publish","4":"format-standard","6":"category-culture","7":"category-monclar","8":"category-loisirs","9":"category-n-214-janvier-2024","10":"category-n-215-fevrier-2024","11":"category-n-216-mars-2024","12":"tag-monclar-de-quercy","13":"tag-atelier-decriture","14":"tag-le-grain-des-mots"},"jetpack_featured_media_url":"","views":{"total":1,"cached_at":"","cached_date":1738494794},"jetpack_likes_enabled":true,"jetpack_sharing_enabled":true,"jetpack_shortlink":"https:\/\/wp.me\/pg7Wxj-eMp","jetpack-related-posts":[],"_links":{"self":[{"href":"https:\/\/www.o-p-i.fr\/parlonsen\/wp-json\/wp\/v2\/posts\/56817","targetHints":{"allow":["GET"]}}],"collection":[{"href":"https:\/\/www.o-p-i.fr\/parlonsen\/wp-json\/wp\/v2\/posts"}],"about":[{"href":"https:\/\/www.o-p-i.fr\/parlonsen\/wp-json\/wp\/v2\/types\/post"}],"author":[{"embeddable":true,"href":"https:\/\/www.o-p-i.fr\/parlonsen\/wp-json\/wp\/v2\/users\/4"}],"replies":[{"embeddable":true,"href":"https:\/\/www.o-p-i.fr\/parlonsen\/wp-json\/wp\/v2\/comments?post=56817"}],"version-history":[{"count":0,"href":"https:\/\/www.o-p-i.fr\/parlonsen\/wp-json\/wp\/v2\/posts\/56817\/revisions"}],"wp:attachment":[{"href":"https:\/\/www.o-p-i.fr\/parlonsen\/wp-json\/wp\/v2\/media?parent=56817"}],"wp:term":[{"taxonomy":"category","embeddable":true,"href":"https:\/\/www.o-p-i.fr\/parlonsen\/wp-json\/wp\/v2\/categories?post=56817"},{"taxonomy":"post_tag","embeddable":true,"href":"https:\/\/www.o-p-i.fr\/parlonsen\/wp-json\/wp\/v2\/tags?post=56817"}],"curies":[{"name":"wp","href":"https:\/\/api.w.org\/{rel}","templated":true}]}}