{"id":56892,"date":"2024-01-04T17:24:58","date_gmt":"2024-01-04T16:24:58","guid":{"rendered":"https:\/\/www.o-p-i.fr\/parlonsen\/?p=56892"},"modified":"2024-01-04T20:23:53","modified_gmt":"2024-01-04T19:23:53","slug":"bal-occitan-a-saint-caprais-82","status":"publish","type":"post","link":"https:\/\/www.o-p-i.fr\/parlonsen\/localisation\/au-pays-des-tescous\/salvetat\/bal-occitan-a-saint-caprais-82\/","title":{"rendered":"Bal occitan en soutien \u00e0 l&rsquo;AER &#8230;\u00e0 Saint Caprais (82)"},"content":{"rendered":"<p><strong>Dimanche 7 janvier 2024,<\/strong> \u00e0 15h. \u00e0 la salle des f\u00eates.<!--more--><\/p>\n<p>En soutien \u00e0 l&rsquo;AER, Association qui soutient les projets en lien avec les enfants du Cambodge, un bal trad est organis\u00e9 ce dimanche apr\u00e8s-midi \u00e0 St Caprais.<\/p>\n<p><img data-recalc-dims=\"1\" loading=\"lazy\" decoding=\"async\" class=\"aligncenter size-full wp-image-56893\" src=\"https:\/\/i0.wp.com\/www.o-p-i.fr\/parlonsen\/wp-content\/uploads\/bal-occitan.jpg?resize=624%2C441&#038;ssl=1\" alt=\"\" width=\"624\" height=\"441\" srcset=\"https:\/\/i0.wp.com\/www.o-p-i.fr\/parlonsen\/wp-content\/uploads\/bal-occitan.jpg?w=624&amp;ssl=1 624w, https:\/\/i0.wp.com\/www.o-p-i.fr\/parlonsen\/wp-content\/uploads\/bal-occitan.jpg?resize=300%2C212&amp;ssl=1 300w, https:\/\/i0.wp.com\/www.o-p-i.fr\/parlonsen\/wp-content\/uploads\/bal-occitan.jpg?resize=400%2C283&amp;ssl=1 400w, https:\/\/i0.wp.com\/www.o-p-i.fr\/parlonsen\/wp-content\/uploads\/bal-occitan.jpg?resize=430%2C304&amp;ssl=1 430w, https:\/\/i0.wp.com\/www.o-p-i.fr\/parlonsen\/wp-content\/uploads\/bal-occitan.jpg?resize=150%2C106&amp;ssl=1 150w, https:\/\/i0.wp.com\/www.o-p-i.fr\/parlonsen\/wp-content\/uploads\/bal-occitan.jpg?resize=100%2C71&amp;ssl=1 100w\" sizes=\"auto, (max-width: 624px) 100vw, 624px\" \/><\/p>\n<p><em>Information communiqu\u00e9e par Guy ROUMAGNAC<\/em><\/p>\n<p><a href=\"http:\/\/www.o-p-i.fr\/parlonsen\/agenda\/\">Retrouvez tous les \u00e9v\u00e9nements dans l&rsquo;agenda !<\/a><\/p>\n","protected":false},"excerpt":{"rendered":"<div class=\"mh-excerpt\">Dimanche 7 janvier 2024, \u00e0 15h. \u00e0 la salle des f\u00eates.<\/div>\n","protected":false},"author":4,"featured_media":0,"comment_status":"open","ping_status":"open","sticky":false,"template":"","format":"standard","meta":{"om_disable_all_campaigns":false,"advanced_seo_description":"","jetpack_seo_html_title":"","jetpack_seo_noindex":false,"_jetpack_memberships_contains_paid_content":false,"footnotes":"","_links_to":"","_links_to_target":""},"categories":[34,54,291,5858],"tags":[2015,3527,4617],"class_list":{"0":"post-56892","1":"post","2":"type-post","3":"status-publish","4":"format-standard","6":"category-salvetat","7":"category-loisirs","8":"category-solidarite","9":"category-n-214-janvier-2024","10":"tag-bal-occitan","11":"tag-saint-caprais-2","12":"tag-aer"},"jetpack_featured_media_url":"","views":{"total":1,"cached_at":"","cached_date":1738133348},"jetpack_likes_enabled":true,"jetpack_sharing_enabled":true,"jetpack_shortlink":"https:\/\/wp.me\/pg7Wxj-eNC","jetpack-related-posts":[],"_links":{"self":[{"href":"https:\/\/www.o-p-i.fr\/parlonsen\/wp-json\/wp\/v2\/posts\/56892","targetHints":{"allow":["GET"]}}],"collection":[{"href":"https:\/\/www.o-p-i.fr\/parlonsen\/wp-json\/wp\/v2\/posts"}],"about":[{"href":"https:\/\/www.o-p-i.fr\/parlonsen\/wp-json\/wp\/v2\/types\/post"}],"author":[{"embeddable":true,"href":"https:\/\/www.o-p-i.fr\/parlonsen\/wp-json\/wp\/v2\/users\/4"}],"replies":[{"embeddable":true,"href":"https:\/\/www.o-p-i.fr\/parlonsen\/wp-json\/wp\/v2\/comments?post=56892"}],"version-history":[{"count":0,"href":"https:\/\/www.o-p-i.fr\/parlonsen\/wp-json\/wp\/v2\/posts\/56892\/revisions"}],"wp:attachment":[{"href":"https:\/\/www.o-p-i.fr\/parlonsen\/wp-json\/wp\/v2\/media?parent=56892"}],"wp:term":[{"taxonomy":"category","embeddable":true,"href":"https:\/\/www.o-p-i.fr\/parlonsen\/wp-json\/wp\/v2\/categories?post=56892"},{"taxonomy":"post_tag","embeddable":true,"href":"https:\/\/www.o-p-i.fr\/parlonsen\/wp-json\/wp\/v2\/tags?post=56892"}],"curies":[{"name":"wp","href":"https:\/\/api.w.org\/{rel}","templated":true}]}}