{"id":56977,"date":"2024-01-12T02:08:47","date_gmt":"2024-01-12T01:08:47","guid":{"rendered":"https:\/\/www.o-p-i.fr\/parlonsen\/?p=56977"},"modified":"2024-01-12T02:24:25","modified_gmt":"2024-01-12T01:24:25","slug":"exposition-sculptures-et-peintures-a-lisle-sur-tarn-81-2","status":"publish","type":"post","link":"https:\/\/www.o-p-i.fr\/parlonsen\/parlons-en\/culture\/exposition-sculptures-et-peintures-a-lisle-sur-tarn-81-2\/","title":{"rendered":"Exposition sculptures et peintures &#8230; \u00e0 Lisle sur Tarn (81)"},"content":{"rendered":"<p>Du <strong>samedi 13 janvier au dimanche 25 f\u00e9vrier 2024<\/strong>, \u00e0 l&rsquo;Embarcad\u00e8re. <!--more--><img data-recalc-dims=\"1\" loading=\"lazy\" decoding=\"async\" class=\"alignright size-full wp-image-56978\" src=\"https:\/\/i0.wp.com\/www.o-p-i.fr\/parlonsen\/wp-content\/uploads\/Embarcadere-3.jpg?resize=425%2C601&#038;ssl=1\" alt=\"\" width=\"425\" height=\"601\" srcset=\"https:\/\/i0.wp.com\/www.o-p-i.fr\/parlonsen\/wp-content\/uploads\/Embarcadere-3.jpg?w=425&amp;ssl=1 425w, https:\/\/i0.wp.com\/www.o-p-i.fr\/parlonsen\/wp-content\/uploads\/Embarcadere-3.jpg?resize=212%2C300&amp;ssl=1 212w, https:\/\/i0.wp.com\/www.o-p-i.fr\/parlonsen\/wp-content\/uploads\/Embarcadere-3.jpg?resize=400%2C566&amp;ssl=1 400w, https:\/\/i0.wp.com\/www.o-p-i.fr\/parlonsen\/wp-content\/uploads\/Embarcadere-3.jpg?resize=150%2C212&amp;ssl=1 150w, https:\/\/i0.wp.com\/www.o-p-i.fr\/parlonsen\/wp-content\/uploads\/Embarcadere-3.jpg?resize=100%2C141&amp;ssl=1 100w\" sizes=\"auto, (max-width: 425px) 100vw, 425px\" \/>Catherine PANISSARD<br \/>\nSculptures<br \/>\nPaul Le RABO<br \/>\nPeintures<br \/>\nVernissage le samedi 13 Janvier 2024<br \/>\n\u00e0 partir de 16h00<br \/>\nEn ce d\u00e9but d&rsquo;ann\u00e9e nous vous pr\u00e9sentons les sculptures de Catherine Panissard: architecte et enseignante en arts appliqu\u00e9s, elle mod\u00e8le la terre depuis plusieurs ann\u00e9es. Son travail s&rsquo;appuie sur le corps humain, la fa\u00e7on dont il se loge, se nourrit, respire, pour traduire en volume ses diff\u00e9rentes sensations.<\/p>\n<p>Catherine Panissard a particip\u00e9 \u00e0 de nombreuses expositions collectives, pr\u00e9sentant \u00e9galement des gravures et des peintures, \u00e0 Toulouse aux Anciens R\u00e9servoirs Guilhem\u00e9ry, aux centres culturels Bellegarde et Croix-Baragnon, au sein de l&rsquo;atelier de c\u00e9ramique de Saint Jean, au Ch\u00e2teau de Capdeville \u00e0 Fronton, \u00e0 Castelnau-de-Montmirail, ou encore au mus\u00e9e Raymond Lafage de Lisle-sur-Tarn.<br \/>\n\u00ab Lorsque nous essayons de retrouver au plus profond de nous ce qui nous identifie et nous lie \u00e0 la terre \u2013 de l&rsquo;habitat au toucher, de la m\u00e9moire aux couleurs, aux odeurs, aux sons qui nous entourent \u2013 le paysage int\u00e9rieur se manifeste. \u00bb<\/p>\n<p>La peinture de Paul Le RABO se r\u00e9v\u00e8le, elle, comme une construction abstraite \u00e0 l&rsquo;aspect lyrique , informel et mati\u00e9riste, en liaison avec les permanences et les ruptures qui s&rsquo;op\u00e8rent dans la soci\u00e9t\u00e9. Elle r\u00e9sulte moins d&rsquo;une d\u00e9termination pr\u00e9con\u00e7ue, que de son abandon \u00e0 la gestuelle, aux hasards de la mati\u00e8re, \u00e0 la spontan\u00e9it\u00e9, et aux al\u00e9as que ceux-ci engendrent dans le tableau. Des couleurs automnales, des compositions azur\u00e9es, les miroirs d&rsquo;une vision int\u00e9rieure, sont l&rsquo;aboutissement d&rsquo;un long chemin de recherche, souvent recommenc\u00e9, dans un \u00e9quilibre o\u00f9 le hasard et la ma\u00eetrise jouent leur r\u00f4le d&rsquo;opposition et de compl\u00e9mentarit\u00e9. Des couples d&rsquo;id\u00e9es sont mis en \u0153uvre qui par leurs interf\u00e9rences donnent corps \u00e0 la cr\u00e9ation: couple vide-plein, ombre et lumi\u00e8re, ciel et terre, blanc et noir.C&rsquo;est aussi la contemplation du monde et la qu\u00eate de la beaut\u00e9 qui sont la SOURCE de la d\u00e9marche de Paul Le RABO pour qui la gestuelle et la mati\u00e8re, comme les impressions et les sensations du moment, donnent corps \u00e0 une r\u00e9alit\u00e9 nouvelle r\u00e9invent\u00e9e qu&rsquo;il nous donne \u00e0 voir.<\/p>\n<p><strong><img data-recalc-dims=\"1\" loading=\"lazy\" decoding=\"async\" class=\"alignleft wp-image-43132\" src=\"https:\/\/i0.wp.com\/www.o-p-i.fr\/parlonsen\/wp-content\/uploads\/Embarcad%C3%A8re-1.jpg?resize=250%2C43&#038;ssl=1\" alt=\"\" width=\"250\" height=\"43\" srcset=\"https:\/\/i0.wp.com\/www.o-p-i.fr\/parlonsen\/wp-content\/uploads\/Embarcad%C3%A8re-1.jpg?w=170&amp;ssl=1 170w, https:\/\/i0.wp.com\/www.o-p-i.fr\/parlonsen\/wp-content\/uploads\/Embarcad%C3%A8re-1.jpg?resize=150%2C26&amp;ssl=1 150w\" sizes=\"auto, (max-width: 250px) 100vw, 250px\" \/><\/strong><\/p>\n<div class=\"QsDR1c\">\n<div class=\"wDYxhc\" lang=\"fr-FR\" data-attrid=\"kc:\/location\/location:address\" data-md=\"1002\" data-hveid=\"CCwQAA\" data-ved=\"2ahUKEwiY4v7m0dv-AhU5RKQEHSAPDHEQkCl6BAgsEAA\">\n<div class=\"Z1hOCe\">\n<div class=\"zloOqf PZPZlf\" data-dtype=\"d3ifr\" data-local-attribute=\"d3adr\" data-ved=\"2ahUKEwiY4v7m0dv-AhU5RKQEHSAPDHEQghwoAHoECCwQAQ\"><span class=\"LrzXr\">19 Rue Saint-Louis,<br \/>\n81310 Lisle-sur-Tarn<\/span><\/div>\n<\/div>\n<\/div>\n<\/div>\n<div class=\"owjCYb\"><span class=\"w8qArf\"><a class=\"fl\" href=\"https:\/\/www.google.com\/search?rlz=1C1CHZN_frFR989FR991&amp;sxsrf=APwXEdeb6Bvb4hgJ8rEqsTqV9ux1Ke-0nw:1683202462701&amp;q=l%27embarcadere+lisle-sur-tarn+t%C3%A9l%C3%A9phone&amp;ludocid=12074303725140820685&amp;sa=X&amp;ved=2ahUKEwiY4v7m0dv-AhU5RKQEHSAPDHEQ6BN6BAgeEAI\" data-ved=\"2ahUKEwiY4v7m0dv-AhU5RKQEHSAPDHEQ6BN6BAgeEAI\">T\u00e9l\u00e9phone<\/a>\u00a0:\u00a0<\/span><span class=\"LrzXr zdqRlf kno-fv\"><a href=\"https:\/\/www.google.com\/search?q=l%27embarcad%C3%A8re+lisle+sur+tarn&amp;rlz=1C1CHZN_frFR989FR991&amp;oq=l%27embarcad%C3%A8re+lisle+sur+tarn&amp;aqs=chrome.0.0i355i512j46i175i199i512.16838j0j15&amp;sourceid=chrome&amp;ie=UTF-8#\" data-dtype=\"d3ph\" data-local-attribute=\"d3ph\" data-ved=\"2ahUKEwiY4v7m0dv-AhU5RKQEHSAPDHEQkAgoAHoECB4QAw\"><span aria-label=\"Appeler le 06 73 87 06 68\">06 73 87 06 68<\/span><\/a><\/span><\/div>\n<p><em>Information communiqu\u00e9e par l&rsquo;Embarcad\u00e8re<\/em><\/p>\n<p><a href=\"https:\/\/www.o-p-i.fr\/aupays\/au-pays\/agenda\/\">Retrouvez tous les \u00e9v\u00e9nements dans l&rsquo;agenda !<\/a><\/p>\n<p>&nbsp;<\/p>\n","protected":false},"excerpt":{"rendered":"<div class=\"mh-excerpt\">Du samedi 13 janvier au dimanche 25 f\u00e9vrier 2024, \u00e0 l&rsquo;Embarcad\u00e8re.<\/div>\n","protected":false},"author":4,"featured_media":0,"comment_status":"open","ping_status":"open","sticky":false,"template":"","format":"standard","meta":{"om_disable_all_campaigns":false,"advanced_seo_description":"","jetpack_seo_html_title":"","jetpack_seo_noindex":false,"_jetpack_memberships_contains_paid_content":false,"footnotes":"","_links_to":"","_links_to_target":""},"categories":[1,54,5858,5880],"tags":[2700,2972,5920,5921,77],"class_list":{"0":"post-56977","1":"post","2":"type-post","3":"status-publish","4":"format-standard","6":"category-culture","7":"category-loisirs","8":"category-n-214-janvier-2024","9":"category-n-215-fevrier-2024","10":"tag-vernissage","11":"tag-lembarcadere","12":"tag-exposition-peintures","13":"tag-exposition-sculptures","14":"tag-lisle-sur-tarn"},"jetpack_featured_media_url":"","views":{"total":2,"cached_at":"","cached_date":1738376161},"jetpack_likes_enabled":true,"jetpack_sharing_enabled":true,"jetpack_shortlink":"https:\/\/wp.me\/pg7Wxj-eOZ","jetpack-related-posts":[],"_links":{"self":[{"href":"https:\/\/www.o-p-i.fr\/parlonsen\/wp-json\/wp\/v2\/posts\/56977","targetHints":{"allow":["GET"]}}],"collection":[{"href":"https:\/\/www.o-p-i.fr\/parlonsen\/wp-json\/wp\/v2\/posts"}],"about":[{"href":"https:\/\/www.o-p-i.fr\/parlonsen\/wp-json\/wp\/v2\/types\/post"}],"author":[{"embeddable":true,"href":"https:\/\/www.o-p-i.fr\/parlonsen\/wp-json\/wp\/v2\/users\/4"}],"replies":[{"embeddable":true,"href":"https:\/\/www.o-p-i.fr\/parlonsen\/wp-json\/wp\/v2\/comments?post=56977"}],"version-history":[{"count":0,"href":"https:\/\/www.o-p-i.fr\/parlonsen\/wp-json\/wp\/v2\/posts\/56977\/revisions"}],"wp:attachment":[{"href":"https:\/\/www.o-p-i.fr\/parlonsen\/wp-json\/wp\/v2\/media?parent=56977"}],"wp:term":[{"taxonomy":"category","embeddable":true,"href":"https:\/\/www.o-p-i.fr\/parlonsen\/wp-json\/wp\/v2\/categories?post=56977"},{"taxonomy":"post_tag","embeddable":true,"href":"https:\/\/www.o-p-i.fr\/parlonsen\/wp-json\/wp\/v2\/tags?post=56977"}],"curies":[{"name":"wp","href":"https:\/\/api.w.org\/{rel}","templated":true}]}}