{"id":57056,"date":"2024-01-18T17:50:47","date_gmt":"2024-01-18T16:50:47","guid":{"rendered":"https:\/\/www.o-p-i.fr\/parlonsen\/?p=57056"},"modified":"2024-01-18T17:57:52","modified_gmt":"2024-01-18T16:57:52","slug":"quand-vient-le-silence-theatre-a-les-cabannes-cordes-sur-ciel-81","status":"publish","type":"post","link":"https:\/\/www.o-p-i.fr\/parlonsen\/parlons-en\/culture\/quand-vient-le-silence-theatre-a-les-cabannes-cordes-sur-ciel-81\/","title":{"rendered":"\u00ab\u00a0Quand vient le silence\u00a0\u00bb, Th\u00e9\u00e2tre &#8230;\u00e0 les Cabannes\/Cordes sur Ciel (81)"},"content":{"rendered":"<p><strong>Samedi 24 f\u00e9vrier 2024,\u00a0 <\/strong>\u00e0 19h45 et 20h30 Th\u00e9\u00e2tre Le Colombier.<!--more--><\/p>\n<h3 style=\"text-align: center;\"><img data-recalc-dims=\"1\" loading=\"lazy\" decoding=\"async\" class=\"alignright size-full wp-image-57057\" src=\"https:\/\/i0.wp.com\/www.o-p-i.fr\/parlonsen\/wp-content\/uploads\/silence.jpg?resize=425%2C372&#038;ssl=1\" alt=\"\" width=\"425\" height=\"372\" srcset=\"https:\/\/i0.wp.com\/www.o-p-i.fr\/parlonsen\/wp-content\/uploads\/silence.jpg?w=425&amp;ssl=1 425w, https:\/\/i0.wp.com\/www.o-p-i.fr\/parlonsen\/wp-content\/uploads\/silence.jpg?resize=300%2C263&amp;ssl=1 300w, https:\/\/i0.wp.com\/www.o-p-i.fr\/parlonsen\/wp-content\/uploads\/silence.jpg?resize=400%2C350&amp;ssl=1 400w, https:\/\/i0.wp.com\/www.o-p-i.fr\/parlonsen\/wp-content\/uploads\/silence.jpg?resize=150%2C131&amp;ssl=1 150w, https:\/\/i0.wp.com\/www.o-p-i.fr\/parlonsen\/wp-content\/uploads\/silence.jpg?resize=100%2C88&amp;ssl=1 100w\" sizes=\"auto, (max-width: 425px) 100vw, 425px\" \/>\u00ab\u00a0Quand vient le silence\u00a0\u00bb par laCompagnie La Raffinerie<\/h3>\n<p>Deux actrices, dans leur loge, avant la repr\u00e9sentation d&rsquo;Antigone, seules face au miroir, elles s&rsquo;appr\u00eatent \u00e0 affronter la sc\u00e8ne.<\/p>\n<p>Le spectateur pouvant se d\u00e9placer, s&rsquo;approcher au plus pr\u00e8s des com\u00e9diennes, se trouve plong\u00e9 dans ce qui les agitent dans ce moment pr\u00e9cis : la terreur de l&rsquo;entr\u00e9e en sc\u00e8ne.<\/p>\n<p>Paroles directes et pens\u00e9es intimes nous sont livr\u00e9es par un dispositif technique son\/lumi\u00e8re\/vid\u00e9o sophistiqu\u00e9, v\u00e9ritable \u00e9criture au m\u00eame titre que le jeu de l&rsquo;acteur.<\/p>\n<p>Marion Pellissier est une auteure et metteuse en sc\u00e8ne qui nous vient de Montpellier. Elle poursuit un travail exigeant d&rsquo;\u00e9criture sc\u00e9nique novateur, utilisant l&rsquo;entente singuli\u00e8re entre \u00e9criture dramatique et cr\u00e9ation technique de qualit\u00e9.<\/p>\n<p>Un th\u00e9\u00e2tre contemporain immersif, un th\u00e9\u00e2tre-exp\u00e9rience, aux confins de la performance, bousculant les codes habituels du th\u00e9\u00e2tre pour mieux nous toucher.<\/p>\n<p>Une belle exp\u00e9rience de th\u00e9\u00e2tre \u00e0 vivre !<\/p>\n<p>(Ce spectacle a d\u00e9j\u00e0 \u00e9t\u00e9 donn\u00e9 moult fois en r\u00e9gion Occitanie ; la r\u00e9sidence de travail au Colombier portera sur leur prochaine cr\u00e9ation autour de la fable des \u00ab\u00a0Trois petits Cochons\u00a0\u00bb et de la notion de \u00ab\u00a0monstres familiaux\u00a0\u00bb).<\/p>\n<p>Texte et mise en sc\u00e8ne de Marion Pellissier<br \/>\nJeu : Julie Mejean et Marie Vires<\/p>\n<p>Dur\u00e9e de chaque repr\u00e9sentation : 40 mn<\/p>\n<p>Tarif : 12 \u20ac &#8211; R\u00e9duit : 10 \u20ac &#8211; Ados : 5 \u20ac<\/p>\n<div><strong><img data-recalc-dims=\"1\" loading=\"lazy\" decoding=\"async\" class=\"alignleft size-full wp-image-54511\" src=\"https:\/\/i0.wp.com\/www.o-p-i.fr\/parlonsen\/wp-content\/uploads\/le-colombier-logo-1.jpg?resize=198%2C198&#038;ssl=1\" alt=\"\" width=\"198\" height=\"198\" srcset=\"https:\/\/i0.wp.com\/www.o-p-i.fr\/parlonsen\/wp-content\/uploads\/le-colombier-logo-1.jpg?w=198&amp;ssl=1 198w, https:\/\/i0.wp.com\/www.o-p-i.fr\/parlonsen\/wp-content\/uploads\/le-colombier-logo-1.jpg?resize=150%2C150&amp;ssl=1 150w, https:\/\/i0.wp.com\/www.o-p-i.fr\/parlonsen\/wp-content\/uploads\/le-colombier-logo-1.jpg?resize=100%2C100&amp;ssl=1 100w\" sizes=\"auto, (max-width: 198px) 100vw, 198px\" \/><a href=\"http:\/\/www.theatrelecolombier\" target=\"_blank\" rel=\"noopener\">Th\u00e9\u00e2tre Le Colombier<\/a><\/strong><\/div>\n<div>8 rue des Tanneries<\/div>\n<div>81170 Les Cabannes &#8211; Cordes sur Ciel<br \/>\n07 83 26 33 11 &#8211; contact@theatrelecolombier.fr<\/div>\n<div><\/div>\n<div><u><strong>R\u00c9SERVATIONS\u00a0<\/strong><strong>\u00a0:\u00a0 07 83 26 33 11<\/strong><\/u><\/div>\n<div><u><strong>\u00a0ou contact@theatrelecolombier.fr<\/strong><\/u><\/div>\n<p>&nbsp;<\/p>\n","protected":false},"excerpt":{"rendered":"<div class=\"mh-excerpt\">Samedi 24 f\u00e9vrier 2024,\u00a0 \u00e0 19h45 et 20h30 Th\u00e9\u00e2tre Le Colombier.<\/div>\n","protected":false},"author":4,"featured_media":0,"comment_status":"open","ping_status":"open","sticky":false,"template":"","format":"standard","meta":{"om_disable_all_campaigns":false,"advanced_seo_description":"","jetpack_seo_html_title":"","jetpack_seo_noindex":false,"_jetpack_memberships_contains_paid_content":false,"footnotes":"","_links_to":"","_links_to_target":""},"categories":[42,1,54,5880],"tags":[3055,4942,5939],"class_list":{"0":"post-57056","1":"post","2":"type-post","3":"status-publish","4":"format-standard","6":"category-a-cote-de-chez-nous","7":"category-culture","8":"category-loisirs","9":"category-n-215-fevrier-2024","10":"tag-theatre-le-colombier","11":"tag-les-cabannes-cordes-sur-ciel","12":"tag-compagnie-la-raffinerie"},"jetpack_featured_media_url":"","views":{"total":0,"cached_at":"","cached_date":1738461596},"jetpack_likes_enabled":true,"jetpack_sharing_enabled":true,"jetpack_shortlink":"https:\/\/wp.me\/pg7Wxj-eQg","jetpack-related-posts":[],"_links":{"self":[{"href":"https:\/\/www.o-p-i.fr\/parlonsen\/wp-json\/wp\/v2\/posts\/57056","targetHints":{"allow":["GET"]}}],"collection":[{"href":"https:\/\/www.o-p-i.fr\/parlonsen\/wp-json\/wp\/v2\/posts"}],"about":[{"href":"https:\/\/www.o-p-i.fr\/parlonsen\/wp-json\/wp\/v2\/types\/post"}],"author":[{"embeddable":true,"href":"https:\/\/www.o-p-i.fr\/parlonsen\/wp-json\/wp\/v2\/users\/4"}],"replies":[{"embeddable":true,"href":"https:\/\/www.o-p-i.fr\/parlonsen\/wp-json\/wp\/v2\/comments?post=57056"}],"version-history":[{"count":0,"href":"https:\/\/www.o-p-i.fr\/parlonsen\/wp-json\/wp\/v2\/posts\/57056\/revisions"}],"wp:attachment":[{"href":"https:\/\/www.o-p-i.fr\/parlonsen\/wp-json\/wp\/v2\/media?parent=57056"}],"wp:term":[{"taxonomy":"category","embeddable":true,"href":"https:\/\/www.o-p-i.fr\/parlonsen\/wp-json\/wp\/v2\/categories?post=57056"},{"taxonomy":"post_tag","embeddable":true,"href":"https:\/\/www.o-p-i.fr\/parlonsen\/wp-json\/wp\/v2\/tags?post=57056"}],"curies":[{"name":"wp","href":"https:\/\/api.w.org\/{rel}","templated":true}]}}