{"id":57102,"date":"2024-01-25T08:21:30","date_gmt":"2024-01-25T07:21:30","guid":{"rendered":"https:\/\/www.o-p-i.fr\/parlonsen\/?p=57102"},"modified":"2024-01-25T08:21:30","modified_gmt":"2024-01-25T07:21:30","slug":"2024-pommes-damour-a-salvagnac-81","status":"publish","type":"post","link":"https:\/\/www.o-p-i.fr\/parlonsen\/localisation\/au-pays-des-tescous\/salvagnac\/2024-pommes-damour-a-salvagnac-81\/","title":{"rendered":"\u00a0\u00bb\u00a02024 pommes d&rsquo;amour !\u00a0\u00bb&#8230;.\u00e0 Salvagnac (81)"},"content":{"rendered":"<p>Du <strong>mercredi 17 janvier au jeudi 29 f\u00e9vrier 2024<\/strong>, Expo Photos au Bord du Monde.<!--more--><\/p>\n<p><img data-recalc-dims=\"1\" loading=\"lazy\" decoding=\"async\" class=\"aligncenter size-full wp-image-57103\" src=\"https:\/\/i0.wp.com\/www.o-p-i.fr\/parlonsen\/wp-content\/uploads\/expo-salvagnac.jpg?resize=624%2C280&#038;ssl=1\" alt=\"\" width=\"624\" height=\"280\" srcset=\"https:\/\/i0.wp.com\/www.o-p-i.fr\/parlonsen\/wp-content\/uploads\/expo-salvagnac.jpg?w=624&amp;ssl=1 624w, https:\/\/i0.wp.com\/www.o-p-i.fr\/parlonsen\/wp-content\/uploads\/expo-salvagnac.jpg?resize=300%2C135&amp;ssl=1 300w, https:\/\/i0.wp.com\/www.o-p-i.fr\/parlonsen\/wp-content\/uploads\/expo-salvagnac.jpg?resize=400%2C179&amp;ssl=1 400w, https:\/\/i0.wp.com\/www.o-p-i.fr\/parlonsen\/wp-content\/uploads\/expo-salvagnac.jpg?resize=430%2C193&amp;ssl=1 430w, https:\/\/i0.wp.com\/www.o-p-i.fr\/parlonsen\/wp-content\/uploads\/expo-salvagnac.jpg?resize=150%2C67&amp;ssl=1 150w, https:\/\/i0.wp.com\/www.o-p-i.fr\/parlonsen\/wp-content\/uploads\/expo-salvagnac.jpg?resize=100%2C45&amp;ssl=1 100w\" sizes=\"auto, (max-width: 624px) 100vw, 624px\" \/><\/p>\n<p>Et c&rsquo;est reparti pour une nouvelle ann\u00e9e ! On esp\u00e8re que cette fois-ci on touchera le pompon sur la route du grand man\u00e8ge quotidien !<br \/>\nDepuis 2019, le Caf\u00e9 circule dans des montagnes russes d&rsquo;affluence. Apr\u00e8s une ouverture en fanfare puis dix mois de fermeture covidique, une saison de grande respiration culturelle en 2022, voici que 2023 se voit frileux d\u00fb \u00e0 une hausse des prix records.<br \/>\nLa stabilit\u00e9 doit se cacher dans les barbes \u00e0 papa !<br \/>\nLe jeux de la massue est \u00ab\u00a0\u00e0 son terme\u00a0\u00bb nous rassure le gouvernement, mais nous avons du mal \u00e0 croire que la courbe peut s&rsquo;inverser. La maison des horreurs, toujours aussi gourmande, nous dresse \u00e0 la finesse pour continuer de respirer les fins de mois&#8230;comme vous et moi.<\/p>\n<p>Au Caf\u00e9, comme dans plus en plus de lieux similaires, on se d\u00e9m\u00e8ne pour p\u00eacher le canard de l&rsquo;\u00e9quilibre financier dans le courant de l&rsquo;inflation ! Cette rivi\u00e8re submerge nos r\u00e9flexions quotidiennes, alors plus qu&rsquo;hier, nous sommes \u00e0 l&rsquo;\u00e9coute aujourd&rsquo;hui de vos interrogations et vos remarques pour avancer ensemble.<br \/>\nCe lieu est un outil pour vivre des \u00e9nergies qui nous divertissent et nous rassemblent. Alors n&rsquo;h\u00e9sitez pas \u00e0 venir nous rencontrer et apporter vos id\u00e9es sur une \u00e9volution du Caf\u00e9:<br \/>\n&#8211; Un bar \u00e0 vins ? Plus de jeux ? La t\u00e9l\u00e9 en boucle ? Un hammam ? Une restauration diff\u00e9rente ? Des booms pour enfants ? Des soir\u00e9es quizz ? Des bals musette? Des boules de p\u00e9tanques ? 100 balles et 1 mars ?&#8230;<br \/>\nBref comment aimeriez-vous vivre, votre bistrot des All\u00e9es ?<\/p>\n<p>Parce qu&rsquo;on ne va pas rester devant le carrousel lumineux, prenons le train en marche et chevauchons le tigre pour nous \u00e9vader vers le meilleur !<br \/>\nToute l&rsquo;\u00e9quipe vous apporte leurs 2024 pommes d&rsquo;amour<br \/>\nR\u00e9gine, Sara, Bruno &amp; Yvan<\/p>\n<p><em>Info communiqu\u00e9e par R\u00e9gine<\/em><\/p>\n<p><a href=\"http:\/\/www.o-p-i.fr\/parlonsen\/agenda\/\">Retrouvez tous les \u00e9v\u00e9nements dans l&rsquo;agenda !<\/a><\/p>\n","protected":false},"excerpt":{"rendered":"<div class=\"mh-excerpt\">Du mercredi 17 janvier au jeudi 29 f\u00e9vrier 2024, Expo Photos au Bord du Monde.<\/div>\n","protected":false},"author":4,"featured_media":0,"comment_status":"open","ping_status":"open","sticky":false,"template":"","format":"standard","meta":{"om_disable_all_campaigns":false,"advanced_seo_description":"","jetpack_seo_html_title":"","jetpack_seo_noindex":false,"_jetpack_memberships_contains_paid_content":false,"footnotes":"","_links_to":"","_links_to_target":""},"categories":[52,54,25,5858,5880],"tags":[3830,5801,2548],"class_list":{"0":"post-57102","1":"post","2":"type-post","3":"status-publish","4":"format-standard","6":"category-parlons-en","7":"category-loisirs","8":"category-salvagnac","9":"category-n-214-janvier-2024","10":"category-n-215-fevrier-2024","11":"tag-cafe-au-bord-du-monde","12":"tag-expo-photos","13":"tag-salvagnac"},"jetpack_featured_media_url":"","views":{"total":1,"cached_at":"","cached_date":1738280707},"jetpack_likes_enabled":true,"jetpack_sharing_enabled":true,"jetpack_shortlink":"https:\/\/wp.me\/pg7Wxj-eR0","jetpack-related-posts":[],"_links":{"self":[{"href":"https:\/\/www.o-p-i.fr\/parlonsen\/wp-json\/wp\/v2\/posts\/57102","targetHints":{"allow":["GET"]}}],"collection":[{"href":"https:\/\/www.o-p-i.fr\/parlonsen\/wp-json\/wp\/v2\/posts"}],"about":[{"href":"https:\/\/www.o-p-i.fr\/parlonsen\/wp-json\/wp\/v2\/types\/post"}],"author":[{"embeddable":true,"href":"https:\/\/www.o-p-i.fr\/parlonsen\/wp-json\/wp\/v2\/users\/4"}],"replies":[{"embeddable":true,"href":"https:\/\/www.o-p-i.fr\/parlonsen\/wp-json\/wp\/v2\/comments?post=57102"}],"version-history":[{"count":0,"href":"https:\/\/www.o-p-i.fr\/parlonsen\/wp-json\/wp\/v2\/posts\/57102\/revisions"}],"wp:attachment":[{"href":"https:\/\/www.o-p-i.fr\/parlonsen\/wp-json\/wp\/v2\/media?parent=57102"}],"wp:term":[{"taxonomy":"category","embeddable":true,"href":"https:\/\/www.o-p-i.fr\/parlonsen\/wp-json\/wp\/v2\/categories?post=57102"},{"taxonomy":"post_tag","embeddable":true,"href":"https:\/\/www.o-p-i.fr\/parlonsen\/wp-json\/wp\/v2\/tags?post=57102"}],"curies":[{"name":"wp","href":"https:\/\/api.w.org\/{rel}","templated":true}]}}