{"id":57124,"date":"2024-01-26T00:35:44","date_gmt":"2024-01-25T23:35:44","guid":{"rendered":"https:\/\/www.o-p-i.fr\/parlonsen\/?p=57124"},"modified":"2024-01-26T00:37:23","modified_gmt":"2024-01-25T23:37:23","slug":"adieu-robert-linas","status":"publish","type":"post","link":"https:\/\/www.o-p-i.fr\/parlonsen\/localisation\/au-pays-des-tescous\/monclar\/adieu-robert-linas\/","title":{"rendered":"Adieu Robert Linas&#8230;"},"content":{"rendered":"<p>..<strong>. on est de tout coeur avec toi!!!<\/strong> <!--more--><\/p>\n<blockquote>\n<div id=\"replybody1\">\n<div style=\"font-family: arial,helvetica,sans-serif; font-size: 13pt;\">\n<p><img data-recalc-dims=\"1\" loading=\"lazy\" decoding=\"async\" class=\"alignright wp-image-57125\" src=\"https:\/\/i0.wp.com\/www.o-p-i.fr\/parlonsen\/wp-content\/uploads\/Robert-LINAS-1.jpg?resize=425%2C399&#038;ssl=1\" alt=\"\" width=\"425\" height=\"399\" srcset=\"https:\/\/i0.wp.com\/www.o-p-i.fr\/parlonsen\/wp-content\/uploads\/Robert-LINAS-1.jpg?w=194&amp;ssl=1 194w, https:\/\/i0.wp.com\/www.o-p-i.fr\/parlonsen\/wp-content\/uploads\/Robert-LINAS-1.jpg?resize=150%2C141&amp;ssl=1 150w, https:\/\/i0.wp.com\/www.o-p-i.fr\/parlonsen\/wp-content\/uploads\/Robert-LINAS-1.jpg?resize=100%2C94&amp;ssl=1 100w\" sizes=\"auto, (max-width: 425px) 100vw, 425px\" \/>Notre ami Robert Linas vient de s\u2019\u00e9teindre \u00e0 l\u2019\u00e2ge de 70 ans. Occitaniste passionn\u00e9, il avait \u00e9t\u00e9 impr\u00e9gn\u00e9 d\u00e8s son jeune \u00e2ge par cette culture du Grand Sud de la France qui refl\u00e8te coutumes et traditions. N\u00e9 pr\u00e8s du Hameau des \u00ab Lials \u00bb sur la commune de Monclar de Quercy il avait grandi au rythme des travaux et habitudes de la ferme familiale. Apr\u00e8s sa scolarit\u00e9 dans l\u2019\u00e9cole communale du hameau, il devait suivre des \u00e9tudes qui feront de lui un instituteur.<\/p>\n<p>Parall\u00e8lement, il s\u2019investira dans le milieu associatif apportant ses services afin que vivent nos contr\u00e9es et surtout sa commune de naissance, Monclar de Quercy. Il n\u2019en restera pas l\u00e0 et fondera le R\u00e9veil Occitan de Tarn et Garonne, association d\u00e9partementale qui animait des f\u00eates traditionnelles dans le Tarn et Garonne. Nous retiendrons, \u00e0 Monclar, la c\u00e9l\u00e8bre F\u00eate Occitane de juillet avec son lot d\u2019animations dans le droit fil de la culture traditionnelle.<\/p>\n<p>Il cr\u00e9er aussi une association nomm\u00e9e Autriche et Pays d\u2019Oc dont la mission \u00e9tait de recevoir des \u00e9tudiantes autrichiennes en familles d\u2019accueil volontaires afin de se perfectionner en langue Fran\u00e7aise mais sans omettre, bien s\u00fbr, les d\u00e9couvertes de la Langue d\u2019Oc et ses secrets\u2026<\/p>\n<p>Autre point majeur de ses activit\u00e9s fut la cr\u00e9ation du salon du livre \u00e0 Monclar dans un premier temps. Le succ\u00e8s des premi\u00e8res ann\u00e9es devint vite communicatif et se traduisit ensuite par la mise en place d\u2019un second au printemps, \u00e0 N\u00e8grepelisse. Le panel y \u00e9tait beaucoup plus large, les auteurs et collectionneurs venant de plusieurs points de France mais une part \u00e9tait gard\u00e9e pour les \u0153uvres valorisant l\u2019Occitan et son rayonnement.<\/p>\n<p>Membre de plusieurs associations locales et d\u00e9partementales, il franchit la ligne de l\u2019organisation pour devenir correspondant de presse locale, apportant ainsi un soutien g\u00e9n\u00e9ral \u00e0 toutes les associations du secteur.<\/p>\n<p>Sa disparition pr\u00e9matur\u00e9e affecte grandement tous ses amis et proches mais \u00e9galement ceux qui ont eu le plaisir de le croiser en diff\u00e9rents lieux d\u2019organisation, et m\u00eame au travers du site \u00ab 7\u00e0Lire \u00bb.<\/p>\n<p>Nous conserverons intact son souvenir, son profil toujours actif et volontaire en continuant au mieux l\u2019action qu\u2019il avait entreprise&#8230;<\/p>\n<p>Adiu l\u2019Amic !<\/p>\n<p>Claude\u00a0 LAFON<\/p>\n<p>Pour poursuivre son action, l&rsquo;A.P.O.C.\/7Alire continue l&rsquo;organisation du salon du livre de N\u00e8grepelisse (le 3 mars 2024) et de celui de Monclar de Quercy (le 18 ao\u00fbt 2024)<\/p>\n<p>&nbsp;<\/p>\n<\/div>\n<\/div>\n<\/blockquote>\n<p>&nbsp;<\/p>\n","protected":false},"excerpt":{"rendered":"<div class=\"mh-excerpt\">&#8230; on est de tout coeur avec toi!!!<\/div>\n","protected":false},"author":4,"featured_media":0,"comment_status":"open","ping_status":"open","sticky":false,"template":"","format":"standard","meta":{"om_disable_all_campaigns":false,"advanced_seo_description":"","jetpack_seo_html_title":"","jetpack_seo_noindex":false,"_jetpack_memberships_contains_paid_content":false,"footnotes":"","_links_to":"","_links_to_target":""},"categories":[42,16,291,5881,5952,1999],"tags":[5955,5956,5957,133,5953,5954],"class_list":{"0":"post-57124","1":"post","2":"type-post","3":"status-publish","4":"format-standard","6":"category-a-cote-de-chez-nous","7":"category-monclar","8":"category-solidarite","9":"category-n-216-mars-2024","10":"category-n-221-aout-2024","11":"category-n-96-mars-2014","12":"tag-reveil-occitan-de-tarn-et-garonne","13":"tag-qalon-du-livre-negrepelisse","14":"tag-salon-du-livre-monclar-de-quercy","15":"tag-occitanie","16":"tag-robert-linas","17":"tag-a-p-o-pc"},"jetpack_featured_media_url":"","views":{"total":2,"cached_at":"","cached_date":1738483935},"jetpack_likes_enabled":true,"jetpack_sharing_enabled":true,"jetpack_shortlink":"https:\/\/wp.me\/pg7Wxj-eRm","jetpack-related-posts":[],"_links":{"self":[{"href":"https:\/\/www.o-p-i.fr\/parlonsen\/wp-json\/wp\/v2\/posts\/57124","targetHints":{"allow":["GET"]}}],"collection":[{"href":"https:\/\/www.o-p-i.fr\/parlonsen\/wp-json\/wp\/v2\/posts"}],"about":[{"href":"https:\/\/www.o-p-i.fr\/parlonsen\/wp-json\/wp\/v2\/types\/post"}],"author":[{"embeddable":true,"href":"https:\/\/www.o-p-i.fr\/parlonsen\/wp-json\/wp\/v2\/users\/4"}],"replies":[{"embeddable":true,"href":"https:\/\/www.o-p-i.fr\/parlonsen\/wp-json\/wp\/v2\/comments?post=57124"}],"version-history":[{"count":0,"href":"https:\/\/www.o-p-i.fr\/parlonsen\/wp-json\/wp\/v2\/posts\/57124\/revisions"}],"wp:attachment":[{"href":"https:\/\/www.o-p-i.fr\/parlonsen\/wp-json\/wp\/v2\/media?parent=57124"}],"wp:term":[{"taxonomy":"category","embeddable":true,"href":"https:\/\/www.o-p-i.fr\/parlonsen\/wp-json\/wp\/v2\/categories?post=57124"},{"taxonomy":"post_tag","embeddable":true,"href":"https:\/\/www.o-p-i.fr\/parlonsen\/wp-json\/wp\/v2\/tags?post=57124"}],"curies":[{"name":"wp","href":"https:\/\/api.w.org\/{rel}","templated":true}]}}