{"id":57130,"date":"2024-01-25T23:15:03","date_gmt":"2024-01-25T22:15:03","guid":{"rendered":"https:\/\/www.o-p-i.fr\/parlonsen\/?p=57130"},"modified":"2024-01-25T23:17:06","modified_gmt":"2024-01-25T22:17:06","slug":"stage-de-danse-libre-a-salvagnac-81","status":"publish","type":"post","link":"https:\/\/www.o-p-i.fr\/parlonsen\/localisation\/au-pays-des-tescous\/salvagnac\/stage-de-danse-libre-a-salvagnac-81\/","title":{"rendered":"Stage de danse libre&#8230; \u00e0 Salvagnac (81)"},"content":{"rendered":"<p><strong>Vendredi 16, samedi 17 et dimanche 18 f\u00e9vrier 2024<\/strong>, Les Zatypic: <!--more--><\/p>\n<p><img data-recalc-dims=\"1\" loading=\"lazy\" decoding=\"async\" class=\"alignright wp-image-57131\" src=\"https:\/\/i0.wp.com\/www.o-p-i.fr\/parlonsen\/wp-content\/uploads\/danse-7.jpg?resize=425%2C198&#038;ssl=1\" alt=\"\" width=\"425\" height=\"198\" srcset=\"https:\/\/i0.wp.com\/www.o-p-i.fr\/parlonsen\/wp-content\/uploads\/danse-7.jpg?resize=300%2C139&amp;ssl=1 300w, https:\/\/i0.wp.com\/www.o-p-i.fr\/parlonsen\/wp-content\/uploads\/danse-7.jpg?resize=400%2C186&amp;ssl=1 400w, https:\/\/i0.wp.com\/www.o-p-i.fr\/parlonsen\/wp-content\/uploads\/danse-7.jpg?resize=430%2C200&amp;ssl=1 430w, https:\/\/i0.wp.com\/www.o-p-i.fr\/parlonsen\/wp-content\/uploads\/danse-7.jpg?resize=150%2C70&amp;ssl=1 150w, https:\/\/i0.wp.com\/www.o-p-i.fr\/parlonsen\/wp-content\/uploads\/danse-7.jpg?resize=100%2C46&amp;ssl=1 100w, https:\/\/i0.wp.com\/www.o-p-i.fr\/parlonsen\/wp-content\/uploads\/danse-7.jpg?w=624&amp;ssl=1 624w\" sizes=\"auto, (max-width: 425px) 100vw, 425px\" \/>STAGE de Danse libre &#8211; Inspir\u00e9e de 5 rythmes &#8211;<br \/>\nInscrivez-vous pour 2 jours (17 et 18 f\u00e9vrier) ou 3 jours (16 au 18 f\u00e9vrier), au choix !<\/p>\n<p>Lorsqu&rsquo;on l&rsquo;\u00e9coute et le suit, notre corps remet de la vie et de la fluidit\u00e9 partout o\u00f9 nous nous sommes inconsciemment coup\u00e9s de nous-m\u00eames.<br \/>\nStimul\u00e9s par la musique, les mouvements spontan\u00e9s, simples et profonds suivent l&rsquo;\u00e9volution naturelle de notre \u00e9nergie.<br \/>\nObjectifs : d\u00e9velopper une relation plus juste \u00e0 nous-m\u00eames et aux autres, nous centrer ici et maintenant, planter nos racines, vivre nos \u00e9motions, l\u00e2cher prise, \u00eatre en connexion\u2026<br \/>\n<strong>Inscription<\/strong> : Anthony Le Foll, professeur de th\u00e9\u00e2tre, dipl\u00f4m\u00e9 d&rsquo;\u00e9tat, metteur en sc\u00e8ne<br \/>\nContact et inscription : 06 61 55 97 50<br \/>\nFormule 2 jours 120 \u20ac \/ 3 jours 150 \u20ac<\/p>\n<p>Les Zatypik<br \/>\nLes Castels<br \/>\n4099, route des Cr\u00eates<br \/>\n81630 Salvagnac<\/p>\n<p><em>Information communiqu\u00e9e par Anthony LE FOLL<\/em><\/p>\n<p><a href=\"http:\/\/www.o-p-i.fr\/parlonsen\/agenda\/\">Retrouvez tous les \u00e9v\u00e9nements dans l&rsquo;agenda !<\/a><\/p>\n","protected":false},"excerpt":{"rendered":"<div class=\"mh-excerpt\">Vendredi 16, samedi 17 et dimanche 18 f\u00e9vrier 2024, Les Zatypic:<\/div>\n","protected":false},"author":4,"featured_media":0,"comment_status":"open","ping_status":"open","sticky":false,"template":"","format":"standard","meta":{"om_disable_all_campaigns":false,"advanced_seo_description":"","jetpack_seo_html_title":"","jetpack_seo_noindex":false,"_jetpack_memberships_contains_paid_content":false,"footnotes":"","_links_to":"","_links_to_target":""},"categories":[725,54,25,5880],"tags":[2548,3881,5959],"class_list":{"0":"post-57130","1":"post","2":"type-post","3":"status-publish","4":"format-standard","6":"category-formation-parlons-en","7":"category-loisirs","8":"category-salvagnac","9":"category-n-215-fevrier-2024","10":"tag-salvagnac","11":"tag-stage-danse","12":"tag-le-foll"},"jetpack_featured_media_url":"","views":{"total":0,"cached_at":"","cached_date":1738328884},"jetpack_likes_enabled":true,"jetpack_sharing_enabled":true,"jetpack_shortlink":"https:\/\/wp.me\/pg7Wxj-eRs","jetpack-related-posts":[],"_links":{"self":[{"href":"https:\/\/www.o-p-i.fr\/parlonsen\/wp-json\/wp\/v2\/posts\/57130","targetHints":{"allow":["GET"]}}],"collection":[{"href":"https:\/\/www.o-p-i.fr\/parlonsen\/wp-json\/wp\/v2\/posts"}],"about":[{"href":"https:\/\/www.o-p-i.fr\/parlonsen\/wp-json\/wp\/v2\/types\/post"}],"author":[{"embeddable":true,"href":"https:\/\/www.o-p-i.fr\/parlonsen\/wp-json\/wp\/v2\/users\/4"}],"replies":[{"embeddable":true,"href":"https:\/\/www.o-p-i.fr\/parlonsen\/wp-json\/wp\/v2\/comments?post=57130"}],"version-history":[{"count":0,"href":"https:\/\/www.o-p-i.fr\/parlonsen\/wp-json\/wp\/v2\/posts\/57130\/revisions"}],"wp:attachment":[{"href":"https:\/\/www.o-p-i.fr\/parlonsen\/wp-json\/wp\/v2\/media?parent=57130"}],"wp:term":[{"taxonomy":"category","embeddable":true,"href":"https:\/\/www.o-p-i.fr\/parlonsen\/wp-json\/wp\/v2\/categories?post=57130"},{"taxonomy":"post_tag","embeddable":true,"href":"https:\/\/www.o-p-i.fr\/parlonsen\/wp-json\/wp\/v2\/tags?post=57130"}],"curies":[{"name":"wp","href":"https:\/\/api.w.org\/{rel}","templated":true}]}}