{"id":57136,"date":"2024-01-26T00:15:47","date_gmt":"2024-01-25T23:15:47","guid":{"rendered":"https:\/\/www.o-p-i.fr\/parlonsen\/?p=57136"},"modified":"2025-11-11T23:59:00","modified_gmt":"2025-11-11T22:59:00","slug":"stage-communication-consciente-aux-barrieres-81","status":"publish","type":"post","link":"https:\/\/www.o-p-i.fr\/parlonsen\/parlons-en\/pratique\/stage-communication-consciente-aux-barrieres-81\/","title":{"rendered":"Stage \u00ab\u00a0communication consciente\u00a0\u00bb&#8230; aux Barri\u00e8res (81)"},"content":{"rendered":"<p><strong>Samedi 17 f\u00e9vrier 2024,<\/strong> 9h.30 \u00e0 12h.30 et 14h. \u00e0 18h. aux Barri\u00e8res. a <!--more--><\/p>\n<p>Si cela fait sens pour vous, je vous invite \u00e0 vous inscrire au plus t\u00f4t pour les couples ( 4 couples seulement cheminerons ensemble le samedi matin).<br \/>\nNombre limit\u00e9 aussi pour la pratique en groupe le samedi apr\u00e8s-midi.<\/p>\n<p>Je reste \u00e0 votre disposition pour vos questions et \u00e9tudie toute possibilit\u00e9 de troc afin que l&rsquo;argent ne soit pas un frein pour d\u00e9couvrir ces pr\u00e9cieux outils qui accompagnent la paix en soi.<\/p>\n<p>Et aussi, je reste \u00e0 votre \u00e9coute pour un travail en individuel, en couple et l&rsquo;accompagnement \u00e0 la parentalit\u00e9 cr\u00e9ative.<\/p>\n<p><img data-recalc-dims=\"1\" loading=\"lazy\" decoding=\"async\" class=\"aligncenter size-full wp-image-57137\" src=\"https:\/\/i0.wp.com\/www.o-p-i.fr\/parlonsen\/wp-content\/uploads\/communication-1.jpg?resize=624%2C883&#038;ssl=1\" alt=\"\" width=\"624\" height=\"883\" srcset=\"https:\/\/i0.wp.com\/www.o-p-i.fr\/parlonsen\/wp-content\/uploads\/communication-1.jpg?w=624&amp;ssl=1 624w, https:\/\/i0.wp.com\/www.o-p-i.fr\/parlonsen\/wp-content\/uploads\/communication-1.jpg?resize=212%2C300&amp;ssl=1 212w, https:\/\/i0.wp.com\/www.o-p-i.fr\/parlonsen\/wp-content\/uploads\/communication-1.jpg?resize=400%2C566&amp;ssl=1 400w, https:\/\/i0.wp.com\/www.o-p-i.fr\/parlonsen\/wp-content\/uploads\/communication-1.jpg?resize=430%2C608&amp;ssl=1 430w, https:\/\/i0.wp.com\/www.o-p-i.fr\/parlonsen\/wp-content\/uploads\/communication-1.jpg?resize=150%2C212&amp;ssl=1 150w, https:\/\/i0.wp.com\/www.o-p-i.fr\/parlonsen\/wp-content\/uploads\/communication-1.jpg?resize=100%2C142&amp;ssl=1 100w\" sizes=\"auto, (max-width: 624px) 100vw, 624px\" \/><\/p>\n<p><em>Information communiqu\u00e9e par Caroline CANNATA<\/em><\/p>\n<p><a href=\"http:\/\/www.o-p-i.fr\/parlonsen\/agenda\/\">Retrouvez tous les \u00e9v\u00e9nements dans l&rsquo;agenda !<\/a><\/p>\n","protected":false},"excerpt":{"rendered":"<div class=\"mh-excerpt\">Samedi 17 f\u00e9vrier 2024, 9h.30 \u00e0 12h.30 et 14h. \u00e0 18h. aux Barri\u00e8res. a<\/div>\n","protected":false},"author":4,"featured_media":0,"comment_status":"open","ping_status":"open","sticky":false,"template":"","format":"standard","meta":{"om_disable_all_campaigns":false,"advanced_seo_description":"","jetpack_seo_html_title":"","jetpack_seo_noindex":false,"_jetpack_memberships_contains_paid_content":false,"footnotes":"","_links_to":"","_links_to_target":""},"categories":[42,725,6,5880],"tags":[656,4835,5193],"class_list":{"0":"post-57136","1":"post","2":"type-post","3":"status-publish","4":"format-standard","6":"category-a-cote-de-chez-nous","7":"category-formation-parlons-en","8":"category-pratique","9":"category-n-215-fevrier-2024","10":"tag-les-barrieres","11":"tag-communication-consciente","12":"tag-caroline-cannata"},"jetpack_featured_media_url":"","views":{"total":0,"cached_at":"","cached_date":1738332922},"jetpack_likes_enabled":true,"jetpack_sharing_enabled":true,"jetpack_shortlink":"https:\/\/wp.me\/pg7Wxj-eRy","jetpack-related-posts":[],"_links":{"self":[{"href":"https:\/\/www.o-p-i.fr\/parlonsen\/wp-json\/wp\/v2\/posts\/57136","targetHints":{"allow":["GET"]}}],"collection":[{"href":"https:\/\/www.o-p-i.fr\/parlonsen\/wp-json\/wp\/v2\/posts"}],"about":[{"href":"https:\/\/www.o-p-i.fr\/parlonsen\/wp-json\/wp\/v2\/types\/post"}],"author":[{"embeddable":true,"href":"https:\/\/www.o-p-i.fr\/parlonsen\/wp-json\/wp\/v2\/users\/4"}],"replies":[{"embeddable":true,"href":"https:\/\/www.o-p-i.fr\/parlonsen\/wp-json\/wp\/v2\/comments?post=57136"}],"version-history":[{"count":1,"href":"https:\/\/www.o-p-i.fr\/parlonsen\/wp-json\/wp\/v2\/posts\/57136\/revisions"}],"predecessor-version":[{"id":67494,"href":"https:\/\/www.o-p-i.fr\/parlonsen\/wp-json\/wp\/v2\/posts\/57136\/revisions\/67494"}],"wp:attachment":[{"href":"https:\/\/www.o-p-i.fr\/parlonsen\/wp-json\/wp\/v2\/media?parent=57136"}],"wp:term":[{"taxonomy":"category","embeddable":true,"href":"https:\/\/www.o-p-i.fr\/parlonsen\/wp-json\/wp\/v2\/categories?post=57136"},{"taxonomy":"post_tag","embeddable":true,"href":"https:\/\/www.o-p-i.fr\/parlonsen\/wp-json\/wp\/v2\/tags?post=57136"}],"curies":[{"name":"wp","href":"https:\/\/api.w.org\/{rel}","templated":true}]}}