{"id":57156,"date":"2024-01-30T16:31:24","date_gmt":"2024-01-30T15:31:24","guid":{"rendered":"https:\/\/www.o-p-i.fr\/parlonsen\/?p=57156"},"modified":"2024-01-30T16:31:24","modified_gmt":"2024-01-30T15:31:24","slug":"loto-des-amis-de-saint-jean-a-la-sauziere-81","status":"publish","type":"post","link":"https:\/\/www.o-p-i.fr\/parlonsen\/parlons-en\/pratique\/loto-des-amis-de-saint-jean-a-la-sauziere-81\/","title":{"rendered":"Loto des amis de Saint Jean&#8230;  \u00e0 La Sauzi\u00e8re (81)"},"content":{"rendered":"<p><strong>Dimanche 3 mars 2024<\/strong>, \u00e0 14h.30 \u00e0 la salle des f\u00eates.<!--more--><\/p>\n<p><img data-recalc-dims=\"1\" loading=\"lazy\" decoding=\"async\" class=\"aligncenter size-large wp-image-57157\" src=\"https:\/\/i0.wp.com\/www.o-p-i.fr\/parlonsen\/wp-content\/uploads\/loto-st-jean.jpg?resize=777%2C1024&#038;ssl=1\" alt=\"\" width=\"777\" height=\"1024\" srcset=\"https:\/\/i0.wp.com\/www.o-p-i.fr\/parlonsen\/wp-content\/uploads\/loto-st-jean.jpg?resize=777%2C1024&amp;ssl=1 777w, https:\/\/i0.wp.com\/www.o-p-i.fr\/parlonsen\/wp-content\/uploads\/loto-st-jean.jpg?resize=228%2C300&amp;ssl=1 228w, https:\/\/i0.wp.com\/www.o-p-i.fr\/parlonsen\/wp-content\/uploads\/loto-st-jean.jpg?resize=768%2C1011&amp;ssl=1 768w, https:\/\/i0.wp.com\/www.o-p-i.fr\/parlonsen\/wp-content\/uploads\/loto-st-jean.jpg?resize=1166%2C1536&amp;ssl=1 1166w, https:\/\/i0.wp.com\/www.o-p-i.fr\/parlonsen\/wp-content\/uploads\/loto-st-jean.jpg?resize=750%2C988&amp;ssl=1 750w, https:\/\/i0.wp.com\/www.o-p-i.fr\/parlonsen\/wp-content\/uploads\/loto-st-jean.jpg?resize=400%2C527&amp;ssl=1 400w, https:\/\/i0.wp.com\/www.o-p-i.fr\/parlonsen\/wp-content\/uploads\/loto-st-jean.jpg?resize=430%2C566&amp;ssl=1 430w, https:\/\/i0.wp.com\/www.o-p-i.fr\/parlonsen\/wp-content\/uploads\/loto-st-jean.jpg?resize=150%2C198&amp;ssl=1 150w, https:\/\/i0.wp.com\/www.o-p-i.fr\/parlonsen\/wp-content\/uploads\/loto-st-jean.jpg?resize=100%2C132&amp;ssl=1 100w, https:\/\/i0.wp.com\/www.o-p-i.fr\/parlonsen\/wp-content\/uploads\/loto-st-jean.jpg?w=1454&amp;ssl=1 1454w\" sizes=\"auto, (max-width: 777px) 100vw, 777px\" \/><\/p>\n","protected":false},"excerpt":{"rendered":"<div class=\"mh-excerpt\">Dimanche 3 mars 2024, \u00e0 14h.30 \u00e0 la salle des f\u00eates.<\/div>\n","protected":false},"author":4,"featured_media":0,"comment_status":"open","ping_status":"open","sticky":false,"template":"","format":"standard","meta":{"om_disable_all_campaigns":false,"advanced_seo_description":"","jetpack_seo_html_title":"","jetpack_seo_noindex":false,"_jetpack_memberships_contains_paid_content":false,"footnotes":"","_links_to":"","_links_to_target":""},"categories":[24,6,5881],"tags":[2547,193,228],"class_list":{"0":"post-57156","1":"post","2":"type-post","3":"status-publish","4":"format-standard","6":"category-la-sauziere-saint-jean","7":"category-pratique","8":"category-n-216-mars-2024","9":"tag-la-sauziere-saint-jean","10":"tag-loto","11":"tag-patrimoine"},"jetpack_featured_media_url":"","views":{"total":3,"cached_at":"","cached_date":1738496506},"jetpack_likes_enabled":true,"jetpack_sharing_enabled":true,"jetpack_shortlink":"https:\/\/wp.me\/pg7Wxj-eRS","jetpack-related-posts":[],"_links":{"self":[{"href":"https:\/\/www.o-p-i.fr\/parlonsen\/wp-json\/wp\/v2\/posts\/57156","targetHints":{"allow":["GET"]}}],"collection":[{"href":"https:\/\/www.o-p-i.fr\/parlonsen\/wp-json\/wp\/v2\/posts"}],"about":[{"href":"https:\/\/www.o-p-i.fr\/parlonsen\/wp-json\/wp\/v2\/types\/post"}],"author":[{"embeddable":true,"href":"https:\/\/www.o-p-i.fr\/parlonsen\/wp-json\/wp\/v2\/users\/4"}],"replies":[{"embeddable":true,"href":"https:\/\/www.o-p-i.fr\/parlonsen\/wp-json\/wp\/v2\/comments?post=57156"}],"version-history":[{"count":0,"href":"https:\/\/www.o-p-i.fr\/parlonsen\/wp-json\/wp\/v2\/posts\/57156\/revisions"}],"wp:attachment":[{"href":"https:\/\/www.o-p-i.fr\/parlonsen\/wp-json\/wp\/v2\/media?parent=57156"}],"wp:term":[{"taxonomy":"category","embeddable":true,"href":"https:\/\/www.o-p-i.fr\/parlonsen\/wp-json\/wp\/v2\/categories?post=57156"},{"taxonomy":"post_tag","embeddable":true,"href":"https:\/\/www.o-p-i.fr\/parlonsen\/wp-json\/wp\/v2\/tags?post=57156"}],"curies":[{"name":"wp","href":"https:\/\/api.w.org\/{rel}","templated":true}]}}