{"id":57195,"date":"2024-02-02T01:44:44","date_gmt":"2024-02-02T00:44:44","guid":{"rendered":"https:\/\/www.o-p-i.fr\/parlonsen\/?p=57195"},"modified":"2024-02-02T01:47:04","modified_gmt":"2024-02-02T00:47:04","slug":"seance-theatrale-a-la-carte-a-montauban-82-17","status":"publish","type":"post","link":"https:\/\/www.o-p-i.fr\/parlonsen\/parlons-en\/pratique\/seance-theatrale-a-la-carte-a-montauban-82-17\/","title":{"rendered":"S\u00e9ance Th\u00e9\u00e2trale \u00e0 la carte&#8230; \u00e0 Montauban (82)"},"content":{"rendered":"<p><strong>Samedi 10 f\u00e9vrier 2024<\/strong> \u00e0 16h30, th\u00e9\u00e2tre de l&rsquo;Embellie<!--more--><\/p>\n<p><img data-recalc-dims=\"1\" loading=\"lazy\" decoding=\"async\" class=\"alignright size-full wp-image-57196\" src=\"https:\/\/i0.wp.com\/www.o-p-i.fr\/parlonsen\/wp-content\/uploads\/sceance-a-la-carte.jpg?resize=425%2C425&#038;ssl=1\" alt=\"\" width=\"425\" height=\"425\" srcset=\"https:\/\/i0.wp.com\/www.o-p-i.fr\/parlonsen\/wp-content\/uploads\/sceance-a-la-carte.jpg?w=425&amp;ssl=1 425w, https:\/\/i0.wp.com\/www.o-p-i.fr\/parlonsen\/wp-content\/uploads\/sceance-a-la-carte.jpg?resize=300%2C300&amp;ssl=1 300w, https:\/\/i0.wp.com\/www.o-p-i.fr\/parlonsen\/wp-content\/uploads\/sceance-a-la-carte.jpg?resize=150%2C150&amp;ssl=1 150w, https:\/\/i0.wp.com\/www.o-p-i.fr\/parlonsen\/wp-content\/uploads\/sceance-a-la-carte.jpg?resize=400%2C400&amp;ssl=1 400w, https:\/\/i0.wp.com\/www.o-p-i.fr\/parlonsen\/wp-content\/uploads\/sceance-a-la-carte.jpg?resize=100%2C100&amp;ssl=1 100w\" sizes=\"auto, (max-width: 425px) 100vw, 425px\" \/>\u00a0Samedi 10 f\u00e9vrier 2024 \u00e0 16h30 : S\u00e9ance Th\u00e9\u00e2trale \u00e0 la carte<br \/>\nTarif : 30\u20ac par s\u00e9ance de 2 heures &#8211; 25\u20ac par s\u00e9ance pour 4 s\u00e9ances<br \/>\nNos s\u00e9ances th\u00e9\u00e2trales sont des s\u00e9ances d&rsquo;exploration des comportements et des situations en utilisant des techniques de jeu th\u00e9\u00e2tral. Elles ont pour but de vous rappeler d&rsquo;\u00eatre vous-m\u00eame, sans crainte, de profiter de chaque instant, de rire chaque fois que vous le pouvez, d&rsquo;\u00eatre les acteurs de votre propre vie et de la jouer avec joie ! Si vous voulez vous amuser et apprendre beaucoup de choses sur vous-m\u00eame, sur les autres, si vous voulez faire du th\u00e9\u00e2tre ou simplement jouer, venez nous rencontrer, venez rire avec nous ! Aucun engagement n&rsquo;est n\u00e9cessaire. Les r\u00e9servations de 4 s\u00e9ances ne le sont pas forc\u00e9ment pour 4 s\u00e9ances cons\u00e9cutives. Vous pouvez suivre les s\u00e9ances quand vous le souhaitez dans l&rsquo;ann\u00e9e, de fa\u00e7on continue ou ponctuelle, en fonction de vos disponibilit\u00e9s et\/ou de vos envies. 12 participants maximum par s\u00e9ance. Inscription indispensable.<\/p>\n<p>&nbsp;<\/p>\n<figure id=\"attachment_18509\" aria-describedby=\"caption-attachment-18509\" style=\"width: 300px\" class=\"wp-caption alignleft\"><img data-recalc-dims=\"1\" loading=\"lazy\" decoding=\"async\" class=\"size-medium wp-image-18509\" src=\"https:\/\/i0.wp.com\/www.o-p-i.fr\/parlonsen\/wp-content\/uploads\/theatredelembellie.jpg?resize=300%2C110&#038;ssl=1\" alt=\"\" width=\"300\" height=\"110\" srcset=\"https:\/\/i0.wp.com\/www.o-p-i.fr\/parlonsen\/wp-content\/uploads\/theatredelembellie.jpg?resize=300%2C110&amp;ssl=1 300w, https:\/\/i0.wp.com\/www.o-p-i.fr\/parlonsen\/wp-content\/uploads\/theatredelembellie.jpg?w=600&amp;ssl=1 600w\" sizes=\"auto, (max-width: 300px) 100vw, 300px\" \/><figcaption id=\"caption-attachment-18509\" class=\"wp-caption-text\">Th\u00e9\u00e2tre de l&rsquo;Embellie &#8211; Montauban (82)<\/figcaption><\/figure>\n<p>THEATRE DE L&rsquo;EMBELLIE &#8211;<\/p>\n<p>828 avenue de Bordeaux \u00e0 Montauban &#8211;<\/p>\n<p>05 63 91 96 20<br \/>\nLicences cat\u00e9gorie 1 : L-R-20-9678 &#8211; cat\u00e9gorie 3 : L-R-20-9708<\/p>\n<p><em>Information communiqu\u00e9e par Chantal BEGHIN<\/em><\/p>\n<p><a href=\"http:\/\/www.o-p-i.fr\/parlonsen\/agenda\/\">Retrouvez tous les \u00e9v\u00e9nements dans l&rsquo;agenda !<\/a><\/p>\n","protected":false},"excerpt":{"rendered":"<div class=\"mh-excerpt\">Samedi 10 f\u00e9vrier 2024 \u00e0 16h30, th\u00e9\u00e2tre de l&rsquo;Embellie<\/div>\n","protected":false},"author":4,"featured_media":0,"comment_status":"open","ping_status":"open","sticky":false,"template":"","format":"standard","meta":{"om_disable_all_campaigns":false,"advanced_seo_description":"","jetpack_seo_html_title":"","jetpack_seo_noindex":false,"_jetpack_memberships_contains_paid_content":false,"footnotes":"","_links_to":"","_links_to_target":""},"categories":[42,725,6,5880],"tags":[99,2736,5968],"class_list":{"0":"post-57195","1":"post","2":"type-post","3":"status-publish","4":"format-standard","6":"category-a-cote-de-chez-nous","7":"category-formation-parlons-en","8":"category-pratique","9":"category-n-215-fevrier-2024","10":"tag-montauban","11":"tag-theatre-de-lembellie","12":"tag-seance-theatrale"},"jetpack_featured_media_url":"","views":{"total":0,"cached_at":"","cached_date":1738211528},"jetpack_likes_enabled":true,"jetpack_sharing_enabled":true,"jetpack_shortlink":"https:\/\/wp.me\/pg7Wxj-eSv","jetpack-related-posts":[],"_links":{"self":[{"href":"https:\/\/www.o-p-i.fr\/parlonsen\/wp-json\/wp\/v2\/posts\/57195","targetHints":{"allow":["GET"]}}],"collection":[{"href":"https:\/\/www.o-p-i.fr\/parlonsen\/wp-json\/wp\/v2\/posts"}],"about":[{"href":"https:\/\/www.o-p-i.fr\/parlonsen\/wp-json\/wp\/v2\/types\/post"}],"author":[{"embeddable":true,"href":"https:\/\/www.o-p-i.fr\/parlonsen\/wp-json\/wp\/v2\/users\/4"}],"replies":[{"embeddable":true,"href":"https:\/\/www.o-p-i.fr\/parlonsen\/wp-json\/wp\/v2\/comments?post=57195"}],"version-history":[{"count":0,"href":"https:\/\/www.o-p-i.fr\/parlonsen\/wp-json\/wp\/v2\/posts\/57195\/revisions"}],"wp:attachment":[{"href":"https:\/\/www.o-p-i.fr\/parlonsen\/wp-json\/wp\/v2\/media?parent=57195"}],"wp:term":[{"taxonomy":"category","embeddable":true,"href":"https:\/\/www.o-p-i.fr\/parlonsen\/wp-json\/wp\/v2\/categories?post=57195"},{"taxonomy":"post_tag","embeddable":true,"href":"https:\/\/www.o-p-i.fr\/parlonsen\/wp-json\/wp\/v2\/tags?post=57195"}],"curies":[{"name":"wp","href":"https:\/\/api.w.org\/{rel}","templated":true}]}}