{"id":57216,"date":"2024-02-06T16:14:29","date_gmt":"2024-02-06T15:14:29","guid":{"rendered":"https:\/\/www.o-p-i.fr\/parlonsen\/?p=57216"},"modified":"2024-02-09T02:04:33","modified_gmt":"2024-02-09T01:04:33","slug":"le-souffle-de-la-bombe-theatre-a-gaillac-81","status":"publish","type":"post","link":"https:\/\/www.o-p-i.fr\/parlonsen\/localisation\/a-cote-de-chez-nous\/le-souffle-de-la-bombe-theatre-a-gaillac-81\/","title":{"rendered":"\u00ab\u00a0Le souffle de la bombe\u00a0\u00bb , th\u00e9\u00e2tre&#8230; \u00e0 Gaillac (81)"},"content":{"rendered":"<p><strong>Vendredi 9 f\u00e9vrier 2024<\/strong> \u00e0 20h30, Au Balcon.<!--more-->Le souffle de la BOMBE EN COMPAGNIE DES POUZOUERES &#8211; 20H30<\/p>\n<p><img data-recalc-dims=\"1\" loading=\"lazy\" decoding=\"async\" class=\"alignright size-full wp-image-57217\" src=\"https:\/\/i0.wp.com\/www.o-p-i.fr\/parlonsen\/wp-content\/uploads\/Bombe.jpg?resize=425%2C156&#038;ssl=1\" alt=\"\" width=\"425\" height=\"156\" srcset=\"https:\/\/i0.wp.com\/www.o-p-i.fr\/parlonsen\/wp-content\/uploads\/Bombe.jpg?w=425&amp;ssl=1 425w, https:\/\/i0.wp.com\/www.o-p-i.fr\/parlonsen\/wp-content\/uploads\/Bombe.jpg?resize=300%2C110&amp;ssl=1 300w, https:\/\/i0.wp.com\/www.o-p-i.fr\/parlonsen\/wp-content\/uploads\/Bombe.jpg?resize=400%2C147&amp;ssl=1 400w, https:\/\/i0.wp.com\/www.o-p-i.fr\/parlonsen\/wp-content\/uploads\/Bombe.jpg?resize=150%2C55&amp;ssl=1 150w, https:\/\/i0.wp.com\/www.o-p-i.fr\/parlonsen\/wp-content\/uploads\/Bombe.jpg?resize=100%2C37&amp;ssl=1 100w\" sizes=\"auto, (max-width: 425px) 100vw, 425px\" \/>Et si nous avions oubli\u00e9 que nos actes avaient de v\u00e9ritables cons\u00e9quences sur le monde ? C&rsquo;est ce qu&rsquo;ELLE pr\u00e9tend. ELLE n&rsquo;en peut plus de ce monde et des injonctions qu&rsquo;on lui impose. Suite \u00e0 une s\u00e9rie d&rsquo;\u00e9v\u00e8nements, ELLE va pouvoir modifier le cours des choses et cr\u00e9er un cataclysme. LUI ne comprend pas pourquoi ELLE agit ainsi. Le Souffle de la bombe c&rsquo;est un huis clos bouleversant, parsem\u00e9 d&rsquo;humour, qui nous invite \u00e0 nous questionner sur notre propre existence.<\/p>\n<p>\u00c0 travers cette revisite libre du mythe de M\u00e9d\u00e9e, et une mise en sc\u00e8ne tirant sur le tragi-comique, ce spectacle am\u00e8ne \u00e0 la r\u00e9flexion sur notre propre condition face aux enjeux plan\u00e9taires \u00e9vidents.<\/p>\n<p>Cette pi\u00e8ce absurde, tragique et loufoque nous transporte dans un univers volontairement d\u00e9cal\u00e9.<\/p>\n<p>En compagnie des Pouzou\u00e8res est une compagnie gersoise qui questionne le rapport au r\u00e9el tout en mettant en lumi\u00e8re la fragilit\u00e9 des personnages que l&rsquo;on nomme invisibles, ceux qui ne parviennent pas \u00e0 donner un sens \u00e0 leur vie. Pour ne pas sombrer dans la facilit\u00e9 de la culpabilisation, la mise en sc\u00e8ne a fait le choix de l&rsquo;humour. Gr\u00e2ce \u00e0 une \u00e9criture ludique et critique, le Souffle de le Bombe permet de mettre en lumi\u00e8re ce changement de paradigme face au d\u00e9r\u00e8glement climatique.<\/p>\n<p>Dur\u00e9e : 1h15<br \/>\nA partir de 14 ans<\/p>\n<p>Tarif : 10\u20ac \/ R\u00e9duit : 5\u20ac \/ &#8211; 15 ans : 2,5\u20ac<\/p>\n<p>LE BALCON, salle de spectacles<br \/>\nRue Philippe Noiret<br \/>\n81600 Gaillac<\/p>\n<p><em>Information communiqu\u00e9e par \u00ab\u00a0Le balcon\u00a0\u00bb<\/em><\/p>\n<p><a href=\"http:\/\/www.o-p-i.fr\/parlonsen\/agenda\/\">Retrouvez tous les \u00e9v\u00e9nements dans l&rsquo;agenda !<\/a><\/p>\n<p>&nbsp;<\/p>\n","protected":false},"excerpt":{"rendered":"<div class=\"mh-excerpt\">Vendredi 9 f\u00e9vrier 2024 \u00e0 20h30, Au Balcon.<\/div>\n","protected":false},"author":4,"featured_media":0,"comment_status":"open","ping_status":"open","sticky":false,"template":"","format":"standard","meta":{"om_disable_all_campaigns":false,"advanced_seo_description":"","jetpack_seo_html_title":"","jetpack_seo_noindex":false,"_jetpack_memberships_contains_paid_content":false,"footnotes":"","_links_to":"","_links_to_target":""},"categories":[42,54,5880],"tags":[5974,5975,215],"class_list":{"0":"post-57216","1":"post","2":"type-post","3":"status-publish","4":"format-standard","6":"category-a-cote-de-chez-nous","7":"category-loisirs","8":"category-n-215-fevrier-2024","9":"tag-le-balcon","10":"tag-cie-des-pouzoueres","11":"tag-gaillac"},"jetpack_featured_media_url":"","views":{"total":0,"cached_at":"","cached_date":1738515624},"jetpack_likes_enabled":true,"jetpack_sharing_enabled":true,"jetpack_shortlink":"https:\/\/wp.me\/pg7Wxj-eSQ","jetpack-related-posts":[],"_links":{"self":[{"href":"https:\/\/www.o-p-i.fr\/parlonsen\/wp-json\/wp\/v2\/posts\/57216","targetHints":{"allow":["GET"]}}],"collection":[{"href":"https:\/\/www.o-p-i.fr\/parlonsen\/wp-json\/wp\/v2\/posts"}],"about":[{"href":"https:\/\/www.o-p-i.fr\/parlonsen\/wp-json\/wp\/v2\/types\/post"}],"author":[{"embeddable":true,"href":"https:\/\/www.o-p-i.fr\/parlonsen\/wp-json\/wp\/v2\/users\/4"}],"replies":[{"embeddable":true,"href":"https:\/\/www.o-p-i.fr\/parlonsen\/wp-json\/wp\/v2\/comments?post=57216"}],"version-history":[{"count":0,"href":"https:\/\/www.o-p-i.fr\/parlonsen\/wp-json\/wp\/v2\/posts\/57216\/revisions"}],"wp:attachment":[{"href":"https:\/\/www.o-p-i.fr\/parlonsen\/wp-json\/wp\/v2\/media?parent=57216"}],"wp:term":[{"taxonomy":"category","embeddable":true,"href":"https:\/\/www.o-p-i.fr\/parlonsen\/wp-json\/wp\/v2\/categories?post=57216"},{"taxonomy":"post_tag","embeddable":true,"href":"https:\/\/www.o-p-i.fr\/parlonsen\/wp-json\/wp\/v2\/tags?post=57216"}],"curies":[{"name":"wp","href":"https:\/\/api.w.org\/{rel}","templated":true}]}}