{"id":57229,"date":"2024-02-07T10:49:12","date_gmt":"2024-02-07T09:49:12","guid":{"rendered":"https:\/\/www.o-p-i.fr\/parlonsen\/?p=57229"},"modified":"2024-02-07T10:50:03","modified_gmt":"2024-02-07T09:50:03","slug":"cine-debat-la-riviere-a-gaillac-81","status":"publish","type":"post","link":"https:\/\/www.o-p-i.fr\/parlonsen\/parlons-en\/culture\/cine-debat-la-riviere-a-gaillac-81\/","title":{"rendered":"\u00a0Cin\u00e9 d\u00e9bat \u00ab\u00a0La RIVIERE\u00a0\u00bb&#8230; \u00e0 Gaillac (81)"},"content":{"rendered":"<p><strong>Jeudi 29 f\u00e9vrier 2024<\/strong>, de 20h.15 \u00e0 22h. \u00e0 l&rsquo;Imagin cin\u00e9ma. <!--more--><\/p>\n<p><img data-recalc-dims=\"1\" loading=\"lazy\" decoding=\"async\" class=\"alignright size-full wp-image-57232\" src=\"https:\/\/i0.wp.com\/www.o-p-i.fr\/parlonsen\/wp-content\/uploads\/La-riviere.jpg?resize=425%2C642&#038;ssl=1\" alt=\"\" width=\"425\" height=\"642\" srcset=\"https:\/\/i0.wp.com\/www.o-p-i.fr\/parlonsen\/wp-content\/uploads\/La-riviere.jpg?w=425&amp;ssl=1 425w, https:\/\/i0.wp.com\/www.o-p-i.fr\/parlonsen\/wp-content\/uploads\/La-riviere.jpg?resize=199%2C300&amp;ssl=1 199w, https:\/\/i0.wp.com\/www.o-p-i.fr\/parlonsen\/wp-content\/uploads\/La-riviere.jpg?resize=400%2C604&amp;ssl=1 400w, https:\/\/i0.wp.com\/www.o-p-i.fr\/parlonsen\/wp-content\/uploads\/La-riviere.jpg?resize=150%2C227&amp;ssl=1 150w, https:\/\/i0.wp.com\/www.o-p-i.fr\/parlonsen\/wp-content\/uploads\/La-riviere.jpg?resize=100%2C151&amp;ssl=1 100w\" sizes=\"auto, (max-width: 425px) 100vw, 425px\" \/>Cin\u00e9 d\u00e9bat La RIVIERE<\/p>\n<p>Le Groupe <strong>\u00c9glise Verte<\/strong> de Gaillac s&rsquo;est associ\u00e9 \u00e0 <strong>Imagin&rsquo;cinemas<\/strong> pour proposer un cin\u00e9 d\u00e9bat dit <strong>\u00ab\u00a0Laudato si&rsquo;n\u00e9\u00a0\u00bb<\/strong> avec le film documentaire de Dominique Marchais La Rivi\u00e8re, sur le th\u00e8me de l&rsquo;eau, th\u00e8me essentiel au c\u0153ur du changement climatique.<\/p>\n<p>D\u00e9bat avec la salle en pr\u00e9sence de pascale Lyvinec du syndicat Bassin Versant Tarn Aval.<\/p>\n<ul>\n<li>Date de l&rsquo;\u00e9v\u00e9nement : <strong>Jeudi 29 f\u00e9vrier 2024<\/strong><\/li>\n<li>Horaires : 20:15 \u00e0 22:00<\/li>\n<li>Pour y aller :<br \/>\n3 pl Rives Thomas 81600-Gaillac<\/li>\n<li>Tarifs : 6 \u20acuros<\/li>\n<li>Organisateur : Groupe Eglise Verte de Gaillac<\/li>\n<\/ul>\n<p>Pour voir la bande annonce,<strong><a href=\"https:\/\/www.google.com\/search?q=film+documentaire+de+Dominique+Marchais+La+Rivi%C3%A8re&amp;sca_esv=4117407177bffc2f&amp;rlz=1C1CHZN_frFR989FR991&amp;sxsrf=ACQVn09UaAiwR_3OeMIqbrwGg5NzcWmSGQ%3A1707295263399&amp;ei=H0LDZcb5F9mQkdUPsJaimA4&amp;ved=0ahUKEwiGhc696piEAxVZSKQEHTCLCOMQ4dUDCBA&amp;oq=film+documentaire+de+Dominique+Marchais+La+Rivi%C3%A8re&amp;gs_lp=Egxnd3Mtd2l6LXNlcnAiM2ZpbG0gZG9jdW1lbnRhaXJlIGRlIERvbWluaXF1ZSBNYXJjaGFpcyBMYSBSaXZpw6hyZTIFECEYoAFIsRhQAFgAcAB4AZABAJgBkwGgAZMBqgEDMC4xuAEMyAEA-AEC-AEB4gMEGAAgQQ&amp;sclient=gws-wiz-serp#fpstate=ive&amp;vld=cid:80c32053,vid:EtIcELoNdNI,st:0\" target=\"_blank\" rel=\"noopener\"> cliquez ici<\/a><\/strong><\/p>\n<p>Note :Le Groupe <strong>Eglise Verte<\/strong> de Gaillac est n\u00e9 quelques ann\u00e9es apr\u00e8s la parution du livre Laudato Si&rsquo; \u00e9crit par le Pape Fran\u00e7ois en 2015 \u00e0 l&rsquo;attention de toute personne de bonne volont\u00e9 pour la Sauvegarde de notre Terre. Ce groupe est compos\u00e9 de chr\u00e9tiens ayant \u00e0 c\u0153ur de porter localement ces questions d&rsquo;\u00e9cologie.<\/p>\n<p>Contact : Marie MARTIN<br \/>\n7 Hameau de Terrisse<br \/>\n81600-BRENS<br \/>\nT\u00e9l. :07 66 68 89 88<br \/>\nCourriel :<a href=\"mailto:mamadith81@gmail.com\" target=\"_blank\" rel=\"noopener\">mamadith81@gmail.com<\/a><\/p>\n<p><em>Information communiqu\u00e9e par Marie MARTIN<\/em><\/p>\n<p><a href=\"http:\/\/www.o-p-i.fr\/parlonsen\/agenda\/\">Retrouvez tous les \u00e9v\u00e9nements dans l&rsquo;agenda !<\/a><\/p>\n","protected":false},"excerpt":{"rendered":"<div class=\"mh-excerpt\">Jeudi 29 f\u00e9vrier 2024, de 20h.15 \u00e0 22h. \u00e0 l&rsquo;Imagin cin\u00e9ma.<\/div>\n","protected":false},"author":4,"featured_media":0,"comment_status":"open","ping_status":"open","sticky":false,"template":"","format":"standard","meta":{"om_disable_all_campaigns":false,"advanced_seo_description":"","jetpack_seo_html_title":"","jetpack_seo_noindex":false,"_jetpack_memberships_contains_paid_content":false,"footnotes":"","_links_to":"","_links_to_target":""},"categories":[52,42,1,725,6,5880],"tags":[3087,3312,5976,5977,215],"class_list":{"0":"post-57229","1":"post","2":"type-post","3":"status-publish","4":"format-standard","6":"category-parlons-en","7":"category-a-cote-de-chez-nous","8":"category-culture","9":"category-formation-parlons-en","10":"category-pratique","11":"category-n-215-fevrier-2024","12":"tag-imagincinema","13":"tag-cine-debat","14":"tag-la-riviere","15":"tag-eglise-verte","16":"tag-gaillac"},"jetpack_featured_media_url":"","views":{"total":0,"cached_at":"","cached_date":1738206748},"jetpack_likes_enabled":true,"jetpack_sharing_enabled":true,"jetpack_shortlink":"https:\/\/wp.me\/pg7Wxj-eT3","jetpack-related-posts":[],"_links":{"self":[{"href":"https:\/\/www.o-p-i.fr\/parlonsen\/wp-json\/wp\/v2\/posts\/57229","targetHints":{"allow":["GET"]}}],"collection":[{"href":"https:\/\/www.o-p-i.fr\/parlonsen\/wp-json\/wp\/v2\/posts"}],"about":[{"href":"https:\/\/www.o-p-i.fr\/parlonsen\/wp-json\/wp\/v2\/types\/post"}],"author":[{"embeddable":true,"href":"https:\/\/www.o-p-i.fr\/parlonsen\/wp-json\/wp\/v2\/users\/4"}],"replies":[{"embeddable":true,"href":"https:\/\/www.o-p-i.fr\/parlonsen\/wp-json\/wp\/v2\/comments?post=57229"}],"version-history":[{"count":0,"href":"https:\/\/www.o-p-i.fr\/parlonsen\/wp-json\/wp\/v2\/posts\/57229\/revisions"}],"wp:attachment":[{"href":"https:\/\/www.o-p-i.fr\/parlonsen\/wp-json\/wp\/v2\/media?parent=57229"}],"wp:term":[{"taxonomy":"category","embeddable":true,"href":"https:\/\/www.o-p-i.fr\/parlonsen\/wp-json\/wp\/v2\/categories?post=57229"},{"taxonomy":"post_tag","embeddable":true,"href":"https:\/\/www.o-p-i.fr\/parlonsen\/wp-json\/wp\/v2\/tags?post=57229"}],"curies":[{"name":"wp","href":"https:\/\/api.w.org\/{rel}","templated":true}]}}