{"id":57286,"date":"2024-02-09T00:21:41","date_gmt":"2024-02-08T23:21:41","guid":{"rendered":"https:\/\/www.o-p-i.fr\/parlonsen\/?p=57286"},"modified":"2024-02-09T00:37:10","modified_gmt":"2024-02-08T23:37:10","slug":"atelier-la-prise-de-vue-video-a-montauban-82","status":"publish","type":"post","link":"https:\/\/www.o-p-i.fr\/parlonsen\/parlons-en\/pratique\/atelier-la-prise-de-vue-video-a-montauban-82\/","title":{"rendered":"Atelier \u00ab\u00a0la prise de vue vid\u00e9o\u00a0\u00bb&#8230; \u00e0 Montauban (82)"},"content":{"rendered":"<p><strong>Mardi 27 f\u00e9vrier 2024<\/strong>, de 10h. \u00e0 midi, \u00e0 la C.C.I. <!--more--><\/p>\n<h3 style=\"text-align: center;\"><img data-recalc-dims=\"1\" loading=\"lazy\" decoding=\"async\" class=\"alignright size-full wp-image-57287\" src=\"https:\/\/i0.wp.com\/www.o-p-i.fr\/parlonsen\/wp-content\/uploads\/video.jpg?resize=425%2C552&#038;ssl=1\" alt=\"\" width=\"425\" height=\"552\" srcset=\"https:\/\/i0.wp.com\/www.o-p-i.fr\/parlonsen\/wp-content\/uploads\/video.jpg?w=425&amp;ssl=1 425w, https:\/\/i0.wp.com\/www.o-p-i.fr\/parlonsen\/wp-content\/uploads\/video.jpg?resize=231%2C300&amp;ssl=1 231w, https:\/\/i0.wp.com\/www.o-p-i.fr\/parlonsen\/wp-content\/uploads\/video.jpg?resize=400%2C520&amp;ssl=1 400w, https:\/\/i0.wp.com\/www.o-p-i.fr\/parlonsen\/wp-content\/uploads\/video.jpg?resize=150%2C195&amp;ssl=1 150w, https:\/\/i0.wp.com\/www.o-p-i.fr\/parlonsen\/wp-content\/uploads\/video.jpg?resize=100%2C130&amp;ssl=1 100w\" sizes=\"auto, (max-width: 425px) 100vw, 425px\" \/>LA PRISE DE VUE VID\u00c9O<\/h3>\n<p>La vid\u00e9o est devenue <strong>LE<\/strong> moyen incontournable pour communiquer sur internet, mais comment se mettre \u00e0 la vid\u00e9o ?<br \/>\nPar o\u00f9 commencer ?<br \/>\nComment monter en comp\u00e9tence pour des vid\u00e9os plus percutantes et impactantes ?<\/p>\n<p>Lors de cet atelier, vous mettrez en pratique les techniques du tournage et de la conception de projets appliqu\u00e9s \u00e0 votre propre activit\u00e9 professionnelle.<\/p>\n<p>Mardi 27 f\u00e9vrier 2024 de 10h \u00e0 12h<br \/>\nA la CCI Tarn-et-Garonne &#8211; 53 avenue Gambetta 82000 MONTAUBAN<\/p>\n<ul>\n<li><strong>LE PROGRAMME<\/strong><\/li>\n<\/ul>\n<p>D\u00e9couvrir et comprendre les notions de plans, rythme de montage, narration par la projection et l&rsquo;analyse d&rsquo;une s\u00e9quence de film,<br \/>\nMettre en pratique au niveau de la prise de vue,<br \/>\nAppliquer les bons principes pour mettre en valeur notre activit\u00e9 professionnelle.<\/p>\n<ul>\n<li><strong>L&rsquo;INTERVENANT<\/strong><\/li>\n<\/ul>\n<p>Pierre MALACARNET a travaill\u00e9 plus de 20 ans en tant que chef monteur pour le journal t\u00e9l\u00e9vis\u00e9 de France 2 \u00e0 Marseille, Berlin, Bordeaux et Toulouse, et comme cam\u00e9raman pour France 3 r\u00e9gion PACA.<\/p>\n<p>Il est intervenant formateur \u00e0 l&rsquo;Institut Europ\u00e9en de Journalisme \u00e0 Marseille depuis 2012 en conception, r\u00e9alisation et montage.<\/p>\n<ul>\n<li><strong>INSCRIPTION:\u00a0 <a href=\"https:\/\/www.tarn-et-garonne.cci.fr\/webform\/atelier_numerique_du_mardi_27_fe\" target=\"_blank\" rel=\"noopener\">Cliquez ici<\/a><\/strong><\/li>\n<\/ul>\n<p>&nbsp;<\/p>\n<p><em>Information communiqu\u00e9e par la CCI de Montauban<\/em><\/p>\n<p><a href=\"http:\/\/www.o-p-i.fr\/parlonsen\/agenda\/\">Retrouvez tous les \u00e9v\u00e9nements dans l&rsquo;agenda !<\/a><\/p>\n","protected":false},"excerpt":{"rendered":"<div class=\"mh-excerpt\">Mardi 27 f\u00e9vrier 2024, de 10h. \u00e0 midi, \u00e0 la C.C.I.<\/div>\n","protected":false},"author":4,"featured_media":0,"comment_status":"open","ping_status":"open","sticky":false,"template":"","format":"standard","meta":{"om_disable_all_campaigns":false,"advanced_seo_description":"","jetpack_seo_html_title":"","jetpack_seo_noindex":false,"_jetpack_memberships_contains_paid_content":false,"footnotes":"","_links_to":"","_links_to_target":""},"categories":[42,725,6,5880],"tags":[5985,195,1569,1663],"class_list":{"0":"post-57286","1":"post","2":"type-post","3":"status-publish","4":"format-standard","6":"category-a-cote-de-chez-nous","7":"category-formation-parlons-en","8":"category-pratique","9":"category-n-215-fevrier-2024","10":"tag-prise-de-vue-video","11":"tag-stage","12":"tag-video","13":"tag-cci-montauban"},"jetpack_featured_media_url":"","views":{"total":1,"cached_at":"","cached_date":1738529695},"jetpack_likes_enabled":true,"jetpack_sharing_enabled":true,"jetpack_shortlink":"https:\/\/wp.me\/pg7Wxj-eTY","jetpack-related-posts":[],"_links":{"self":[{"href":"https:\/\/www.o-p-i.fr\/parlonsen\/wp-json\/wp\/v2\/posts\/57286","targetHints":{"allow":["GET"]}}],"collection":[{"href":"https:\/\/www.o-p-i.fr\/parlonsen\/wp-json\/wp\/v2\/posts"}],"about":[{"href":"https:\/\/www.o-p-i.fr\/parlonsen\/wp-json\/wp\/v2\/types\/post"}],"author":[{"embeddable":true,"href":"https:\/\/www.o-p-i.fr\/parlonsen\/wp-json\/wp\/v2\/users\/4"}],"replies":[{"embeddable":true,"href":"https:\/\/www.o-p-i.fr\/parlonsen\/wp-json\/wp\/v2\/comments?post=57286"}],"version-history":[{"count":0,"href":"https:\/\/www.o-p-i.fr\/parlonsen\/wp-json\/wp\/v2\/posts\/57286\/revisions"}],"wp:attachment":[{"href":"https:\/\/www.o-p-i.fr\/parlonsen\/wp-json\/wp\/v2\/media?parent=57286"}],"wp:term":[{"taxonomy":"category","embeddable":true,"href":"https:\/\/www.o-p-i.fr\/parlonsen\/wp-json\/wp\/v2\/categories?post=57286"},{"taxonomy":"post_tag","embeddable":true,"href":"https:\/\/www.o-p-i.fr\/parlonsen\/wp-json\/wp\/v2\/tags?post=57286"}],"curies":[{"name":"wp","href":"https:\/\/api.w.org\/{rel}","templated":true}]}}