{"id":57411,"date":"2024-02-15T20:34:44","date_gmt":"2024-02-15T19:34:44","guid":{"rendered":"https:\/\/www.o-p-i.fr\/parlonsen\/?p=57411"},"modified":"2024-02-15T20:34:44","modified_gmt":"2024-02-15T19:34:44","slug":"cafe-jardin-preparer-son-potager-a-rabastens-81","status":"publish","type":"post","link":"https:\/\/www.o-p-i.fr\/parlonsen\/parlons-en\/pratique\/cafe-jardin-preparer-son-potager-a-rabastens-81\/","title":{"rendered":"\u00ab\u00a0Caf\u00e9-jardin\u00a0\u00bb, pr\u00e9parer son potager&#8230;\u00e0 Rabastens (81)"},"content":{"rendered":"<p><strong>Mardi 27 f\u00e9vrier 2024<\/strong> \u00e0 20h. au Banc Sonore.<!--more--><\/p>\n<p>Caf\u00e9-jardin pour pr\u00e9parer son potager<\/p>\n<p>Un moment d&rsquo;\u00e9change autour du calendrier pour tenir son potager, les techniques pour le pr\u00e9parer, les compl\u00e9mentarit\u00e9s des vari\u00e9t\u00e9s et des esp\u00e8ces v\u00e9g\u00e9tales.<\/p>\n<p>Si vous avez des questions, des exp\u00e9riences ou des graines \u00e0 partager, venez ce soir l\u00e0 !<\/p>\n<p><img data-recalc-dims=\"1\" loading=\"lazy\" decoding=\"async\" class=\"aligncenter size-full wp-image-57412\" src=\"https:\/\/i0.wp.com\/www.o-p-i.fr\/parlonsen\/wp-content\/uploads\/Cafe-jardin.jpg?resize=624%2C326&#038;ssl=1\" alt=\"\" width=\"624\" height=\"326\" srcset=\"https:\/\/i0.wp.com\/www.o-p-i.fr\/parlonsen\/wp-content\/uploads\/Cafe-jardin.jpg?w=624&amp;ssl=1 624w, https:\/\/i0.wp.com\/www.o-p-i.fr\/parlonsen\/wp-content\/uploads\/Cafe-jardin.jpg?resize=300%2C157&amp;ssl=1 300w, https:\/\/i0.wp.com\/www.o-p-i.fr\/parlonsen\/wp-content\/uploads\/Cafe-jardin.jpg?resize=400%2C209&amp;ssl=1 400w, https:\/\/i0.wp.com\/www.o-p-i.fr\/parlonsen\/wp-content\/uploads\/Cafe-jardin.jpg?resize=430%2C225&amp;ssl=1 430w, https:\/\/i0.wp.com\/www.o-p-i.fr\/parlonsen\/wp-content\/uploads\/Cafe-jardin.jpg?resize=150%2C78&amp;ssl=1 150w, https:\/\/i0.wp.com\/www.o-p-i.fr\/parlonsen\/wp-content\/uploads\/Cafe-jardin.jpg?resize=100%2C52&amp;ssl=1 100w\" sizes=\"auto, (max-width: 624px) 100vw, 624px\" \/><\/p>\n<p><strong>Le Banc Sonore<\/strong><br \/>\n22, Promenade des Lices<br \/>\n81800 Rabastens<\/p>\n<p><em>Information communiqu\u00e9e par D\u00e9mosph\u00e8re<\/em><\/p>\n<p><a href=\"http:\/\/www.o-p-i.fr\/parlonsen\/agenda\/\">Retrouvez tous les \u00e9v\u00e9nements dans l&rsquo;agenda !<\/a><\/p>\n<p>&nbsp;<\/p>\n","protected":false},"excerpt":{"rendered":"<div class=\"mh-excerpt\">Mardi 27 f\u00e9vrier 2024 \u00e0 20h. au Banc Sonore.<\/div>\n","protected":false},"author":4,"featured_media":57412,"comment_status":"open","ping_status":"open","sticky":false,"template":"","format":"standard","meta":{"om_disable_all_campaigns":false,"advanced_seo_description":"","jetpack_seo_html_title":"","jetpack_seo_noindex":false,"_jetpack_memberships_contains_paid_content":false,"footnotes":"","_links_to":"","_links_to_target":""},"categories":[42,725,6,5880],"tags":[72,119,330,2698,2758],"class_list":{"0":"post-57411","1":"post","2":"type-post","3":"status-publish","4":"format-standard","5":"has-post-thumbnail","7":"category-a-cote-de-chez-nous","8":"category-formation-parlons-en","9":"category-pratique","10":"category-n-215-fevrier-2024","11":"tag-rabastens","12":"tag-jardin","13":"tag-rencontre","14":"tag-potager","15":"tag-le-banc-sonore"},"jetpack_featured_media_url":"https:\/\/i0.wp.com\/www.o-p-i.fr\/parlonsen\/wp-content\/uploads\/Cafe-jardin.jpg?fit=624%2C326&ssl=1","views":{"total":0,"cached_at":"","cached_date":1738512370},"jetpack_likes_enabled":true,"jetpack_sharing_enabled":true,"jetpack_shortlink":"https:\/\/wp.me\/pg7Wxj-eVZ","jetpack-related-posts":[],"_links":{"self":[{"href":"https:\/\/www.o-p-i.fr\/parlonsen\/wp-json\/wp\/v2\/posts\/57411","targetHints":{"allow":["GET"]}}],"collection":[{"href":"https:\/\/www.o-p-i.fr\/parlonsen\/wp-json\/wp\/v2\/posts"}],"about":[{"href":"https:\/\/www.o-p-i.fr\/parlonsen\/wp-json\/wp\/v2\/types\/post"}],"author":[{"embeddable":true,"href":"https:\/\/www.o-p-i.fr\/parlonsen\/wp-json\/wp\/v2\/users\/4"}],"replies":[{"embeddable":true,"href":"https:\/\/www.o-p-i.fr\/parlonsen\/wp-json\/wp\/v2\/comments?post=57411"}],"version-history":[{"count":0,"href":"https:\/\/www.o-p-i.fr\/parlonsen\/wp-json\/wp\/v2\/posts\/57411\/revisions"}],"wp:featuredmedia":[{"embeddable":true,"href":"https:\/\/www.o-p-i.fr\/parlonsen\/wp-json\/wp\/v2\/media\/57412"}],"wp:attachment":[{"href":"https:\/\/www.o-p-i.fr\/parlonsen\/wp-json\/wp\/v2\/media?parent=57411"}],"wp:term":[{"taxonomy":"category","embeddable":true,"href":"https:\/\/www.o-p-i.fr\/parlonsen\/wp-json\/wp\/v2\/categories?post=57411"},{"taxonomy":"post_tag","embeddable":true,"href":"https:\/\/www.o-p-i.fr\/parlonsen\/wp-json\/wp\/v2\/tags?post=57411"}],"curies":[{"name":"wp","href":"https:\/\/api.w.org\/{rel}","templated":true}]}}