{"id":57592,"date":"2024-02-28T10:24:20","date_gmt":"2024-02-28T09:24:20","guid":{"rendered":"https:\/\/www.o-p-i.fr\/parlonsen\/?p=57592"},"modified":"2024-04-21T11:09:05","modified_gmt":"2024-04-21T10:09:05","slug":"les-randonnees-de-la-belle-montee-au-pays-des-tescou","status":"publish","type":"post","link":"https:\/\/www.o-p-i.fr\/parlonsen\/localisation\/au-pays-des-tescous\/salvetat\/les-randonnees-de-la-belle-montee-au-pays-des-tescou\/","title":{"rendered":"Les randonn\u00e9es de \u00ab\u00a0La Belle Mont\u00e9e\u00a0\u00bb au Pays des Tescou"},"content":{"rendered":"<p>Mois de <strong>mars et avril 2024<\/strong>, voir le programme:<!--more--><\/p>\n<p dir=\"ltr\" style=\"text-align: center;\"><strong>ASSOCIATION LA BELLE MONTEE &#8211;\u00a0Loisirs et sports en Quercy Vert.\u00a0<\/strong><\/p>\n<p dir=\"ltr\" style=\"text-align: center;\">PROGRAMME DES RANDONN\u00c9ES\u00a0: Mars &amp; Avril 2024<\/p>\n<p dir=\"ltr\">Pour une bonne organisation des randonn\u00e9es, nous vous remercions de vous inscrire\u00a0\u00a0au plus tard la veille de la randonn\u00e9e par t\u00e9l\u00e9phone ou SMS :<\/p>\n<ul>\n<li dir=\"ltr\">\n<p dir=\"ltr\">Pour les randos longues du jeudi et celles du samedi : Serge Lafon : 06.33.83.02.01,<\/p>\n<\/li>\n<\/ul>\n<p dir=\"ltr\">Nicole Ducos :\u00a007.69.26.50.48,\u00a0Jeannette Castella : 06 32 92 46 39.<\/p>\n<ul>\n<li dir=\"ltr\">\n<p dir=\"ltr\">Pour les randos courtes du jeudi : Genevi\u00e8ve Dourel : 06.28.35.48.78.<\/p>\n<\/li>\n<\/ul>\n<p dir=\"ltr\"><strong>Lieu de d\u00e9part des randonn\u00e9es et Horaires<\/strong><\/p>\n<p dir=\"ltr\"><strong>Point de RDV<\/strong> : Maison des Associations (pr\u00e8s de l&rsquo;\u00e9glise) \u00e0 La Salvetat-Belmontet<\/p>\n<p dir=\"ltr\"><strong>Tarif du covoiturage<\/strong> : 3 euros\u00a0(le covoiturage est possible, mais pas obligatoire).<\/p>\n<p dir=\"ltr\"><strong>Horaires\u00a0:\u00a0<\/strong><\/p>\n<ul>\n<li dir=\"ltr\">\n<p dir=\"ltr\">Randos longues jeudi et samedi : Rdv 13h15 pour d\u00e9part 13h30<\/p>\n<\/li>\n<li dir=\"ltr\">\n<p dir=\"ltr\">Randos courtes le jeudi : Rdv 13h45 pour d\u00e9part 14h00<\/p>\n<\/li>\n<\/ul>\n<p>&nbsp;<\/p>\n<p dir=\"ltr\"><strong>Programme du jeudi<\/strong>\u00a0<strong>: Version longue\u00a0 (d\u00e9part 13h30)<\/strong><\/p>\n<p dir=\"ltr\">07\/03: Bruniquel : circuit des moulins &#8211; 12,5 kms &#8211; 3h30 &#8211; moyen (longueur)<\/p>\n<p dir=\"ltr\">14\/03 : Va\u00efssac : PR2 circuit des cr\u00eates &#8211; 13 kms &#8211; 3h00 &#8211; facile<\/p>\n<p dir=\"ltr\">21\/03 : St Antonin : Clergue \/ la Gourgue \/ Girbel &#8211; 11 kms &#8211; 3h00 &#8211; moyen (d\u00e9nivel\u00e9)<\/p>\n<p dir=\"ltr\">28\/03 :\u00a0d\u00e9part 9h00 : Rando courtes et longues :<\/p>\n<ul>\n<li dir=\"ltr\">\n<p dir=\"ltr\">Le matin : Senouillac : Balade autour de Mauriac &#8211; 7,4 kms &#8211; facile<\/p>\n<\/li>\n<li dir=\"ltr\">\n<p dir=\"ltr\">Restaurant \u00e0 midi<\/p>\n<\/li>\n<li dir=\"ltr\">\n<p dir=\"ltr\">Visite du ch\u00e2teau de Mauriac \u00e0 15h<\/p>\n<\/li>\n<\/ul>\n<p dir=\"ltr\">Les informations plus pr\u00e9cises sur le restaurant et le tarif de la visite seront communiqu\u00e9es ult\u00e9rieurement.<\/p>\n<p dir=\"ltr\">04\/04 :\u00a0In\u00e9dite\u00a0: L&rsquo;Honor de Cos &#8211; circuit Cos Pichau &#8211; 11,3 kms &#8211; 3h30 &#8211; moyen (d\u00e9nivel\u00e9)<\/p>\n<p dir=\"ltr\">11\/04 :\u00a0In\u00e9dite\u00a0: Milhars &#8211; PR4 du C\u00e9rou \u00e0 l&rsquo;Aveyron &#8211; 12 kms &#8211; 3h30 &#8211; moyen (longueur)<\/p>\n<p dir=\"ltr\">18\/04 :\u00a0In\u00e9dite\u00a0: Bruniquel &#8211; les Nouals \/ Mari\u00e8res \/ Nouals &#8211; 11 kms &#8211; 3h30 &#8211; moyen (d\u00e9nivel\u00e9)<\/p>\n<p dir=\"ltr\">25\/04 :\u00a0In\u00e9dite\u00a0:\u00a0d\u00e9part 9h00 :\u00a0Rando \u00e0 la journ\u00e9e avec Picnic\u00a0:<\/p>\n<ul>\n<li dir=\"ltr\">\n<p dir=\"ltr\">Caylus : balade des hameaux de Burguet \u00e0 La salle &#8211; 16 kms &#8211; 4h30 &#8211; moyen (d\u00e9nivel\u00e9)<\/p>\n<\/li>\n<\/ul>\n<p dir=\"ltr\"><strong>Programme du jeudi\u00a0: Version courte (d\u00e9part 14h)<\/strong><\/p>\n<p dir=\"ltr\">07\/03 : Va\u00efssac : le lac de Gouyre &#8211; 6 kms &#8211; 2h00 &#8211; facile<\/p>\n<p dir=\"ltr\">14\/03 : Villemeur : les Pontous &#8211; 7 kms &#8211; 2h00 &#8211; moyen (mont\u00e9e au d\u00e9part)<\/p>\n<p dir=\"ltr\">21\/03 : Septfonds : le roc du Saut &#8211; 7,5 kms &#8211; 2h15 &#8211; facile<\/p>\n<p dir=\"ltr\">28\/03 :\u00a0d\u00e9part 9h00 : rando avec restaurant et visite du ch\u00e2teau de Mauriac\u00a0: voir d\u00e9tail rando longues<\/p>\n<p dir=\"ltr\">04\/04 : Verlhac : circuit autour du villages &#8211; 8 kms &#8211; 2h30 &#8211; facile<\/p>\n<p dir=\"ltr\">11\/04 : Rabastens : la boucle St Martin &#8211; 7 kms &#8211; 2h30 &#8211; facile<\/p>\n<p dir=\"ltr\">18\/04 : Voyage en Espagne pour Genevi\u00e8ve mais si encadrant : La Salvetat : Pamperilles 6,5 kms &#8211; facile<\/p>\n<p dir=\"ltr\">25\/04 : Andillac : de Vieux \u00e0 Andillac &#8211; 7,7 kms &#8211; 2h30 &#8211; moyen (un peu de d\u00e9nivel\u00e9)<\/p>\n<p>&nbsp;<\/p>\n<p dir=\"ltr\"><strong>Programme du Samedi (d\u00e9part 13h30)<\/strong><\/p>\n<p dir=\"ltr\">02\/03 : Monteils : Parc de la L\u00e8re &#8211; 9 kms &#8211; 2h30 &#8211; facile<\/p>\n<p dir=\"ltr\">09\/03 : Va\u00efssac : circuit de la for\u00eat de Sarret (les Teularios) &#8211; 9 kms &#8211; 2h30 &#8211; facile<\/p>\n<p dir=\"ltr\">16\/03 : Lavaurette : PR1 la Loge &#8211; 7 kms &#8211; 2h00 &#8211; facile<\/p>\n<p dir=\"ltr\">23\/03 : Septfonds : la tombe du g\u00e9ant &#8211; 10 kms &#8211; 2h30 &#8211; facile<\/p>\n<p dir=\"ltr\">30\/03 : Randonn\u00e9e report\u00e9e au lundi 1er avril pour l&rsquo;omelette de P\u00e2ques organis\u00e9e par l&rsquo;association :<\/p>\n<ul>\n<li dir=\"ltr\">\n<p dir=\"ltr\">lieu et circuit seront pr\u00e9cis\u00e9s ult\u00e9rieurement<\/p>\n<\/li>\n<\/ul>\n<p dir=\"ltr\">06\/04 : St Cirq : les 7 colombiers &#8211; 8,5 kms &#8211; 2h30 &#8211; facile<\/p>\n<p dir=\"ltr\">13\/04 : Villemeur : les Pontous \/ Filhos &#8211; 11 kms &#8211; 3h30 &#8211; moyen (d\u00e9nivel\u00e9)<\/p>\n<p dir=\"ltr\">20\/04 : Cestayrols : sentier des coteaux &#8211; 9,5 kms &#8211; 3h00 &#8211; facile<\/p>\n<p dir=\"ltr\">27\/04 :\u00a0In\u00e9dite\u00a0: Monclar : Tour de Bonnanech &#8211; 10,5 kms &#8211; 2h45 &#8211; moyen (d\u00e9nivel\u00e9)<\/p>\n<p dir=\"ltr\"><strong>Rappel\u00a0:\u00a0<\/strong> Les informations concernant Distance\/Dur\u00e9e\/Difficult\u00e9 sont donn\u00e9es \u00e0 titre indicatif. La dur\u00e9e ne comprend pas les temps de pause, de repas ou de pique-nique et peut varier en fonction du niveau des randonneurs pr\u00e9sents.<\/p>\n<p dir=\"ltr\"><strong>En cas de probl\u00e8me<\/strong> d&rsquo;encadrement, de m\u00e9t\u00e9o, ou tout autre impr\u00e9vu, les organisateurs pourront \u00eatre amen\u00e9s \u00e0 changer le parcours initialement pr\u00e9vu, c&rsquo;est pourquoi nous vous conseillons de toujours venir au point de rendez-vous \u00e0 la salle des associations, parking de l&rsquo;\u00e9glise de La Salvetat.<\/p>\n<h4 dir=\"ltr\" style=\"text-align: center;\">POUR LES CYCLISTES SUR ROUTE\u00a0:<\/h4>\n<p dir=\"ltr\">Le dimanche matin rendez-vous \u00e0 la salle des associations de La Salvetat entre 8h00 et 9h00 suivant la saison. Prendre contact avec les organisateurs ci-dessous. Les parcours seront \u00e9tablis en fonction des participants et de la m\u00e9t\u00e9o (g\u00e9n\u00e9ralement de 60 \u00e0 100 km).<\/p>\n<p dir=\"ltr\">En cas de participation \u00e0 des sorties organis\u00e9es par d&rsquo;autres clubs le lieu de rendez-vous et d\u00e9part pourra changer. En cas de mauvais temps, le jour ou l&rsquo;heure de d\u00e9part pourront \u00e9galement changer.<\/p>\n<p dir=\"ltr\">Contacts : E. VIES 06-08-88-63-37 \/ J.M. SANGLA\u00a007.85.62.46.40.<\/p>\n<p dir=\"ltr\">Vous pouvez \u00e9galement trouver des informations et des photos de nos randonn\u00e9es sur le site internet de l&rsquo;association \u00e0 l&rsquo;adresse\u00a0:\u00a0<a href=\"http:\/\/la-belle-montee.clubeo.com\/\" target=\"_blank\" rel=\"noopener noreferrer\">http:\/\/la-belle-montee.clubeo.com<\/a>.<\/p>\n<p dir=\"ltr\">Contacts\u00a0: Mail\u00a0:\u00a0<a href=\"mailto:jeanmarc.sangla@gmail.com\" rel=\"noreferrer\">jeanmarc.sangla@gmail.com<\/a>\u00a0\u2013 T\u00e9l\u00e9phone\u00a0: Jean-Marc SANGLA 05-63-30-34-16<\/p>\n<p dir=\"ltr\"><em>Information communiqu\u00e9e par Jean-Marc SANGLA<\/em><\/p>\n","protected":false},"excerpt":{"rendered":"<div class=\"mh-excerpt\">Mois de mars et avril 2024, voir le programme:<\/div>\n","protected":false},"author":4,"featured_media":57599,"comment_status":"open","ping_status":"open","sticky":false,"template":"","format":"standard","meta":{"om_disable_all_campaigns":false,"advanced_seo_description":"","jetpack_seo_html_title":"","jetpack_seo_noindex":false,"_jetpack_memberships_contains_paid_content":false,"footnotes":"","_links_to":"","_links_to_target":""},"categories":[52,34,54,53,5881,5937],"tags":[762,1264,4333,4524,5735,6034],"class_list":{"0":"post-57592","1":"post","2":"type-post","3":"status-publish","4":"format-standard","5":"has-post-thumbnail","7":"category-parlons-en","8":"category-salvetat","9":"category-loisirs","10":"category-sports","11":"category-n-216-mars-2024","12":"category-n-217-avril-2024","13":"tag-randonnee-pedestre","14":"tag-programme","15":"tag-randonnees","16":"tag-la-salvetat","17":"tag-randonnee-velo","18":"tag-s1024"},"jetpack_featured_media_url":"https:\/\/i0.wp.com\/www.o-p-i.fr\/parlonsen\/wp-content\/uploads\/image-randonnee-7965543_1280.jpg?fit=1280%2C1024&ssl=1","views":{"total":0,"cached_at":"","cached_date":1738518847},"jetpack_likes_enabled":true,"jetpack_sharing_enabled":true,"jetpack_shortlink":"https:\/\/wp.me\/pg7Wxj-eYU","jetpack-related-posts":[],"_links":{"self":[{"href":"https:\/\/www.o-p-i.fr\/parlonsen\/wp-json\/wp\/v2\/posts\/57592","targetHints":{"allow":["GET"]}}],"collection":[{"href":"https:\/\/www.o-p-i.fr\/parlonsen\/wp-json\/wp\/v2\/posts"}],"about":[{"href":"https:\/\/www.o-p-i.fr\/parlonsen\/wp-json\/wp\/v2\/types\/post"}],"author":[{"embeddable":true,"href":"https:\/\/www.o-p-i.fr\/parlonsen\/wp-json\/wp\/v2\/users\/4"}],"replies":[{"embeddable":true,"href":"https:\/\/www.o-p-i.fr\/parlonsen\/wp-json\/wp\/v2\/comments?post=57592"}],"version-history":[{"count":0,"href":"https:\/\/www.o-p-i.fr\/parlonsen\/wp-json\/wp\/v2\/posts\/57592\/revisions"}],"wp:featuredmedia":[{"embeddable":true,"href":"https:\/\/www.o-p-i.fr\/parlonsen\/wp-json\/wp\/v2\/media\/57599"}],"wp:attachment":[{"href":"https:\/\/www.o-p-i.fr\/parlonsen\/wp-json\/wp\/v2\/media?parent=57592"}],"wp:term":[{"taxonomy":"category","embeddable":true,"href":"https:\/\/www.o-p-i.fr\/parlonsen\/wp-json\/wp\/v2\/categories?post=57592"},{"taxonomy":"post_tag","embeddable":true,"href":"https:\/\/www.o-p-i.fr\/parlonsen\/wp-json\/wp\/v2\/tags?post=57592"}],"curies":[{"name":"wp","href":"https:\/\/api.w.org\/{rel}","templated":true}]}}