{"id":57899,"date":"2024-03-14T18:04:05","date_gmt":"2024-03-14T17:04:05","guid":{"rendered":"https:\/\/www.o-p-i.fr\/parlonsen\/?p=57899"},"modified":"2024-03-26T17:33:51","modified_gmt":"2024-03-26T16:33:51","slug":"bruital-compagnie-dark-theatre-a-vaour-81","status":"publish","type":"post","link":"https:\/\/www.o-p-i.fr\/parlonsen\/localisation\/a-cote-de-chez-nous\/bruital-compagnie-dark-theatre-a-vaour-81\/","title":{"rendered":"Bruital Compagnie \u00ab\u00a0Dark\u00a0\u00bb, th\u00e9\u00e2tre &#8230;\u00e0 Vaour (81)"},"content":{"rendered":"<p><strong>Vendredi 22 mars 2024<\/strong> \u00e0 18h30, th\u00e9\u00e2tre de la Commanderie.<!--more--><\/p>\n<p><img data-recalc-dims=\"1\" loading=\"lazy\" decoding=\"async\" class=\"alignright size-full wp-image-57900\" src=\"https:\/\/i0.wp.com\/www.o-p-i.fr\/parlonsen\/wp-content\/uploads\/Dark.jpg?resize=425%2C635&#038;ssl=1\" alt=\"\" width=\"425\" height=\"635\" srcset=\"https:\/\/i0.wp.com\/www.o-p-i.fr\/parlonsen\/wp-content\/uploads\/Dark.jpg?w=425&amp;ssl=1 425w, https:\/\/i0.wp.com\/www.o-p-i.fr\/parlonsen\/wp-content\/uploads\/Dark.jpg?resize=201%2C300&amp;ssl=1 201w, https:\/\/i0.wp.com\/www.o-p-i.fr\/parlonsen\/wp-content\/uploads\/Dark.jpg?resize=400%2C598&amp;ssl=1 400w, https:\/\/i0.wp.com\/www.o-p-i.fr\/parlonsen\/wp-content\/uploads\/Dark.jpg?resize=150%2C224&amp;ssl=1 150w, https:\/\/i0.wp.com\/www.o-p-i.fr\/parlonsen\/wp-content\/uploads\/Dark.jpg?resize=100%2C149&amp;ssl=1 100w\" sizes=\"auto, (max-width: 425px) 100vw, 425px\" \/>[RENDU DE R\u00c9SIDENCE]<br \/>\nBruital Compagnie \u00ab\u00a0Dark\u00a0\u00bb<br \/>\nTh\u00e9\u00e2tre bruit\u00e9 et mim\u00e9<br \/>\n\u00c0 partir de 10 ans<\/p>\n<p>Plus Dark que jamais, Jeanne rena\u00eet de ses cendres dans cette nouvelle cr\u00e9ation de la Bruital Compagnie qui nous entra\u00eene au coeur d&rsquo;un Moyen \u00c2ge violent et caricatural, entre la parodie et le film \u00e9pique. Le mime bruit\u00e9 et le lipsync s&rsquo;entrem\u00ealent pour donner corps \u00e0 de multiples personnages tous plus f\u00eal\u00e9s les uns que les autres, \u00e9voluant autour d&rsquo;une Jeanne qui se r\u00e9v\u00e8le \u00eatre, probablement, la moins folle de tous&#8230;<\/p>\n<p>GRATUIT<br \/>\nR\u00e9servation sur <a href=\"http:\/\/saison-etedevaour.festik.net\" target=\"_blank\" rel=\"noopener\">saison-etedevaour.festik.net<\/a><\/p>\n<p>Bar et restauration (sur place ou \u00e0 emporter)<\/p>\n<p><em>Information communiqu\u00e9e par La Commanderie<\/em><\/p>\n<p><a href=\"https:\/\/www.o-p-i.fr\/aupays\/au-pays\/agenda\/\">Retrouvez tous les \u00e9v\u00e9nements dans l&rsquo;agenda !<\/a><\/p>\n","protected":false},"excerpt":{"rendered":"<div class=\"mh-excerpt\">Vendredi 22 mars 2024 \u00e0 18h30, th\u00e9\u00e2tre de la Commanderie.<\/div>\n","protected":false},"author":4,"featured_media":56203,"comment_status":"open","ping_status":"open","sticky":false,"template":"","format":"standard","meta":{"om_disable_all_campaigns":false,"advanced_seo_description":"","jetpack_seo_html_title":"","jetpack_seo_noindex":false,"_jetpack_memberships_contains_paid_content":false,"footnotes":"","_links_to":"","_links_to_target":""},"categories":[52,42,54,5881],"tags":[57,187,6035],"class_list":{"0":"post-57899","1":"post","2":"type-post","3":"status-publish","4":"format-standard","5":"has-post-thumbnail","7":"category-parlons-en","8":"category-a-cote-de-chez-nous","9":"category-loisirs","10":"category-n-216-mars-2024","11":"tag-theatre","12":"tag-vaour","13":"tag-s1124"},"jetpack_featured_media_url":"https:\/\/i0.wp.com\/www.o-p-i.fr\/parlonsen\/wp-content\/uploads\/Ete-de-Vaour.jpg?fit=425%2C396&ssl=1","views":{"total":1,"cached_at":"","cached_date":1738469531},"jetpack_likes_enabled":true,"jetpack_sharing_enabled":true,"jetpack_shortlink":"https:\/\/wp.me\/pg7Wxj-f3R","jetpack-related-posts":[],"_links":{"self":[{"href":"https:\/\/www.o-p-i.fr\/parlonsen\/wp-json\/wp\/v2\/posts\/57899","targetHints":{"allow":["GET"]}}],"collection":[{"href":"https:\/\/www.o-p-i.fr\/parlonsen\/wp-json\/wp\/v2\/posts"}],"about":[{"href":"https:\/\/www.o-p-i.fr\/parlonsen\/wp-json\/wp\/v2\/types\/post"}],"author":[{"embeddable":true,"href":"https:\/\/www.o-p-i.fr\/parlonsen\/wp-json\/wp\/v2\/users\/4"}],"replies":[{"embeddable":true,"href":"https:\/\/www.o-p-i.fr\/parlonsen\/wp-json\/wp\/v2\/comments?post=57899"}],"version-history":[{"count":0,"href":"https:\/\/www.o-p-i.fr\/parlonsen\/wp-json\/wp\/v2\/posts\/57899\/revisions"}],"wp:featuredmedia":[{"embeddable":true,"href":"https:\/\/www.o-p-i.fr\/parlonsen\/wp-json\/wp\/v2\/media\/56203"}],"wp:attachment":[{"href":"https:\/\/www.o-p-i.fr\/parlonsen\/wp-json\/wp\/v2\/media?parent=57899"}],"wp:term":[{"taxonomy":"category","embeddable":true,"href":"https:\/\/www.o-p-i.fr\/parlonsen\/wp-json\/wp\/v2\/categories?post=57899"},{"taxonomy":"post_tag","embeddable":true,"href":"https:\/\/www.o-p-i.fr\/parlonsen\/wp-json\/wp\/v2\/tags?post=57899"}],"curies":[{"name":"wp","href":"https:\/\/api.w.org\/{rel}","templated":true}]}}