{"id":57912,"date":"2024-03-14T20:56:11","date_gmt":"2024-03-14T19:56:11","guid":{"rendered":"https:\/\/www.o-p-i.fr\/parlonsen\/?p=57912"},"modified":"2024-04-21T11:05:39","modified_gmt":"2024-04-21T10:05:39","slug":"le-printanier-est-arrive-a-montauban-82-3","status":"publish","type":"post","link":"https:\/\/www.o-p-i.fr\/parlonsen\/parlons-en\/agriculture\/le-printanier-est-arrive-a-montauban-82-3\/","title":{"rendered":"Le Printanier est arriv\u00e9&#8230;\u00e0 Montauban (82)"},"content":{"rendered":"<p>D\u00e8s aujourd&rsquo;hui <strong>14 mars 2024<\/strong>, \u00e0 la Ferme du Ramier. <!--more--><\/p>\n<p><img data-recalc-dims=\"1\" loading=\"lazy\" decoding=\"async\" class=\"aligncenter size-full wp-image-57913\" src=\"https:\/\/i0.wp.com\/www.o-p-i.fr\/parlonsen\/wp-content\/uploads\/printanier-1.jpg?resize=624%2C625&#038;ssl=1\" alt=\"\" width=\"624\" height=\"625\" srcset=\"https:\/\/i0.wp.com\/www.o-p-i.fr\/parlonsen\/wp-content\/uploads\/printanier-1.jpg?w=624&amp;ssl=1 624w, https:\/\/i0.wp.com\/www.o-p-i.fr\/parlonsen\/wp-content\/uploads\/printanier-1.jpg?resize=300%2C300&amp;ssl=1 300w, https:\/\/i0.wp.com\/www.o-p-i.fr\/parlonsen\/wp-content\/uploads\/printanier-1.jpg?resize=150%2C150&amp;ssl=1 150w, https:\/\/i0.wp.com\/www.o-p-i.fr\/parlonsen\/wp-content\/uploads\/printanier-1.jpg?resize=400%2C401&amp;ssl=1 400w, https:\/\/i0.wp.com\/www.o-p-i.fr\/parlonsen\/wp-content\/uploads\/printanier-1.jpg?resize=430%2C431&amp;ssl=1 430w, https:\/\/i0.wp.com\/www.o-p-i.fr\/parlonsen\/wp-content\/uploads\/printanier-1.jpg?resize=100%2C100&amp;ssl=1 100w, https:\/\/i0.wp.com\/www.o-p-i.fr\/parlonsen\/wp-content\/uploads\/printanier-1.jpg?resize=375%2C375&amp;ssl=1 375w\" sizes=\"auto, (max-width: 624px) 100vw, 624px\" \/><\/p>\n<p>Vous l&rsquo;attendiez tous, ou peut-\u00eatre que vous allez le d\u00e9couvrir&#8230; Notre fromage de Printemps est pr\u00eat !<\/p>\n<p>Vous pouvez le retrouver :<\/p>\n<ul>\n<li>Sur les march\u00e9s de Montauban le mercredi et samedi matin<\/li>\n<li>Directement \u00e0 la ferme du lundi au samedi<\/li>\n<li>Recevez-le chez vous en le commandant sur notre site <strong><a href=\"http:\/\/www.lafermeduramier.fr\" target=\"_blank\" rel=\"noopener\">www.lafermeduramier.fr<\/a><\/strong><\/li>\n<li>Commandez-le avec d&rsquo;autres produits fermiers sur notre drive fermier <strong><a href=\"http:\/\/www.drivedenosfermes.fr\" target=\"_blank\" rel=\"noopener\">www.drivedenosfermes.fr<\/a><\/strong><\/li>\n<li>Retrouvez- le pr\u00e8s de chez vous chez nos distributeurs habituels.<\/li>\n<\/ul>\n<p><a href=\"https:\/\/1tdh5.r.sp1-brevo.net\/mk\/cl\/f\/sh\/7nVU1aA2nfy8RmQbMykit0j9mDBT9UX\/SqhhPoO_HzzQ\" target=\"_blank\" rel=\"noopener\"><strong>La Ferme du Ramier<\/strong><\/a><br \/>\n2250 route de St Etienne de Tulmont<br \/>\n82000 Montauban<br \/>\ntel :\u00a005 63 03 14 49<br \/>\n<a href=\"mailto:latomeduramier@orange.fr\" target=\"_blank\" rel=\"noopener\">latomeduramier@orange.fr<\/a><\/p>\n<p><em>Information communiqu\u00e9e par H\u00e9l\u00e8ne et Edith<\/em><\/p>\n<p><a href=\"https:\/\/www.o-p-i.fr\/aupays\/au-pays\/agenda\/\">Retrouvez tous les \u00e9v\u00e9nements dans l&rsquo;agenda !<\/a><\/p>\n<p>&nbsp;<\/p>\n","protected":false},"excerpt":{"rendered":"<div class=\"mh-excerpt\">D\u00e8s aujourd&rsquo;hui 14 mars 2024, \u00e0 la Ferme du Ramier.<\/div>\n","protected":false},"author":4,"featured_media":51399,"comment_status":"open","ping_status":"open","sticky":false,"template":"","format":"standard","meta":{"om_disable_all_campaigns":false,"advanced_seo_description":"","jetpack_seo_html_title":"","jetpack_seo_noindex":false,"_jetpack_memberships_contains_paid_content":false,"footnotes":"","_links_to":"","_links_to_target":""},"categories":[3,52,42,6,5881,5937,5949],"tags":[99,5462,6035],"class_list":{"0":"post-57912","1":"post","2":"type-post","3":"status-publish","4":"format-standard","5":"has-post-thumbnail","7":"category-agriculture","8":"category-parlons-en","9":"category-a-cote-de-chez-nous","10":"category-pratique","11":"category-n-216-mars-2024","12":"category-n-217-avril-2024","13":"category-n-218-mai-2024","14":"tag-montauban","15":"tag-la-ferme-du-ramier","16":"tag-s1124"},"jetpack_featured_media_url":"https:\/\/i0.wp.com\/www.o-p-i.fr\/parlonsen\/wp-content\/uploads\/ramier-5.jpg?fit=624%2C211&ssl=1","views":{"total":0,"cached_at":"","cached_date":1738512173},"jetpack_likes_enabled":true,"jetpack_sharing_enabled":true,"jetpack_shortlink":"https:\/\/wp.me\/pg7Wxj-f44","jetpack-related-posts":[],"_links":{"self":[{"href":"https:\/\/www.o-p-i.fr\/parlonsen\/wp-json\/wp\/v2\/posts\/57912","targetHints":{"allow":["GET"]}}],"collection":[{"href":"https:\/\/www.o-p-i.fr\/parlonsen\/wp-json\/wp\/v2\/posts"}],"about":[{"href":"https:\/\/www.o-p-i.fr\/parlonsen\/wp-json\/wp\/v2\/types\/post"}],"author":[{"embeddable":true,"href":"https:\/\/www.o-p-i.fr\/parlonsen\/wp-json\/wp\/v2\/users\/4"}],"replies":[{"embeddable":true,"href":"https:\/\/www.o-p-i.fr\/parlonsen\/wp-json\/wp\/v2\/comments?post=57912"}],"version-history":[{"count":0,"href":"https:\/\/www.o-p-i.fr\/parlonsen\/wp-json\/wp\/v2\/posts\/57912\/revisions"}],"wp:featuredmedia":[{"embeddable":true,"href":"https:\/\/www.o-p-i.fr\/parlonsen\/wp-json\/wp\/v2\/media\/51399"}],"wp:attachment":[{"href":"https:\/\/www.o-p-i.fr\/parlonsen\/wp-json\/wp\/v2\/media?parent=57912"}],"wp:term":[{"taxonomy":"category","embeddable":true,"href":"https:\/\/www.o-p-i.fr\/parlonsen\/wp-json\/wp\/v2\/categories?post=57912"},{"taxonomy":"post_tag","embeddable":true,"href":"https:\/\/www.o-p-i.fr\/parlonsen\/wp-json\/wp\/v2\/tags?post=57912"}],"curies":[{"name":"wp","href":"https:\/\/api.w.org\/{rel}","templated":true}]}}