{"id":58035,"date":"2024-03-20T23:49:54","date_gmt":"2024-03-20T22:49:54","guid":{"rendered":"https:\/\/www.o-p-i.fr\/parlonsen\/?p=58035"},"modified":"2024-04-11T17:21:11","modified_gmt":"2024-04-11T16:21:11","slug":"theatrales-en-quercy-vert-a-la-salvetat-belmontet-82-3","status":"publish","type":"post","link":"https:\/\/www.o-p-i.fr\/parlonsen\/localisation\/au-pays-des-tescous\/salvetat\/theatrales-en-quercy-vert-a-la-salvetat-belmontet-82-3\/","title":{"rendered":"Th\u00e9\u00e2trales en Quercy-Vert&#8230; \u00e0 La Salvetat Belmontet (82)"},"content":{"rendered":"<p><strong>Vendredi 5 et samedi 6 avril 2024<\/strong>, \u00e0 21h. salle de Saint Caprais.<!--more--><img data-recalc-dims=\"1\" loading=\"lazy\" decoding=\"async\" class=\"alignright size-full wp-image-58043\" src=\"https:\/\/i0.wp.com\/www.o-p-i.fr\/parlonsen\/wp-content\/uploads\/theatre-La-Salvetat.jpg?resize=425%2C596&#038;ssl=1\" alt=\"\" width=\"425\" height=\"596\" srcset=\"https:\/\/i0.wp.com\/www.o-p-i.fr\/parlonsen\/wp-content\/uploads\/theatre-La-Salvetat.jpg?w=425&amp;ssl=1 425w, https:\/\/i0.wp.com\/www.o-p-i.fr\/parlonsen\/wp-content\/uploads\/theatre-La-Salvetat.jpg?resize=214%2C300&amp;ssl=1 214w, https:\/\/i0.wp.com\/www.o-p-i.fr\/parlonsen\/wp-content\/uploads\/theatre-La-Salvetat.jpg?resize=400%2C561&amp;ssl=1 400w, https:\/\/i0.wp.com\/www.o-p-i.fr\/parlonsen\/wp-content\/uploads\/theatre-La-Salvetat.jpg?resize=150%2C210&amp;ssl=1 150w, https:\/\/i0.wp.com\/www.o-p-i.fr\/parlonsen\/wp-content\/uploads\/theatre-La-Salvetat.jpg?resize=100%2C140&amp;ssl=1 100w\" sizes=\"auto, (max-width: 425px) 100vw, 425px\" \/>Les Th\u00e9\u00e2trales en Quercy-Vert vous pr\u00e9sentent le Festival de Th\u00e9\u00e2tre amateur 2024 &#8211; 27\u00e8me \u00e9dition<br \/>\n2 soir\u00e9es de d\u00e9tente dans la convivialit\u00e9 et la bonne humeur.<br \/>\nTout public<\/p>\n<p><strong>Vendredi 5 avril \u00e0 21h.:<\/strong><br \/>\n<strong>\u00ab\u00a0Coup de Th\u00e9\u00e2tre(s)\u00a0\u00bb<\/strong>, (1h40), com\u00e9die de S\u00e9bastien Azzopardi et Sacha Danino. par <strong>Harmonies Th\u00e9\u00e2tre Villaudric<\/strong> :<\/p>\n<p>Ulysse , Roi des Grecs, aspire \u00e0 une retraite tranquille. Mais les Dieux l\u2019envoient en mission pour r\u00e9cup\u00e9rer la quenouille sacr\u00e9e vol\u00e9e \u00e0 son peuple.<br \/>\nUlysse nous embarque dans son voyage au c\u0153ur de l\u2019histoire du Th\u00e9\u00e2tre , de la Trag\u00e9die Grecque au Musical de Broadway, via Shakespeare et Moli\u00e8re . Il nous fait rencontrer des personnages c\u00e9l\u00e8bres comme Arlequin, Cyrano, Rom\u00e9o et Juliette \u2026<br \/>\nPi\u00e8ce surprenante, ponctu\u00e9e de fous rires!<\/p>\n<p><strong>\u00a0Dimanche 6 avril:<\/strong><br \/>\n<strong>\u00ab\u00a0Sous contr\u00f4le\u00a0\u00bb<\/strong>, (1h30), com\u00e9die de Sylvie Piotet, mise en sc\u00e8ne de Christian Padie avec R\u00e9gis Cub\u00e9ro, Christian Padie, Sylvie Piotet. Production de la<strong> Compagnie Horizons Sc\u00e8nes<\/strong> :<\/p>\n<p>Un square, fin d&rsquo;apr\u00e8s-midi, un lieu ind\u00e9fini que tout le monde conna\u00eet et que tout le monde ignore.<br \/>\nSous le regard vigilant des cam\u00e9ras citoyennes, 3 personnages et 3 v\u00e9rit\u00e9s.<br \/>\nLa lecture est-elle une occupation dangereuse ? Qui surveille qui ? Qui d\u00e9nonce qui, dans ce jeu des apparences ? Vous \u00eates plut\u00f4t Bloc B7 ou Bloc A8?<br \/>\nPrenez une r\u00e9alit\u00e9, coupez-la en 3, vous obtiendrez un escargot tout chaud. Souriez, vous \u00eates film\u00e9s.<\/p>\n<p><strong>N&rsquo;ARRIVEZ PAS EN RETARD!!! <\/strong>Les portes seront ferm\u00e9es d\u00e8s le d\u00e9but du spectacle.<\/p>\n<ul>\n<li>Prix des places: 10\u20ac tarif r\u00e9duit 5\u20ac gratuit moins de 12 ans<\/li>\n<li>Renseignements: 05 63 30 47 31 ou 06 73 76 29 50<\/li>\n<\/ul>\n<p><em>Information communiqu\u00e9e par l&rsquo;association \u00ab\u00a0Th\u00e9\u00e2tre en Quercy Vert\u00a0\u00bb<\/em><\/p>\n<p><a href=\"https:\/\/www.o-p-i.fr\/aupays\/au-pays\/agenda\/\">Retrouvez tous les \u00e9v\u00e9nements dans l&rsquo;agenda !<\/a><\/p>\n","protected":false},"excerpt":{"rendered":"<div class=\"mh-excerpt\">Vendredi 5 et samedi 6 avril 2024, \u00e0 21h. salle de Saint Caprais.<\/div>\n","protected":false},"author":4,"featured_media":15705,"comment_status":"open","ping_status":"open","sticky":false,"template":"","format":"standard","meta":{"om_disable_all_campaigns":false,"advanced_seo_description":"","jetpack_seo_html_title":"","jetpack_seo_noindex":false,"_jetpack_memberships_contains_paid_content":false,"footnotes":"","_links_to":"","_links_to_target":""},"categories":[52,34,54,5937],"tags":[181,3527,3556,6036],"class_list":{"0":"post-58035","1":"post","2":"type-post","3":"status-publish","4":"format-standard","5":"has-post-thumbnail","7":"category-parlons-en","8":"category-salvetat","9":"category-loisirs","10":"category-n-217-avril-2024","11":"tag-la-salvetat-belmontet","12":"tag-saint-caprais-2","13":"tag-theatrales-en-quercy-vert","14":"tag-s1224"},"jetpack_featured_media_url":"https:\/\/i0.wp.com\/www.o-p-i.fr\/parlonsen\/wp-content\/uploads\/theatrevideo.jpg?fit=283%2C214&ssl=1","views":{"total":0,"cached_at":"","cached_date":1738528277},"jetpack_likes_enabled":true,"jetpack_sharing_enabled":true,"jetpack_shortlink":"https:\/\/wp.me\/pg7Wxj-f63","jetpack-related-posts":[],"_links":{"self":[{"href":"https:\/\/www.o-p-i.fr\/parlonsen\/wp-json\/wp\/v2\/posts\/58035","targetHints":{"allow":["GET"]}}],"collection":[{"href":"https:\/\/www.o-p-i.fr\/parlonsen\/wp-json\/wp\/v2\/posts"}],"about":[{"href":"https:\/\/www.o-p-i.fr\/parlonsen\/wp-json\/wp\/v2\/types\/post"}],"author":[{"embeddable":true,"href":"https:\/\/www.o-p-i.fr\/parlonsen\/wp-json\/wp\/v2\/users\/4"}],"replies":[{"embeddable":true,"href":"https:\/\/www.o-p-i.fr\/parlonsen\/wp-json\/wp\/v2\/comments?post=58035"}],"version-history":[{"count":0,"href":"https:\/\/www.o-p-i.fr\/parlonsen\/wp-json\/wp\/v2\/posts\/58035\/revisions"}],"wp:featuredmedia":[{"embeddable":true,"href":"https:\/\/www.o-p-i.fr\/parlonsen\/wp-json\/wp\/v2\/media\/15705"}],"wp:attachment":[{"href":"https:\/\/www.o-p-i.fr\/parlonsen\/wp-json\/wp\/v2\/media?parent=58035"}],"wp:term":[{"taxonomy":"category","embeddable":true,"href":"https:\/\/www.o-p-i.fr\/parlonsen\/wp-json\/wp\/v2\/categories?post=58035"},{"taxonomy":"post_tag","embeddable":true,"href":"https:\/\/www.o-p-i.fr\/parlonsen\/wp-json\/wp\/v2\/tags?post=58035"}],"curies":[{"name":"wp","href":"https:\/\/api.w.org\/{rel}","templated":true}]}}