{"id":58101,"date":"2024-03-21T23:45:33","date_gmt":"2024-03-21T22:45:33","guid":{"rendered":"https:\/\/www.o-p-i.fr\/parlonsen\/?p=58101"},"modified":"2024-04-11T19:29:49","modified_gmt":"2024-04-11T18:29:49","slug":"appel-a-la-concurrence-a-saint-urcisse-81","status":"publish","type":"post","link":"https:\/\/www.o-p-i.fr\/parlonsen\/parlons-en\/pratique\/appel-a-la-concurrence-a-saint-urcisse-81\/","title":{"rendered":"Appel \u00e0 la concurrence&#8230; \u00e0 Saint Urcisse (81)"},"content":{"rendered":"<p>Date limite de remise des offres: <strong>jeudi 11 avril 2024<\/strong><!--more--><\/p>\n<p>March\u00e9 public Travaux am\u00e9nagement du Presbyt\u00e8re.<\/p>\n<p>Pour consulter le dossier: cliquez ici <a href=\"https:\/\/www.o-p-i.fr\/parlonsen\/wp-content\/uploads\/PubliciteV2.pdf\">Publicit\u00e9V2<\/a><\/p>\n<p>Information communiqu\u00e9e par la Secr\u00e9taire g\u00e9n\u00e9rale de Mairie<br \/>\nMairie de Saint-Urcisse<\/p>\n<p>Tel : 05.63.33.51.95<\/p>\n<p>mail :\u00a0<a href=\"mailto:mairie.saint-urcisse@wanadoo.fr\" rel=\"noreferrer\">mairie.saint-urcisse@wanadoo.fr<\/a><\/p>\n<p>&nbsp;<\/p>\n<p>&nbsp;<\/p>\n","protected":false},"excerpt":{"rendered":"<div class=\"mh-excerpt\">Date limite de remise des offres: jeudi 11 avril 2024<\/div>\n","protected":false},"author":4,"featured_media":58105,"comment_status":"open","ping_status":"open","sticky":false,"template":"","format":"standard","meta":{"om_disable_all_campaigns":false,"advanced_seo_description":"","jetpack_seo_html_title":"","jetpack_seo_noindex":false,"_jetpack_memberships_contains_paid_content":false,"footnotes":"","_links_to":"","_links_to_target":""},"categories":[52,51,6,18,5937],"tags":[2913,6036,6058,6059],"class_list":{"0":"post-58101","1":"post","2":"type-post","3":"status-publish","4":"format-standard","5":"has-post-thumbnail","7":"category-parlons-en","8":"category-artisanat","9":"category-pratique","10":"category-saint-urcisse","11":"category-n-217-avril-2024","12":"tag-saint-urcisse","13":"tag-s1224","14":"tag-appel-doffre","15":"tag-amenagement-presbytere"},"jetpack_featured_media_url":"https:\/\/i0.wp.com\/www.o-p-i.fr\/parlonsen\/wp-content\/uploads\/blason-st-u-1.jpg?fit=283%2C312&ssl=1","views":{"total":0,"cached_at":"","cached_date":1738460752},"jetpack_likes_enabled":true,"jetpack_sharing_enabled":true,"jetpack_shortlink":"https:\/\/wp.me\/pg7Wxj-f77","jetpack-related-posts":[],"_links":{"self":[{"href":"https:\/\/www.o-p-i.fr\/parlonsen\/wp-json\/wp\/v2\/posts\/58101","targetHints":{"allow":["GET"]}}],"collection":[{"href":"https:\/\/www.o-p-i.fr\/parlonsen\/wp-json\/wp\/v2\/posts"}],"about":[{"href":"https:\/\/www.o-p-i.fr\/parlonsen\/wp-json\/wp\/v2\/types\/post"}],"author":[{"embeddable":true,"href":"https:\/\/www.o-p-i.fr\/parlonsen\/wp-json\/wp\/v2\/users\/4"}],"replies":[{"embeddable":true,"href":"https:\/\/www.o-p-i.fr\/parlonsen\/wp-json\/wp\/v2\/comments?post=58101"}],"version-history":[{"count":0,"href":"https:\/\/www.o-p-i.fr\/parlonsen\/wp-json\/wp\/v2\/posts\/58101\/revisions"}],"wp:featuredmedia":[{"embeddable":true,"href":"https:\/\/www.o-p-i.fr\/parlonsen\/wp-json\/wp\/v2\/media\/58105"}],"wp:attachment":[{"href":"https:\/\/www.o-p-i.fr\/parlonsen\/wp-json\/wp\/v2\/media?parent=58101"}],"wp:term":[{"taxonomy":"category","embeddable":true,"href":"https:\/\/www.o-p-i.fr\/parlonsen\/wp-json\/wp\/v2\/categories?post=58101"},{"taxonomy":"post_tag","embeddable":true,"href":"https:\/\/www.o-p-i.fr\/parlonsen\/wp-json\/wp\/v2\/tags?post=58101"}],"curies":[{"name":"wp","href":"https:\/\/api.w.org\/{rel}","templated":true}]}}