{"id":5832,"date":"2010-11-24T12:43:57","date_gmt":"2010-11-24T10:43:57","guid":{"rendered":"\/parlonsen\/?p=5832"},"modified":"2012-03-22T15:54:30","modified_gmt":"2012-03-22T13:54:30","slug":"cine-monclar-en-decembre","status":"publish","type":"post","link":"https:\/\/www.o-p-i.fr\/parlonsen\/parlons-en\/culture\/cine-monclar-en-decembre\/","title":{"rendered":"Cin\u00e9 Monclar en D\u00e9cembre"},"content":{"rendered":"<p style=\"text-align: justify;\">A vos agendas ! Voil\u00e0 le programme de Cin\u00e9 Monclar pour le mois de D\u00e9cembre\u00a0 !<!--more--><\/p>\n<p style=\"text-align: justify;\">\n<blockquote>\n<p style=\"text-align: justify;\"><strong><\/strong><\/p>\n<figure id=\"attachment_5833\" aria-describedby=\"caption-attachment-5833\" style=\"width: 250px\" class=\"wp-caption alignright\"><strong><strong><img data-recalc-dims=\"1\" loading=\"lazy\" decoding=\"async\" class=\"size-full wp-image-5833\" title=\"Cinemonclar 82\" src=\"https:\/\/i0.wp.com\/www.o-p-i.fr\/parlonsen\/wp-content\/uploads\/moi-moche-mechant_cinemonclar.jpg?resize=250%2C170&#038;ssl=1\" alt=\"Cinemonclar 82\" width=\"250\" height=\"170\" \/><\/strong><\/strong><figcaption id=\"caption-attachment-5833\" class=\"wp-caption-text\">Cinemonclar 82<\/figcaption><\/figure>\n<p><strong><\/strong><\/p>\n<ul>\n<li><strong>Moi moche et m\u00e9chant<\/strong><\/li>\n<\/ul>\n<p style=\"text-align: justify;\"><span style=\"color: #ff6600;\"><strong>Dimanche 5 \u00e0 16h<\/strong><\/span><br \/>\nR\u00e9alis\u00e9 par Pierre Coffin, Chris Renaud<br \/>\nAvec la voix de Gad Elmaleh dans le r\u00f4le de Gru<\/p>\n<p style=\"text-align: justify;\">Dans un charmant quartier r\u00e9sidentiel d\u00e9limit\u00e9 par des cl\u00f4tures de bois blanc et orn\u00e9 de rosiers fleurissants se dresse une b\u00e2tisse noire entour\u00e9e d\u2019une pelouse en friche. Cette fa\u00e7ade sinistre cache un secret : Gru, un m\u00e9chant vilain, entour\u00e9 d\u2019une myriade de sous-fifres et arm\u00e9 jusqu\u2019aux dents, qui, \u00e0 l\u2019insu du voisinage, complote le plus gros casse de tous les temps : voler la lune (Oui, la lune !)&#8230;<br \/>\nUn jour  il tombe nez \u00e0 nez avec trois petites orphelines qui voient en lui quelqu\u2019un de tout \u00e0 fait diff\u00e9rent : un papa.<br \/>\nLe plus grand vilain de tous les temps se retrouve confront\u00e9 \u00e0 sa plus dure \u00e9preuve : trois fillettes pr\u00e9nomm\u00e9es Margo, Edith et Agnes.<br \/>\nAu d\u00e9but de la pr\u00e9-production, Christopher Meledandri est parti \u00e0 la recherche des partenaires id\u00e9aux pour mettre en \u0153uvre toute l\u2019animation du film. Il les trouva \u00e0 Paris au Studio Mac Guff. Le producteur d\u00e9clare : \u00ab\u00a0Une des meilleures \u00e9coles d\u2019animation au monde, l\u2019\u00c9cole de l\u2019Image des Gobelins, se trouve \u00e0 Paris. La sensibilit\u00e9 comique fran\u00e7aise s\u2019apparente \u00e0 la n\u00f4tre. J\u2019ai visit\u00e9 de nombreux studios, mais apr\u00e8s seulement une heure pass\u00e9e chez Mac Guff, je savais que j\u2019avais trouv\u00e9 le bon. Les gens et le travail que j\u2019y ai vus m\u2019ont mis tr\u00e8s en confiance.\u00a0\u00bb<\/p>\n<p style=\"text-align: justify;\"><em>Marianne : le film remplit \u00e0 merveille sa mission de d\u00e9fouloir pour petits et grands.<\/em><\/p>\n<p style=\"text-align: justify;\"><em>T\u00e9l\u00e9rama :  Moi, moche et m\u00e9chant (&#8230;), premi\u00e8re incursion d&rsquo;Universal dans l&rsquo;animation en images de synth\u00e8se, se hisse au niveau des grands crus de Pixar<\/em><\/p>\n<p style=\"text-align: justify;\"><strong><\/p>\n<figure id=\"attachment_5838\" aria-describedby=\"caption-attachment-5838\" style=\"width: 250px\" class=\"wp-caption alignright\"><strong><img data-recalc-dims=\"1\" loading=\"lazy\" decoding=\"async\" class=\"size-full wp-image-5838\" title=\"Cinemonclar 82\" src=\"https:\/\/i0.wp.com\/www.o-p-i.fr\/parlonsen\/wp-content\/uploads\/petits-mouchoirs_cinemonclar.jpg?resize=250%2C170&#038;ssl=1\" alt=\"Cinemonclar 82\" width=\"250\" height=\"170\" \/><\/strong><figcaption id=\"caption-attachment-5838\" class=\"wp-caption-text\">Cinemonclar 82<\/figcaption><\/figure>\n<p><\/strong><\/p>\n<ul>\n<li><strong>Les petits mouchoirs<\/strong><\/li>\n<\/ul>\n<p style=\"text-align: justify;\"><span style=\"color: #ff6600;\"><strong>Mardi 7 \u00e0 21h<\/strong><\/span><br \/>\nR\u00e9alis\u00e9 par Guillaume Canet<br \/>\nAvec Fran\u00e7ois Cluzet, Marion Cotillard, Beno\u00eet Magimel, Jean Dujardin, Gilles Lellouche<br \/>\nGenre : Com\u00e9die dramatique<br \/>\nDur\u00e9e : 02h34min<\/p>\n<p style=\"text-align: justify;\">A la suite d&rsquo;un \u00e9v\u00e9nement bouleversant, une bande de copains d\u00e9cide, malgr\u00e9 tout, de partir en vacances au bord de la mer comme chaque ann\u00e9e. Leur amiti\u00e9, leurs certitudes, leur culpabilit\u00e9, leurs amours en seront \u00e9branl\u00e9es. Ils vont enfin devoir lever les \u00ab\u00a0petits mouchoirs\u00a0\u00bb qu&rsquo;ils ont pos\u00e9s sur leurs secrets et leurs mensonges.<\/p>\n<p style=\"text-align: justify;\">Guillaume Canet d\u00e9crit Les Petits Mouchoirs comme \u00e9tant son film le plus personnel \u00e0 ce jour. Il d\u00e9clare n&rsquo;avoir jamais eu une telle facilit\u00e9 \u00e0 \u00e9crire, mettant un peu de lui-m\u00eame et de son histoire dans chaque personnage. Il estime \u00e9galement qu&rsquo;il s&rsquo;agit, jusqu&rsquo;\u00e0 pr\u00e9sent, de son film le plus abouti et dit s\u2019\u00eatre inspir\u00e9 des vacances qu&rsquo;avaient prises ses amis proches alors qu&rsquo;il \u00e9tait rest\u00e9 bloqu\u00e9 dans un lit d&rsquo;h\u00f4pital \u00e0 cause d&rsquo;une infection. L&rsquo;acteur en avait profit\u00e9 pour faire le point sur sa vie et ses relations.<\/p>\n<p style=\"text-align: justify;\"><em>StudioCin\u00e9Live : Guillaume Canet et son casting cinq \u00e9toiles (Cluzet, Magimel, Cotillard&#8230;) mettent le cap vers une com\u00e9die hors norme, un portrait g\u00e9n\u00e9rationnel tordant et d\u00e9chirant. Le meilleur film de copains depuis vingt ans.<\/em><\/p>\n<p style=\"text-align: justify;\"><em>Elle : Ce nouveau film sign\u00e9 Canet a l&rsquo;ossature d&rsquo;un \u00ab\u00a0Vincent, Fran\u00e7ois, Paul&#8230; et les autres\u00a0\u00bb, de Claude Sautet, et les \u00e9paules des \u00ab\u00a0Copains d&rsquo;abord\u00a0\u00bb, de Lawrence Kasdan.<\/em><\/p>\n<p style=\"text-align: justify;\"><strong><\/strong><\/p>\n<figure id=\"attachment_5834\" aria-describedby=\"caption-attachment-5834\" style=\"width: 250px\" class=\"wp-caption alignright\"><strong><strong><img data-recalc-dims=\"1\" loading=\"lazy\" decoding=\"async\" class=\"size-full wp-image-5834\" title=\"Cinemonclar 82\" src=\"https:\/\/i0.wp.com\/www.o-p-i.fr\/parlonsen\/wp-content\/uploads\/elle-s-appelait-sarah_cinemonclar.jpg?resize=250%2C170&#038;ssl=1\" alt=\"Cinemonclar 82\" width=\"250\" height=\"170\" \/><\/strong><\/strong><figcaption id=\"caption-attachment-5834\" class=\"wp-caption-text\">Cinemonclar 82<\/figcaption><\/figure>\n<p><strong><\/strong><\/p>\n<ul>\n<li><strong>Elle s\u2019appelait Sarah<\/strong><\/li>\n<\/ul>\n<p style=\"text-align: justify;\"><strong> <span style=\"color: #ff6600;\">Mardi 14 \u00e0 21h<\/span><\/strong><br \/>\nR\u00e9alis\u00e9 par Gilles Paquet-Brenner<br \/>\nAvec Kristin Scott Thomas, M\u00e9lusine Mayance, Niels Arestrup<br \/>\nLong-m\u00e9trage fran\u00e7ais.<br \/>\nGenre : Drame<br \/>\nDur\u00e9e : 01h51min<\/p>\n<p style=\"text-align: justify;\">Julia Jarmond, journaliste am\u00e9ricaine install\u00e9e en France depuis 20 ans, enqu\u00eate sur l&rsquo;\u00e9pisode douloureux du Vel d&rsquo;Hiv. En remontant les faits, son chemin croise celui de Sarah, une petite fille qui avait 10 ans en juillet 1942.<br \/>\nCe qui n&rsquo;\u00e9tait que le sujet d&rsquo;un article devient alors, pour Julia, un enjeu personnel, d\u00e9voilant un myst\u00e8re familial.<br \/>\nComment deux destins, \u00e0 60 ans de distance, vont-ils se m\u00ealer pour r\u00e9v\u00e9ler un secret qui bouleversera \u00e0 jamais la vie de Julia et de ses proches ?<\/p>\n<p style=\"text-align: justify;\">Adapter un livre sur la rafle du Vel d&rsquo;hiv r\u00e9sonnait \u00e9galement avec la propre histoire du cin\u00e9aste : \u00ab\u00a0Je suis d\u2019origine juive et les hommes de ma famille ont disparu \u00e0 cette p\u00e9riode. Mon grand-p\u00e8re a \u00e9t\u00e9 d\u00e9nonc\u00e9 par des Fran\u00e7ais et est mort au d\u00e9but de sa d\u00e9portation. Ma m\u00e8re m\u2019a racont\u00e9 l\u2019anecdote pour la premi\u00e8re fois pendant la pr\u00e9paration du film. Certaines choses sont remont\u00e9es \u00e0 la surface. Je n\u2019\u00e9tais pas l\u00e0 quand mon grand-p\u00e8re a \u00e9t\u00e9 d\u00e9port\u00e9, mais j\u2019ai vu les cons\u00e9quences sur ma m\u00e8re, ses s\u0153urs, ma grand-m\u00e8re\u2026\u00a0\u00bb, raconte-t-il.<\/p>\n<p style=\"text-align: justify;\"><em>Le Parisien : Mission accomplie. Port\u00e9 par Kristin Scott Thomas, lumineuse et juste, et par l&rsquo;ultra-convaincante M\u00e9lusine Mayance, son film marie le souffle et la sobri\u00e9t\u00e9.<\/em><\/p>\n<p style=\"text-align: justify;\"><em>Le Figaroscope : Paquet-Brenner signe un tr\u00e8s beau m\u00e9lodrame historique fran\u00e7ais. \u00c9mouvant et sinc\u00e8re.<\/em><\/p>\n<p style=\"text-align: justify;\"><strong><\/strong><\/p>\n<figure id=\"attachment_5835\" aria-describedby=\"caption-attachment-5835\" style=\"width: 250px\" class=\"wp-caption alignright\"><strong><strong><img data-recalc-dims=\"1\" loading=\"lazy\" decoding=\"async\" class=\"size-full wp-image-5835\" title=\"Cinemonclar 82\" src=\"https:\/\/i0.wp.com\/www.o-p-i.fr\/parlonsen\/wp-content\/uploads\/homme-qui-voulait_cinemonclar.jpg?resize=250%2C170&#038;ssl=1\" alt=\"Cinemonclar 82\" width=\"250\" height=\"170\" \/><\/strong><\/strong><figcaption id=\"caption-attachment-5835\" class=\"wp-caption-text\">Cinemonclar 82<\/figcaption><\/figure>\n<p><strong><\/strong><\/p>\n<ul>\n<li><strong>L\u2019homme qui voulait vivre sa vie<\/strong><\/li>\n<\/ul>\n<p style=\"text-align: justify;\"><strong> <span style=\"color: #ff6600;\">Mardi 21 \u00e0 21h<\/span><\/strong><br \/>\nR\u00e9alis\u00e9 par Eric Lartigau<br \/>\nAvec Romain Duris, Marina Fo\u00efs, Catherine Deneuve<br \/>\nLong-m\u00e9trage fran\u00e7ais.<br \/>\nGenre : Thriller, Drame<br \/>\nDur\u00e9e : 01h55min<\/p>\n<p style=\"text-align: justify;\">Paul Exben a tout pour \u00eatre heureux : une belle situation professionnelle, une femme et deux enfants magnifiques. Sauf que cette vie n&rsquo;est pas celle dont il r\u00eavait. Un coup de folie va faire basculer son existence, l&rsquo;amenant \u00e0 endosser une nouvelle identit\u00e9 qui va lui permettre de vivre sa vie.<\/p>\n<p style=\"text-align: justify;\">Le film est adapt\u00e9 du roman \u00ab\u00a0L&rsquo;homme qui voulait vivre sa vie\u00a0\u00bb de Douglas Kennedy, paru en France en 1998. L&rsquo;auteur du roman  avait d\u00e9j\u00e0 re\u00e7u cinq propositions visant \u00e0 porter \u00e0 l&rsquo;\u00e9cran son livre et avait m\u00eame \u00e9crit lui-m\u00eame une adaptation pour le cin\u00e9ma mais elle est rest\u00e9e dans ses tiroirs, car il ne la trouvait \u00ab\u00a0pas tr\u00e8s bonne\u00a0\u00bb.<\/p>\n<p style=\"text-align: justify;\"><em>Premi\u00e8re : Eric Lartigau s&rsquo;attaque \u00e0 un morceau de la litt\u00e9rature contemporaine (&#8230;) une montagne qu&rsquo;il a eu l&rsquo;intelligence de gravir par sa face la plus accessible: celle du coeur.<\/em><\/p>\n<p style=\"text-align: justify;\"><em>Le Parisien-Aujourd\u2019hui : Tourn\u00e9 dans des d\u00e9cors exceptionnels, \u00a0\u00bb L&rsquo;homme qui voulait vivre sa vie \u00a0\u00bb restitue, \u00e0 un rythme haletant, les th\u00e8mes existentiels chers \u00e0 Kennedy.<\/em><\/p>\n<p style=\"text-align: justify;\"><strong><\/strong><\/p>\n<figure id=\"attachment_5836\" aria-describedby=\"caption-attachment-5836\" style=\"width: 250px\" class=\"wp-caption alignright\"><strong><strong><img data-recalc-dims=\"1\" loading=\"lazy\" decoding=\"async\" class=\"size-full wp-image-5836\" title=\"Cinemonclar 82\" src=\"https:\/\/i0.wp.com\/www.o-p-i.fr\/parlonsen\/wp-content\/uploads\/harry-potter_cinemonclar.jpg?resize=250%2C170&#038;ssl=1\" alt=\"Cinemonclar 82\" width=\"250\" height=\"170\" \/><\/strong><\/strong><figcaption id=\"caption-attachment-5836\" class=\"wp-caption-text\">Cinemonclar 82<\/figcaption><\/figure>\n<p><strong><\/strong><\/p>\n<ul>\n<li><strong>Harry Potter 7 <em>et les reliques de la mort<\/em><\/strong><\/li>\n<\/ul>\n<p style=\"text-align: justify;\"><strong> <span style=\"color: #ff6600;\">Mardi 28 \u00e0 16h et 21h<\/span><\/strong><br \/>\nR\u00e9alis\u00e9 par David Yates<br \/>\nAvec Daniel Radcliffe, Rupert Grint, Emma Watson<br \/>\nLong-m\u00e9trage am\u00e9ricain, britannique.<br \/>\nGenre : Fantastique<\/p>\n<p style=\"text-align: justify;\">Le pouvoir de Voldemort s&rsquo;\u00e9tend. Celui-ci contr\u00f4le maintenant le Minist\u00e8re de la Magie et Poudlard. Harry, Ron et Hermione d\u00e9cident de terminer le travail commenc\u00e9 par Dumbledore, et de retrouver les derniers Horcruxes pour vaincre le Seigneur des T\u00e9n\u00e8bres. Mais il reste bien peu d&rsquo;espoir aux trois sorciers, qui doivent r\u00e9ussir \u00e0 tout prix.<\/p>\n<p style=\"text-align: justify;\"><em>Harry Potter et les reliques de la mort &#8211; partie 1 est l&rsquo;adaptation du septi\u00e8me et dernier roman des aventures de l&rsquo;apprenti sorcier. Afin de garantir un d\u00e9veloppement satisfaisant et une conclusion \u00e0 la hauteur des attentes, il a \u00e9t\u00e9 d\u00e9cid\u00e9 de s\u00e9parer ce septi\u00e8me film en deux \u00e9pisodes. Il y aura donc huit films pour sept romans. \u00ab\u00a0(&#8230;) C&rsquo;\u00e9tait le seul moyen que nous avions de raconter l&rsquo;histoire d&rsquo;une mani\u00e8re compl\u00e8te et satisfaisante\u00a0\u00bb, explique Daniel Radcliffe.<\/em><\/p>\n<p style=\"text-align: justify;\"><em>Premi\u00e8re.fr : Soyons bref, Harry Potter 7 est une r\u00e9ussite. Le film marque le triomphe de Yates (qui impose d\u00e9finitivement sa griffe sur la saga), le succ\u00e8s du trio (qui donne, enfin, tout sur cet \u00e9pisode) et une oeuvre qui nage en eaux troubles, s\u2019acheminant lentement vers des territoires beaucoup plus sombres (\u2026)Comme si, profitant d\u2019un \u00e9pisode interm\u00e9diaire, David Yates avait d\u00e9cid\u00e9 de tout donner. Du coup, plus qu\u2019un simple ap\u00e9ritif ou une <a title=\"Voir la d\u00e9finition sur wikip\u00e9dia\" href=\"http:\/\/fr.wikipedia.org\/wiki\/Pr%C3%A9quelle\" target=\"_blank\">prequel<\/a> \u00e0 la fin pr\u00e9vue pour l\u2019ann\u00e9e prochaine, cet Harry Potter 7 pourrait bien \u00eatre l\u2019un des meilleurs de la s\u00e9rie&#8230;<br \/>\nC\u2019est pas une bonne nouvelle \u00e7a ?<\/em><\/p><\/blockquote>\n<p style=\"text-align: justify;\">Les b\u00e9n\u00e9voles de Cin\u00e9 Monclar vous souhaite un joyeux no\u00ebl et de bonnes f\u00eates de fin d&rsquo;ann\u00e9e !<em><\/em><\/p>\n<p style=\"text-align: justify;\"><em>Communiqu\u00e9 de <a title=\"En savoir +\" href=\"https:\/\/www.o-p-i.fr\/aupays\/annuaire\/loisirs\/cine-monclar\/\">Cin\u00e9Monclar<\/a><\/em><\/p>\n<p style=\"text-align: justify;\"><em><br \/>\n<\/em><\/p>\n<p style=\"text-align: justify;\"><em><br \/>\n<\/em><\/p>\n","protected":false},"excerpt":{"rendered":"<div class=\"mh-excerpt\">A vos agendas ! Voil\u00e0 le programme de Cin\u00e9 Monclar pour le mois de D\u00e9cembre\u00a0 !<\/div>\n","protected":false},"author":2,"featured_media":0,"comment_status":"open","ping_status":"open","sticky":false,"template":"","format":"standard","meta":{"om_disable_all_campaigns":false,"advanced_seo_description":"","jetpack_seo_html_title":"","jetpack_seo_noindex":false,"_jetpack_memberships_contains_paid_content":false,"footnotes":"","_links_to":"","_links_to_target":""},"categories":[736,1,16,54,6],"tags":[92,143,323,568,1264],"class_list":{"0":"post-5832","1":"post","2":"type-post","3":"status-publish","4":"format-standard","6":"category-n-55-novembre-2010","7":"category-culture","8":"category-monclar","9":"category-loisirs","10":"category-pratique","11":"tag-cine","12":"tag-monclar-de-quercy","13":"tag-enfant","14":"tag-sortie","15":"tag-programme"},"jetpack_featured_media_url":"","views":{"total":0,"cached_at":"","cached_date":1738516338},"jetpack_likes_enabled":true,"jetpack_sharing_enabled":true,"jetpack_shortlink":"https:\/\/wp.me\/pg7Wxj-1w4","jetpack-related-posts":[],"_links":{"self":[{"href":"https:\/\/www.o-p-i.fr\/parlonsen\/wp-json\/wp\/v2\/posts\/5832","targetHints":{"allow":["GET"]}}],"collection":[{"href":"https:\/\/www.o-p-i.fr\/parlonsen\/wp-json\/wp\/v2\/posts"}],"about":[{"href":"https:\/\/www.o-p-i.fr\/parlonsen\/wp-json\/wp\/v2\/types\/post"}],"author":[{"embeddable":true,"href":"https:\/\/www.o-p-i.fr\/parlonsen\/wp-json\/wp\/v2\/users\/2"}],"replies":[{"embeddable":true,"href":"https:\/\/www.o-p-i.fr\/parlonsen\/wp-json\/wp\/v2\/comments?post=5832"}],"version-history":[{"count":0,"href":"https:\/\/www.o-p-i.fr\/parlonsen\/wp-json\/wp\/v2\/posts\/5832\/revisions"}],"wp:attachment":[{"href":"https:\/\/www.o-p-i.fr\/parlonsen\/wp-json\/wp\/v2\/media?parent=5832"}],"wp:term":[{"taxonomy":"category","embeddable":true,"href":"https:\/\/www.o-p-i.fr\/parlonsen\/wp-json\/wp\/v2\/categories?post=5832"},{"taxonomy":"post_tag","embeddable":true,"href":"https:\/\/www.o-p-i.fr\/parlonsen\/wp-json\/wp\/v2\/tags?post=5832"}],"curies":[{"name":"wp","href":"https:\/\/api.w.org\/{rel}","templated":true}]}}