{"id":5841,"date":"2010-11-24T13:42:10","date_gmt":"2010-11-24T11:42:10","guid":{"rendered":"\/parlonsen\/?p=5841"},"modified":"2011-01-25T11:29:02","modified_gmt":"2011-01-25T09:29:02","slug":"tauriac-cafe-%e2%80%a6-la-programmation-du-week-end-26-27-novembre-2010","status":"publish","type":"post","link":"https:\/\/www.o-p-i.fr\/parlonsen\/parlons-en\/culture\/tauriac-cafe-%e2%80%a6-la-programmation-du-week-end-26-27-novembre-2010\/","title":{"rendered":"Tauriac Caf\u00e9 \u2026 La programmation du week-end 26 &#038; 27 Novembre 2010"},"content":{"rendered":"<p style=\"text-align: justify;\">On ne peut pas quantifier la joie et le plaisir que le <a title=\"En savoir +\" href=\"https:\/\/www.o-p-i.fr\/aupays\/annuaire\/bar-cafe\/tauriac-cafe\/\">Tauriac Caf\u00e9<\/a> a en recevant les divers groupes et artistes de notre programmation. Les soir\u00e9es ont \u00e9t\u00e9 le reflet des genres diff\u00e9rents, de l\u2019\u00e9nergie \u00ab tous styles \u00bb et l\u2019engouement d\u2019un public emball\u00e9 et fid\u00e8le\u2026 Pourtant il faut bien souligner que pour la premi\u00e8re fois c\u2019est un <span style=\"color: #800000;\"><strong>spectacle de Caf\u00e9 Th\u00e9\u00e2tre <\/strong><\/span>qui va habiter la sc\u00e8ne et puis en plus un spectacle pr\u00e9sent\u00e9 par des amis voisins alors on est encore un peu fier\u2026<!--more--><\/p>\n<p><span style=\"color: #003300;\"><strong>VENDREDI 26 NOV.2010<\/strong><\/span><\/p>\n<figure id=\"attachment_5846\" aria-describedby=\"caption-attachment-5846\" style=\"width: 139px\" class=\"wp-caption alignleft\"><img data-recalc-dims=\"1\" loading=\"lazy\" decoding=\"async\" class=\"size-full wp-image-5846    \" title=\"Tauriac (81)\" src=\"https:\/\/i0.wp.com\/www.o-p-i.fr\/parlonsen\/wp-content\/uploads\/2sans3.jpg?resize=139%2C132&#038;ssl=1\" alt=\"Tauriac (81)\" width=\"139\" height=\"132\" \/><figcaption id=\"caption-attachment-5846\" class=\"wp-caption-text\">Tauriac (81)<\/figcaption><\/figure>\n<p style=\"text-align: justify;\"><span style=\"color: #003300;\">2 SANS 3    FRENCHE POP ACOUSTIC<\/span><\/p>\n<p style=\"text-align: justify;\">CONCERT 21h30<\/p>\n<p style=\"text-align: justify;\">Entr\u00e9e libre- consommations major\u00e9es<\/p>\n<p style=\"text-align: justify;\">Le verbe acidul\u00e9 mais toujours accessible est port\u00e9 par une ambiance tant\u00f4t \u00e9nergique, tant\u00f4t intimiste. Ces soir\u00e9es de concert sont toujours sous le signe de l\u2019\u00e9change, la proximit\u00e9 et  la complicit\u00e9. Une ambiance de piano bar ou le parquet de danse n\u2019est jamais tr\u00e8s loin.<\/p>\n<p style=\"text-align: justify;\">Guitare &amp; chant : VALERO Thierry<br \/>\nGuitare, percussions, chant &amp; ch\u0153urs : ILLOTEAUX David.<br \/>\nBasse : KERBOULL Didier<\/p>\n<p style=\"text-align: justify;\">&#8212;&#8212;&#8212;&#8212;&#8212;&#8212;&#8212;&#8212;&#8212;&#8212;&#8212;&#8212;&#8212;&#8212;&#8212;&#8212;&#8212;&#8212;&#8212;&#8212;&#8212;&#8212;&#8212;&#8212;&#8212;&#8212;&#8212;&#8212;&#8212;&#8212;-<\/p>\n<p style=\"text-align: justify;\">\n<p><span style=\"color: #333333;\"><strong>SAMEDI 27 NOV 2010 <\/strong><\/span><\/p>\n<figure id=\"attachment_5845\" aria-describedby=\"caption-attachment-5845\" style=\"width: 252px\" class=\"wp-caption alignleft\"><img data-recalc-dims=\"1\" loading=\"lazy\" decoding=\"async\" class=\"size-full wp-image-5845 \" title=\"Tauriac (81)\" src=\"https:\/\/i0.wp.com\/www.o-p-i.fr\/parlonsen\/wp-content\/uploads\/affiche_toc.jpg?resize=252%2C363&#038;ssl=1\" alt=\"Tauriac (81)\" width=\"252\" height=\"363\" srcset=\"https:\/\/i0.wp.com\/www.o-p-i.fr\/parlonsen\/wp-content\/uploads\/affiche_toc.jpg?w=400&amp;ssl=1 400w, https:\/\/i0.wp.com\/www.o-p-i.fr\/parlonsen\/wp-content\/uploads\/affiche_toc.jpg?resize=208%2C300&amp;ssl=1 208w\" sizes=\"auto, (max-width: 252px) 100vw, 252px\" \/><figcaption id=\"caption-attachment-5845\" class=\"wp-caption-text\">Tauriac (81)<\/figcaption><\/figure>\n<p style=\"text-align: justify;\"><span style=\"color: #333333;\">LA CIE DU TOC<\/span><\/p>\n<p style=\"text-align: justify;\">CAF\u00c9 TH\u00c9\u00c2TRE 21h<\/p>\n<p style=\"text-align: justify;\">Prix entr\u00e9e fixe : 7 \u20ac<\/p>\n<p style=\"text-align: justify;\">Dix com\u00e9diens amateurs mais confirm\u00e9s, en action depuis plus de dix ans pour le sourire, le rire, le soupir mais surtout pas pour le pire.<\/p>\n<p style=\"text-align: justify;\">Association loi 1901.<\/p>\n<p style=\"text-align: justify;\"><span style=\"color: #333333;\"><strong>Contacts : Cie du TOC<\/strong><\/span><\/p>\n<p style=\"text-align: justify;\"><span style=\"color: #333333;\">DELPEYROU J Michel<br \/>\nCourriel : <a href=\"mailto:delpeyrou.marie@orange.fr \">delpeyrou.marie@orange.fr <\/a><\/span><\/p>\n<p style=\"text-align: justify;\"><span style=\"color: #333333;\">GUIRAL Emilie<br \/>\nCourriel : <a href=\"mailto:emile.guiral@gmail.com\">emile.guiral@gmail.com<\/a><\/span><\/p>\n<p style=\"text-align: justify;\">\n<p style=\"text-align: justify;\">Restauration sur place \u00e0 partir de 19h30 sur r\u00e9servation.<\/p>\n<p style=\"text-align: justify;\"><span style=\"color: #000000;\"><strong>Contact : <a title=\"En savoir +\" href=\"https:\/\/www.o-p-i.fr\/aupays\/annuaire\/bar-cafe\/tauriac-cafe\/\">Tauriac Caf\u00e9<\/a><\/strong><\/span><\/p>\n<p style=\"text-align: justify;\"><em>Communiqu\u00e9 du Tauriac Caf\u00e9<\/em><\/p>\n<p style=\"text-align: justify;\"><em><br \/>\n<\/em><\/p>\n","protected":false},"excerpt":{"rendered":"<div class=\"mh-excerpt\">On ne peut pas quantifier la joie et le plaisir que le Tauriac Caf\u00e9 a en recevant les divers groupes et artistes de notre programmation. Les soir\u00e9es ont \u00e9t\u00e9 le reflet des genres diff\u00e9rents, de <a class=\"mh-excerpt-more\" href=\"https:\/\/www.o-p-i.fr\/parlonsen\/parlons-en\/culture\/tauriac-cafe-%e2%80%a6-la-programmation-du-week-end-26-27-novembre-2010\/\" title=\"Tauriac Caf\u00e9 \u2026 La programmation du week-end 26 &#038; 27 Novembre 2010\">[&#8230;]<\/a><\/div>\n","protected":false},"author":2,"featured_media":0,"comment_status":"open","ping_status":"open","sticky":false,"template":"","format":"standard","meta":{"om_disable_all_campaigns":false,"advanced_seo_description":"","jetpack_seo_html_title":"","jetpack_seo_noindex":false,"_jetpack_memberships_contains_paid_content":false,"footnotes":"","_links_to":"","_links_to_target":""},"categories":[736,1,54,21],"tags":[583,43,57,132,2546,343],"class_list":{"0":"post-5841","1":"post","2":"type-post","3":"status-publish","4":"format-standard","6":"category-n-55-novembre-2010","7":"category-culture","8":"category-loisirs","9":"category-tauriac","10":"tag-tauriac-cafe","11":"tag-concert","12":"tag-theatre","13":"tag-spectacle","14":"tag-tauriac","15":"tag-compagnie-du-toc"},"jetpack_featured_media_url":"","views":{"total":0,"cached_at":"","cached_date":1738516356},"jetpack_likes_enabled":true,"jetpack_sharing_enabled":true,"jetpack_shortlink":"https:\/\/wp.me\/pg7Wxj-1wd","jetpack-related-posts":[],"_links":{"self":[{"href":"https:\/\/www.o-p-i.fr\/parlonsen\/wp-json\/wp\/v2\/posts\/5841","targetHints":{"allow":["GET"]}}],"collection":[{"href":"https:\/\/www.o-p-i.fr\/parlonsen\/wp-json\/wp\/v2\/posts"}],"about":[{"href":"https:\/\/www.o-p-i.fr\/parlonsen\/wp-json\/wp\/v2\/types\/post"}],"author":[{"embeddable":true,"href":"https:\/\/www.o-p-i.fr\/parlonsen\/wp-json\/wp\/v2\/users\/2"}],"replies":[{"embeddable":true,"href":"https:\/\/www.o-p-i.fr\/parlonsen\/wp-json\/wp\/v2\/comments?post=5841"}],"version-history":[{"count":0,"href":"https:\/\/www.o-p-i.fr\/parlonsen\/wp-json\/wp\/v2\/posts\/5841\/revisions"}],"wp:attachment":[{"href":"https:\/\/www.o-p-i.fr\/parlonsen\/wp-json\/wp\/v2\/media?parent=5841"}],"wp:term":[{"taxonomy":"category","embeddable":true,"href":"https:\/\/www.o-p-i.fr\/parlonsen\/wp-json\/wp\/v2\/categories?post=5841"},{"taxonomy":"post_tag","embeddable":true,"href":"https:\/\/www.o-p-i.fr\/parlonsen\/wp-json\/wp\/v2\/tags?post=5841"}],"curies":[{"name":"wp","href":"https:\/\/api.w.org\/{rel}","templated":true}]}}