{"id":58610,"date":"2024-04-04T23:03:37","date_gmt":"2024-04-04T22:03:37","guid":{"rendered":"https:\/\/www.o-p-i.fr\/parlonsen\/?p=58610"},"modified":"2024-04-04T23:15:43","modified_gmt":"2024-04-04T22:15:43","slug":"multitool55-concert-exceptionnel-a-salvagnac-81","status":"publish","type":"post","link":"https:\/\/www.o-p-i.fr\/parlonsen\/localisation\/au-pays-des-tescous\/salvagnac\/multitool55-concert-exceptionnel-a-salvagnac-81\/","title":{"rendered":"Multitool55, concert exceptionnel, &#8230;\u00e0 Salvagnac (81)"},"content":{"rendered":"<p><strong>Mercredi 10 avril 2024<\/strong>, d\u00e8s 20h. \u00e0 l&rsquo;Ecrin. <!--more--><\/p>\n<h3 style=\"text-align: center;\"><img data-recalc-dims=\"1\" loading=\"lazy\" decoding=\"async\" class=\"alignright size-full wp-image-58611\" src=\"https:\/\/i0.wp.com\/www.o-p-i.fr\/parlonsen\/wp-content\/uploads\/Multitool.jpg?resize=425%2C539&#038;ssl=1\" alt=\"\" width=\"425\" height=\"539\" srcset=\"https:\/\/i0.wp.com\/www.o-p-i.fr\/parlonsen\/wp-content\/uploads\/Multitool.jpg?w=425&amp;ssl=1 425w, https:\/\/i0.wp.com\/www.o-p-i.fr\/parlonsen\/wp-content\/uploads\/Multitool.jpg?resize=237%2C300&amp;ssl=1 237w, https:\/\/i0.wp.com\/www.o-p-i.fr\/parlonsen\/wp-content\/uploads\/Multitool.jpg?resize=400%2C507&amp;ssl=1 400w, https:\/\/i0.wp.com\/www.o-p-i.fr\/parlonsen\/wp-content\/uploads\/Multitool.jpg?resize=150%2C190&amp;ssl=1 150w, https:\/\/i0.wp.com\/www.o-p-i.fr\/parlonsen\/wp-content\/uploads\/Multitool.jpg?resize=100%2C127&amp;ssl=1 100w\" sizes=\"auto, (max-width: 425px) 100vw, 425px\" \/>MULTITOOL55 avec Sans\u00e9v\u00e9rino<\/h3>\n<p>Du Rock&#8230; et des choses \u00e0 dire<br \/>\n<strong>MULTITOOL 55<\/strong> c&rsquo;est un groupe qui fait le pari de vivre une aventure de bout en bout. Il y a 30 ans (mais tous n&rsquo;\u00e9taient pas n\u00e9s) le groupe aurait d\u00fb commencer \u00e0 r\u00e9p\u00e9ter dans le garage des parents. C&rsquo;est donc un groupe normal (comme on l&rsquo;entend)<br \/>\nC&rsquo;est St\u00e9phane Sans\u00e9v\u00e9rino qui a eu l&rsquo;id\u00e9e de rassembler 3 jeunes musiciens pour leur montrer ce qu&rsquo;est la jeunesse \u00e9ternelle : Tina Rose (Chanteuse et Guitariste), Bad Bad Bird (Chanteuse et Bassiste) et Aurel Rallet (Batteur).<br \/>\nIl les avait rep\u00e9r\u00e9s dans diff\u00e9rents concerts et\/ou dans le ventre de leur m\u00e8re.<\/p>\n<p><strong><a href=\"https:\/\/www.le-galetas-salvagnac.com\/contact.html\" target=\"_blank\" rel=\"noopener\">WWW.LE-GALETAS-SALVAGNAC.COM<\/a><\/strong><br \/>\nCONCERT EXCEPTIONNEL<br \/>\nMERCREDI 10 AVRIL 2024 D\u00c8S 20H<br \/>\nCONCERT \u00c0 20H00 :<\/p>\n<p>Tarif: 10\u20ac (TARIF R\u00c9DUIT 7\u20ac, GRATUIT POUR LES -12 ANS)<\/p>\n<p><strong>R\u00c9SERVATION CONSEILL\u00c9E : <\/strong><\/p>\n<p>06 79 68 12 15<br \/>\n(par texto de pr\u00e9f\u00e9rence) <a href=\"mailto:galetas.salvagnac@gmail.com\" target=\"_blank\" rel=\"noopener\">galetas.salvagnac@gmail.com<\/a><\/p>\n<p><em>Information communiqu\u00e9e par Le Galetas<\/em><\/p>\n<p><a href=\"http:\/\/www.o-p-i.fr\/parlonsen\/agenda\/\">Retrouvez tous les \u00e9v\u00e9nements dans l&rsquo;agenda !<\/a><\/p>\n","protected":false},"excerpt":{"rendered":"<div class=\"mh-excerpt\">Mercredi 10 avril 2024, d\u00e8s 20h. \u00e0 l&rsquo;Ecrin.<\/div>\n","protected":false},"author":4,"featured_media":35189,"comment_status":"open","ping_status":"open","sticky":false,"template":"","format":"standard","meta":{"om_disable_all_campaigns":false,"advanced_seo_description":"","jetpack_seo_html_title":"","jetpack_seo_noindex":false,"_jetpack_memberships_contains_paid_content":false,"footnotes":"","_links_to":"","_links_to_target":""},"categories":[52,54,25,5937],"tags":[43,2548,1319,6075,6082],"class_list":{"0":"post-58610","1":"post","2":"type-post","3":"status-publish","4":"format-standard","5":"has-post-thumbnail","7":"category-parlons-en","8":"category-loisirs","9":"category-salvagnac","10":"category-n-217-avril-2024","11":"tag-concert","12":"tag-salvagnac","13":"tag-le-galetas","14":"tag-s1424","15":"tag-sanseverino"},"jetpack_featured_media_url":"https:\/\/i0.wp.com\/www.o-p-i.fr\/parlonsen\/wp-content\/uploads\/Le-Galetas.jpg?fit=204%2C71&ssl=1","views":{"total":1,"cached_at":"","cached_date":1738520263},"jetpack_likes_enabled":true,"jetpack_sharing_enabled":true,"jetpack_shortlink":"https:\/\/wp.me\/pg7Wxj-ffk","jetpack-related-posts":[],"_links":{"self":[{"href":"https:\/\/www.o-p-i.fr\/parlonsen\/wp-json\/wp\/v2\/posts\/58610","targetHints":{"allow":["GET"]}}],"collection":[{"href":"https:\/\/www.o-p-i.fr\/parlonsen\/wp-json\/wp\/v2\/posts"}],"about":[{"href":"https:\/\/www.o-p-i.fr\/parlonsen\/wp-json\/wp\/v2\/types\/post"}],"author":[{"embeddable":true,"href":"https:\/\/www.o-p-i.fr\/parlonsen\/wp-json\/wp\/v2\/users\/4"}],"replies":[{"embeddable":true,"href":"https:\/\/www.o-p-i.fr\/parlonsen\/wp-json\/wp\/v2\/comments?post=58610"}],"version-history":[{"count":0,"href":"https:\/\/www.o-p-i.fr\/parlonsen\/wp-json\/wp\/v2\/posts\/58610\/revisions"}],"wp:featuredmedia":[{"embeddable":true,"href":"https:\/\/www.o-p-i.fr\/parlonsen\/wp-json\/wp\/v2\/media\/35189"}],"wp:attachment":[{"href":"https:\/\/www.o-p-i.fr\/parlonsen\/wp-json\/wp\/v2\/media?parent=58610"}],"wp:term":[{"taxonomy":"category","embeddable":true,"href":"https:\/\/www.o-p-i.fr\/parlonsen\/wp-json\/wp\/v2\/categories?post=58610"},{"taxonomy":"post_tag","embeddable":true,"href":"https:\/\/www.o-p-i.fr\/parlonsen\/wp-json\/wp\/v2\/tags?post=58610"}],"curies":[{"name":"wp","href":"https:\/\/api.w.org\/{rel}","templated":true}]}}