{"id":58679,"date":"2024-04-07T07:17:04","date_gmt":"2024-04-07T06:17:04","guid":{"rendered":"https:\/\/www.o-p-i.fr\/parlonsen\/?p=58679"},"modified":"2024-05-05T18:19:31","modified_gmt":"2024-05-05T17:19:31","slug":"vieilles-et-alors-theatre-a-tauriac-81","status":"publish","type":"post","link":"https:\/\/www.o-p-i.fr\/parlonsen\/localisation\/au-pays-des-tescous\/tauriac\/vieilles-et-alors-theatre-a-tauriac-81\/","title":{"rendered":"\u00a0Vieilles, et alors ? th\u00e9\u00e2tre&#8230; \u00e0 Tauriac (81)                                                                                                         ;;"},"content":{"rendered":"<p><strong>Dimanche 28 avril 2024,<\/strong> \u00e0 14h.30 \u00e0 la salle des f\u00eates.a <!--more--><\/p>\n<h3 style=\"text-align: center;\">\u00a0Vieilles, et alors ?<\/h3>\n<p>Pi\u00e8ce de th\u00e9\u00e2tre de Nane Vezinet, mise en sc\u00e8ne par Betty Fournier.<\/p>\n<p>Complices, les deux femmes interpr\u00e8tent elles-m\u00eames cette conversation. Bient\u00f4t octog\u00e9naires, elles parlent avec humour et r\u00e9alisme de ce grand \u00e2ge, le chantent et le dansent.<\/p>\n<p>Nourri des chor\u00e9graphies et des danses de Betty, d&rsquo;un conte et de textes in\u00e9dits de Nane, le r\u00e9cit est joliment port\u00e9 par l&rsquo;accord\u00e9on de Fan\u00e9ly Comte, dans un cadre cabaret.<\/p>\n<p>L\u2019entr\u00e9e est au chapeau. A la fin du spectacle une collation vous sera offerte.<\/p>\n<p>Venez avec vos parents, grands-parents, amies, voisins voisines\u2026.<\/p>\n<p>Je compte sur vous.<\/p>\n<p>Dany des Muses<\/p>\n<p><img data-recalc-dims=\"1\" loading=\"lazy\" decoding=\"async\" class=\"aligncenter size-full wp-image-58680\" src=\"https:\/\/i0.wp.com\/www.o-p-i.fr\/parlonsen\/wp-content\/uploads\/vieilles-1.jpg?resize=624%2C883&#038;ssl=1\" alt=\"\" width=\"624\" height=\"883\" srcset=\"https:\/\/i0.wp.com\/www.o-p-i.fr\/parlonsen\/wp-content\/uploads\/vieilles-1.jpg?w=624&amp;ssl=1 624w, https:\/\/i0.wp.com\/www.o-p-i.fr\/parlonsen\/wp-content\/uploads\/vieilles-1.jpg?resize=212%2C300&amp;ssl=1 212w, https:\/\/i0.wp.com\/www.o-p-i.fr\/parlonsen\/wp-content\/uploads\/vieilles-1.jpg?resize=400%2C566&amp;ssl=1 400w, https:\/\/i0.wp.com\/www.o-p-i.fr\/parlonsen\/wp-content\/uploads\/vieilles-1.jpg?resize=430%2C608&amp;ssl=1 430w, https:\/\/i0.wp.com\/www.o-p-i.fr\/parlonsen\/wp-content\/uploads\/vieilles-1.jpg?resize=150%2C212&amp;ssl=1 150w, https:\/\/i0.wp.com\/www.o-p-i.fr\/parlonsen\/wp-content\/uploads\/vieilles-1.jpg?resize=100%2C142&amp;ssl=1 100w\" sizes=\"auto, (max-width: 624px) 100vw, 624px\" \/><\/p>\n<p><em>Information communiqu\u00e9e par Dany DUNET<\/em><\/p>\n<p><a href=\"http:\/\/www.o-p-i.fr\/parlonsen\/agenda\/\">Retrouvez tous les \u00e9v\u00e9nements dans l&rsquo;agenda !<\/a><\/p>\n","protected":false},"excerpt":{"rendered":"<div class=\"mh-excerpt\">Dimanche 28 avril 2024, \u00e0 14h.30 \u00e0 la salle des f\u00eates.a<\/div>\n","protected":false},"author":4,"featured_media":58682,"comment_status":"open","ping_status":"open","sticky":false,"template":"","format":"standard","meta":{"om_disable_all_campaigns":false,"advanced_seo_description":"","jetpack_seo_html_title":"","jetpack_seo_noindex":false,"_jetpack_memberships_contains_paid_content":false,"footnotes":"","_links_to":"","_links_to_target":""},"categories":[52,54,21,5937],"tags":[57,2546,6084,6085],"class_list":{"0":"post-58679","1":"post","2":"type-post","3":"status-publish","4":"format-standard","5":"has-post-thumbnail","7":"category-parlons-en","8":"category-loisirs","9":"category-tauriac","10":"category-n-217-avril-2024","11":"tag-theatre","12":"tag-tauriac","13":"tag-nane-vezinet","14":"tag-s1524"},"jetpack_featured_media_url":"https:\/\/i0.wp.com\/www.o-p-i.fr\/parlonsen\/wp-content\/uploads\/Tauriac-logo.jpg?fit=283%2C283&ssl=1","views":{"total":7,"cached_at":"","cached_date":1738499476},"jetpack_likes_enabled":true,"jetpack_sharing_enabled":true,"jetpack_shortlink":"https:\/\/wp.me\/pg7Wxj-fgr","jetpack-related-posts":[],"_links":{"self":[{"href":"https:\/\/www.o-p-i.fr\/parlonsen\/wp-json\/wp\/v2\/posts\/58679","targetHints":{"allow":["GET"]}}],"collection":[{"href":"https:\/\/www.o-p-i.fr\/parlonsen\/wp-json\/wp\/v2\/posts"}],"about":[{"href":"https:\/\/www.o-p-i.fr\/parlonsen\/wp-json\/wp\/v2\/types\/post"}],"author":[{"embeddable":true,"href":"https:\/\/www.o-p-i.fr\/parlonsen\/wp-json\/wp\/v2\/users\/4"}],"replies":[{"embeddable":true,"href":"https:\/\/www.o-p-i.fr\/parlonsen\/wp-json\/wp\/v2\/comments?post=58679"}],"version-history":[{"count":0,"href":"https:\/\/www.o-p-i.fr\/parlonsen\/wp-json\/wp\/v2\/posts\/58679\/revisions"}],"wp:featuredmedia":[{"embeddable":true,"href":"https:\/\/www.o-p-i.fr\/parlonsen\/wp-json\/wp\/v2\/media\/58682"}],"wp:attachment":[{"href":"https:\/\/www.o-p-i.fr\/parlonsen\/wp-json\/wp\/v2\/media?parent=58679"}],"wp:term":[{"taxonomy":"category","embeddable":true,"href":"https:\/\/www.o-p-i.fr\/parlonsen\/wp-json\/wp\/v2\/categories?post=58679"},{"taxonomy":"post_tag","embeddable":true,"href":"https:\/\/www.o-p-i.fr\/parlonsen\/wp-json\/wp\/v2\/tags?post=58679"}],"curies":[{"name":"wp","href":"https:\/\/api.w.org\/{rel}","templated":true}]}}