{"id":5868,"date":"2010-11-24T23:24:04","date_gmt":"2010-11-24T21:24:04","guid":{"rendered":"\/parlonsen\/?p=5868"},"modified":"2012-03-22T15:54:30","modified_gmt":"2012-03-22T13:54:30","slug":"cinema-de-villemur-sur-tarn-%e2%80%a6-decembre-2010","status":"publish","type":"post","link":"https:\/\/www.o-p-i.fr\/parlonsen\/parlons-en\/culture\/cinema-de-villemur-sur-tarn-%e2%80%a6-decembre-2010\/","title":{"rendered":"Cin\u00e9ma de Villemur sur Tarn \u2026 D\u00e9cembre 2010."},"content":{"rendered":"<p style=\"text-align: justify;\">Vous trouverez ci-dessous la<span style=\"color: #003366;\"> <strong>programmation  de D\u00e9cembre 2010<\/strong> <\/span>pour le <span style=\"color: #003366;\"><strong>cin\u00e9ma des Greniers du Roy de Villemur sur Tarn<\/strong><\/span> !<!--more--><\/p>\n<p style=\"text-align: justify;\"><span style=\"color: #000080;\">S\u00e9ances Gratuites (04, 12, 15, 17 &amp; 18) dans la limite des places disponibles<\/span><\/p>\n<blockquote>\n<ul style=\"text-align: justify;\">\n<li><span style=\"color: #333333;\"><strong>L\u2019homme qui voulait vivre sa vie<\/strong><\/span><\/li>\n<\/ul>\n<p style=\"text-align: justify;\"><strong> <span style=\"color: #003366;\">le Jeudi 02 D\u00e9cembre \u00e0 20h45<\/span><\/strong><\/p>\n<p style=\"text-align: justify;\">De Eric Lartigau &#8211; France 2010 &#8211; Avec : Romain Duris, Marina Fo\u00efs, Cath. Deneuve&#8230;- 1h55<\/p>\n<p style=\"text-align: justify;\">Paul a tout pour \u00eatre heureux : une belle situation professionnelle, une femme et deux enfants. Sauf<br \/>\nque cette vie n&rsquo;est pas celle dont il r\u00eavait. Un coup de folie va faire basculer son existence, l&rsquo;amenant<br \/>\n\u00e0 endosser une nouvelle identit\u00e9 qui va lui permettre de vivre sa vie.<\/p>\n<ul style=\"text-align: justify;\">\n<li><span style=\"color: #333333;\"><strong>Les Molex, des gens debout<\/strong><\/span><\/li>\n<\/ul>\n<p style=\"text-align: justify;\"><span style=\"color: #003366;\"><strong>le Samedi 04 D\u00e9cembre \u00e0 17h00<br \/>\nle Dimanche 05 D\u00e9cembre \u00e0 14h00<br \/>\nle Dimanche 05 D\u00e9cembre \u00e0 17h00<\/strong><\/span><\/p>\n<p style=\"text-align: justify;\">De Jos\u00e9 Alcala &#8211; France &#8211; 2010 &#8211; Documentaire &#8211; 1h30<\/p>\n<p style=\"text-align: justify;\">Cette projection de 90mn sera accompagn\u00e9 du vid\u00e9omaton r\u00e9alis\u00e9 par Marie Raynal et aura lieu en pr\u00e9sence des r\u00e9alisateurs, monteuse, producteurs et des repr\u00e9sentants de la chaine ARTE et sera suivi d\u2019un d\u00e9bat.<br \/>\nA cette occasion Eric Cabanis, reporter\u2010photographe, pr\u00e9sentera son livre \u00ab Portraits d\u2019une lutte, les Molex pour m\u00e9moire \u00bb.<br \/>\n<span style=\"color: #000080;\"><em>S\u00e9ances gratuites organis\u00e9es par l\u2019association Solidarit\u00e9 des Molex<\/em><\/span><\/p>\n<ul style=\"text-align: justify;\">\n<li><span style=\"color: #333333;\"><strong>Entre nos mains<\/strong><\/span><\/li>\n<\/ul>\n<p style=\"text-align: justify;\"><span style=\"color: #003366;\"><strong>le Jeudi 09 D\u00e9cembre \u00e0 20h45<\/strong><\/span><\/p>\n<p style=\"text-align: justify;\">De Mariana Otero &#8211; France &#8211; 2010 &#8211; Documentaire &#8211; 1h28<\/p>\n<p style=\"text-align: justify;\">Pour sauver leur emploi, des femmes d\u00e9cident de reprendre le pouvoir dans leur entreprise de lingerie en cr\u00e9ant une coop\u00e9rative. Au gr\u00e9 des \u00e9preuves et des rebondissements, elles d\u00e9couvrent avec bonheur et humour la force du collectif, de la solidarit\u00e9 et une nouvelle libert\u00e9.<br \/>\nEt D\u00e9bat avec le Cercle Condorcet Midi-Toulousain et l\u2019association Solidarit\u00e9 des Molex<\/p>\n<ul>\n<li><span style=\"color: #333333;\"><strong>La vie au Ranch<\/strong><\/span><\/li>\n<\/ul>\n<p style=\"text-align: justify;\"><strong> <span style=\"color: #003366;\">le Jeudi 12 D\u00e9cembre \u00e0 15h30<\/span><\/strong><\/p>\n<p style=\"text-align: justify;\">De S. Letourneur- France 2009 &#8211; 1h32 &#8211; Avec :S.J. Sauvegrain, E. Juster&#8230;<\/p>\n<p style=\"text-align: justify;\">Pam a 20 ans. Sa bande de copines se retrouve toujours sur le canap\u00e9 du Ranch, l&rsquo;appart qu&rsquo;elle partage avec Manon. Discuter, boire, fumer, danser: c&rsquo;est de leur \u00e2ge, mais arrive le moment o\u00f9 l&rsquo;on a besoin de s&rsquo;\u00e9chapper du groupe pour tracer son chemin&#8230;<\/p>\n<ul>\n<li><span style=\"color: #333333;\"><strong>Les petits mouchoirs<\/strong><\/span><\/li>\n<\/ul>\n<p style=\"text-align: justify;\"><strong><span style=\"color: #003366;\">le Vendredi 17 D\u00e9cembre \u00e0 22h00<\/span><\/strong><\/p>\n<p style=\"text-align: justify;\">De Guillaume Canet &#8211; France &#8211; 2010 &#8211; 2h34 _ Avec : F; Cluzet, M; Cotillard, Beno\u00eet Magimel<\/p>\n<p style=\"text-align: justify;\">A la suite d&rsquo;un \u00e9v\u00e9nement bouleversant, une bande de copains d\u00e9cide, malgr\u00e9 tout, de partir en vacances au bord de la mer comme chaque ann\u00e9e. Leur amiti\u00e9, leurs certitudes, leur culpabilit\u00e9, leurs amours en seront \u00e9branl\u00e9es. Ils vont enfin devoir lever les \u00ab\u00a0petits mouchoirs\u00a0\u00bb qu&rsquo;ils ont pos\u00e9s sur leurs secrets et leurs mensonges.<\/p>\n<p style=\"text-align: justify;\"><span style=\"color: #003366;\"><em>S\u00e9ance offerte dans le Cadre du March\u00e9 de No\u00ebl<\/em><\/span><\/p>\n<ul>\n<li><span style=\"color: #333333;\"><strong>K\u00e9rity et la maison des contes<\/strong><\/span><\/li>\n<\/ul>\n<p style=\"text-align: justify;\"><span style=\"color: #003366;\"><strong>le Samedi 18 D\u00e9cembre \u00e0 14h00<\/strong><\/span><\/p>\n<p style=\"text-align: justify;\">De D. Monf\u00e9ry &#8211; Film d\u2019animation d\u00e8s 3 ans &#8211; Italie\/France &#8211; 2008 &#8211; 1h20<\/p>\n<p style=\"text-align: justify;\">L&rsquo;histoire se passe \u00e0 K\u00e9rity, o\u00f9 Nathana\u00ebl, 7 ans, emm\u00e9nage avec ses parents et sa s\u0153ur Angelica dans l&rsquo;ancienne maison de leur tante \u00c9l\u00e9onore, r\u00e9cemment d\u00e9c\u00e9d\u00e9e. Les deux enfants re\u00e7oivent d&rsquo;elle un h\u00e9ritage propre \u00e0 chacun : Angelica obtient une poup\u00e9e, tandis que Nathana\u00ebl h\u00e9rite de la biblioth\u00e8que de sa tante, o\u00f9 se cache les nombreux livres dont il ch\u00e9rit tant les histoires. Mais il y a un hic : il a la phobie de la lecture car il ne sait toujours pas lire ! Mais ces livres ne sont pas de simples livres&#8230;<\/p>\n<p style=\"text-align: justify;\"><span style=\"color: #000080;\"><em>S\u00e9ance offerte par le Conseil Municipal Enfants de Villemur<\/em><\/span><\/p>\n<ul>\n<li><span style=\"color: #333333;\"><strong>Harry Potter et les reliques de la mort (Partie 1)<\/strong><\/span><\/li>\n<\/ul>\n<p style=\"text-align: justify;\"><span style=\"color: #003366;\"><strong>le Samedi 18 D\u00e9cembre \u00e0 17h00<\/strong><\/span><\/p>\n<p style=\"text-align: justify;\">De D. Yates &#8211; USA\/GB &#8211; 2010 &#8211; 2h25 &#8211; Avec : D. Radcliffe, R. Grint, E. Watson&#8230;<\/p>\n<p style=\"text-align: justify;\">Le pouvoir de Voldemort s&rsquo;\u00e9tend. Celui-ci contr\u00f4le maintenant le Minist\u00e8re de la Magie et Poudlard. Harry, Ron et Hermione d\u00e9cident de terminer le travail commenc\u00e9 par Dumbledore, et de retrouver les derniers Horcruxes pour vaincre le Seigneur des T\u00e9n\u00e8bres. Mais il reste bien peu d&rsquo;espoir aux trois sorciers, qui doivent r\u00e9ussir \u00e0 tout prix.<\/p>\n<p style=\"text-align: justify;\"><span style=\"color: #000080;\"><em>S\u00e9ance offerte par le Conseil Municipal Enfants de Villemur<\/em><\/span><\/p>\n<ul>\n<li><span style=\"color: #333333;\"><strong>The Social Network<\/strong><\/span><\/li>\n<\/ul>\n<p style=\"text-align: justify;\"><strong> <span style=\"color: #003366;\">le Jeudi 23 D\u00e9cembre \u00e0 20h45<\/span><\/strong><\/p>\n<p style=\"text-align: justify;\">De David Fincher &#8211; Etats-Unis 2010 &#8211; 2h00 &#8211; Avec :J. Eisenberg, J. Timberlake&#8230;<\/p>\n<p style=\"text-align: justify;\">Le film revient sur la cr\u00e9ation du r\u00e9seau social Facebook par mark Zuckerberg et ses relations avec ses camarades de l\u2019universit\u00e9 d\u2019Harvard&#8230;<\/p>\n<ul>\n<li><span style=\"color: #333333;\"><strong>Potiche<\/strong><\/span><\/li>\n<\/ul>\n<p style=\"text-align: justify;\"><span style=\"color: #003366;\"><strong>le Jeudi 30 D\u00e9cembre \u00e0 20h45<\/strong><\/span><\/p>\n<p style=\"text-align: justify;\">De Fran\u00e7ois Ozon &#8211; France &#8211; 2010 &#8211; 1h43 &#8211; Avec : C. Deneuve, G. Depardieu, F. Luchini<\/p>\n<p style=\"text-align: justify;\">1977, dans une province de la bourgeoisie fran\u00e7aise, Suzanne Pujol est l\u2019\u00e9pouse popote et soumise d\u2019un riche industriel. Il dirige son usine de parapluies d\u2019une main de fer et s\u2019av\u00e8re aussi d\u00e9sagr\u00e9able et despote avec ses ouvriers qu\u2019avec ses enfants et sa femme, qu\u2019il prend pour une potiche. \u00c0 la suite d\u2019une gr\u00e8ve, Suzanne se retrouve \u00e0 la direction de l\u2019usine et se r\u00e9v\u00e8le \u00e0 la surprise g\u00e9n\u00e9rale une femme de t\u00eate et d\u2019action&#8230;<\/p>\n<\/blockquote>\n<p style=\"text-align: justify;\">\n<p style=\"text-align: justify;\"><em>Communiqu\u00e9 de Fabien MAZIERES &#8211; Directeur MJC Villemur sur Tarn<\/em><\/p>\n<p><span style=\"color: #003366;\"><strong>Maison des Jeunes et de la Culture de Villemur sur Tarn<\/strong><\/span><br \/>\nMaisons Mitoyennes &#8211; 2 avenue de la Gare<br \/>\n31340 VILLEMUR SUR TARN<\/p>\n<p>T\u00e9l. : 05.34.27.06.78<br \/>\nCourriel : <a href=\"mailto:mjc.villemur@wanadoo.fr\">mjc.villemur@wanadoo.fr<\/a><br \/>\nSite : <a title=\"Ouvre le site dans une nouvelle fen\u00eatre\" href=\"http:\/\/www.mjcvillemursurtarn.fr\" target=\"_blank\">www.mjcvillemursurtarn.fr<\/a><\/p>\n","protected":false},"excerpt":{"rendered":"<div class=\"mh-excerpt\">Vous trouverez ci-dessous la programmation de D\u00e9cembre 2010 pour le cin\u00e9ma des Greniers du Roy de Villemur sur Tarn !<\/div>\n","protected":false},"author":2,"featured_media":0,"comment_status":"open","ping_status":"open","sticky":false,"template":"","format":"standard","meta":{"om_disable_all_campaigns":false,"advanced_seo_description":"","jetpack_seo_html_title":"","jetpack_seo_noindex":false,"_jetpack_memberships_contains_paid_content":false,"footnotes":"","_links_to":"","_links_to_target":""},"categories":[736,42,1,54,6],"tags":[568,1264,82,92,189,323,450],"class_list":{"0":"post-5868","1":"post","2":"type-post","3":"status-publish","4":"format-standard","6":"category-n-55-novembre-2010","7":"category-a-cote-de-chez-nous","8":"category-culture","9":"category-loisirs","10":"category-pratique","11":"tag-sortie","12":"tag-programme","13":"tag-aines","14":"tag-cine","15":"tag-debat","16":"tag-enfant","17":"tag-villemur-sur-tarn"},"jetpack_featured_media_url":"","views":{"total":0,"cached_at":"","cached_date":1738516394},"jetpack_likes_enabled":true,"jetpack_sharing_enabled":true,"jetpack_shortlink":"https:\/\/wp.me\/pg7Wxj-1wE","jetpack-related-posts":[],"_links":{"self":[{"href":"https:\/\/www.o-p-i.fr\/parlonsen\/wp-json\/wp\/v2\/posts\/5868","targetHints":{"allow":["GET"]}}],"collection":[{"href":"https:\/\/www.o-p-i.fr\/parlonsen\/wp-json\/wp\/v2\/posts"}],"about":[{"href":"https:\/\/www.o-p-i.fr\/parlonsen\/wp-json\/wp\/v2\/types\/post"}],"author":[{"embeddable":true,"href":"https:\/\/www.o-p-i.fr\/parlonsen\/wp-json\/wp\/v2\/users\/2"}],"replies":[{"embeddable":true,"href":"https:\/\/www.o-p-i.fr\/parlonsen\/wp-json\/wp\/v2\/comments?post=5868"}],"version-history":[{"count":0,"href":"https:\/\/www.o-p-i.fr\/parlonsen\/wp-json\/wp\/v2\/posts\/5868\/revisions"}],"wp:attachment":[{"href":"https:\/\/www.o-p-i.fr\/parlonsen\/wp-json\/wp\/v2\/media?parent=5868"}],"wp:term":[{"taxonomy":"category","embeddable":true,"href":"https:\/\/www.o-p-i.fr\/parlonsen\/wp-json\/wp\/v2\/categories?post=5868"},{"taxonomy":"post_tag","embeddable":true,"href":"https:\/\/www.o-p-i.fr\/parlonsen\/wp-json\/wp\/v2\/tags?post=5868"}],"curies":[{"name":"wp","href":"https:\/\/api.w.org\/{rel}","templated":true}]}}