{"id":58727,"date":"2024-04-08T19:44:49","date_gmt":"2024-04-08T18:44:49","guid":{"rendered":"https:\/\/www.o-p-i.fr\/parlonsen\/?p=58727"},"modified":"2025-07-18T01:27:37","modified_gmt":"2025-07-17T23:27:37","slug":"20eme-grand-vide-grenier-de-leojac-82","status":"publish","type":"post","link":"https:\/\/www.o-p-i.fr\/parlonsen\/localisation\/au-pays-des-tescous\/leojac\/20eme-grand-vide-grenier-de-leojac-82\/","title":{"rendered":"20\u00e8me grand Vide grenier de L\u00e9ojac (82)"},"content":{"rendered":"<p><strong>Dimanche 5 mai 2024<\/strong>, de 8h.\u00e0 18h., \u00e0 la salle des f\u00eates et au stade.<!--more--><img data-recalc-dims=\"1\" loading=\"lazy\" decoding=\"async\" class=\"size-full wp-image-53296 alignright\" src=\"https:\/\/i0.wp.com\/www.o-p-i.fr\/parlonsen\/wp-content\/uploads\/vide-gr.jpg?resize=425%2C365&#038;ssl=1\" alt=\"\" width=\"425\" height=\"365\" srcset=\"https:\/\/i0.wp.com\/www.o-p-i.fr\/parlonsen\/wp-content\/uploads\/vide-gr.jpg?w=425&amp;ssl=1 425w, https:\/\/i0.wp.com\/www.o-p-i.fr\/parlonsen\/wp-content\/uploads\/vide-gr.jpg?resize=300%2C258&amp;ssl=1 300w, https:\/\/i0.wp.com\/www.o-p-i.fr\/parlonsen\/wp-content\/uploads\/vide-gr.jpg?resize=400%2C344&amp;ssl=1 400w, https:\/\/i0.wp.com\/www.o-p-i.fr\/parlonsen\/wp-content\/uploads\/vide-gr.jpg?resize=150%2C129&amp;ssl=1 150w, https:\/\/i0.wp.com\/www.o-p-i.fr\/parlonsen\/wp-content\/uploads\/vide-gr.jpg?resize=100%2C86&amp;ssl=1 100w\" sizes=\"auto, (max-width: 425px) 100vw, 425px\" \/>20\u00e8me grand Vide grenier de L\u00e9ojac<\/p>\n<p>Depuis 20 ans un des plus grand vide grenier du Tarn et Garonne sur son stade et la salle des f\u00eates de L\u00e9ojac<\/p>\n<p>Plus de 1km400 d&rsquo;exposants. Grand parking gratuit<br \/>\nbuvette et restauration sur place.<br \/>\nExposant ext\u00e9rieur 10 \u00a3 l&#8217;emplacement de 5&#215;5 avec le v\u00e9hicule<br \/>\nint\u00e9rieur complet<br \/>\nAdresse de l&rsquo;\u00e9v\u00e8nement:<br \/>\n506 Route de Saint-Etienne de Tulmont<br \/>\nsalle des f\u00eates et son stade \u00e0 L\u00e9ojac 82230<\/p>\n<p>pour t\u00e9\u00e9l\u00e9charger la fiche d&rsquo;inscription,<br \/>\ncliquez:<strong> <a href=\"https:\/\/www.o-p-i.fr\/parlonsen\/wp-content\/uploads\/Inscription-vide-grenier-2024.pdf\">Inscription vide grenier 2024<\/a><\/strong><\/p>\n<p>Visiteur gratuit<br \/>\nOrganisateur de l&rsquo;\u00e9n\u00e8vement<br \/>\n<strong>Acca L\u00e9ojac<\/strong>\u00a0 association communale de chasse de l\u00e9ojac<br \/>\nAdresse : 1798 route de bellegarde<br \/>\nT\u00e9l\u00e9phone : 06 81 42 08 63<br \/>\nCourriel : <a href=\"mailto:accaleojac@hotmail.com\" target=\"_blank\" rel=\"noopener\">accaleojac@hotmail.com<\/a><\/p>\n<p><em>Information communiqu\u00e9e par Pierre MOLINIERES<\/em><\/p>\n<p><a href=\"http:\/\/www.o-p-i.fr\/parlonsen\/agenda\/\">Retrouvez tous les \u00e9v\u00e9nements dans l&rsquo;agenda !<\/a><\/p>\n<p>&nbsp;<\/p>\n","protected":false},"excerpt":{"rendered":"<div class=\"mh-excerpt\">Dimanche 5 mai 2024, de 8h.\u00e0 18h., \u00e0 la salle des f\u00eates et au stade.<\/div>\n","protected":false},"author":4,"featured_media":53949,"comment_status":"open","ping_status":"open","sticky":false,"template":"","format":"standard","meta":{"om_disable_all_campaigns":false,"advanced_seo_description":"","jetpack_seo_html_title":"","jetpack_seo_noindex":false,"_jetpack_memberships_contains_paid_content":false,"footnotes":"","_links_to":"","_links_to_target":""},"categories":[52,129,30,5949],"tags":[2553,5131,6085],"class_list":{"0":"post-58727","1":"post","2":"type-post","3":"status-publish","4":"format-standard","5":"has-post-thumbnail","7":"category-parlons-en","8":"category-vide-grenier","9":"category-leojac","10":"category-n-218-mai-2024","11":"tag-leojac","12":"tag-bulletin-dinscription","13":"tag-s1524"},"jetpack_featured_media_url":"https:\/\/i0.wp.com\/www.o-p-i.fr\/parlonsen\/wp-content\/uploads\/vide-grenier-logo.jpg?fit=170%2C128&ssl=1","views":{"total":5,"cached_at":"","cached_date":1738505836},"jetpack_likes_enabled":true,"jetpack_sharing_enabled":true,"jetpack_shortlink":"https:\/\/wp.me\/pg7Wxj-fhd","jetpack-related-posts":[],"_links":{"self":[{"href":"https:\/\/www.o-p-i.fr\/parlonsen\/wp-json\/wp\/v2\/posts\/58727","targetHints":{"allow":["GET"]}}],"collection":[{"href":"https:\/\/www.o-p-i.fr\/parlonsen\/wp-json\/wp\/v2\/posts"}],"about":[{"href":"https:\/\/www.o-p-i.fr\/parlonsen\/wp-json\/wp\/v2\/types\/post"}],"author":[{"embeddable":true,"href":"https:\/\/www.o-p-i.fr\/parlonsen\/wp-json\/wp\/v2\/users\/4"}],"replies":[{"embeddable":true,"href":"https:\/\/www.o-p-i.fr\/parlonsen\/wp-json\/wp\/v2\/comments?post=58727"}],"version-history":[{"count":0,"href":"https:\/\/www.o-p-i.fr\/parlonsen\/wp-json\/wp\/v2\/posts\/58727\/revisions"}],"wp:featuredmedia":[{"embeddable":true,"href":"https:\/\/www.o-p-i.fr\/parlonsen\/wp-json\/wp\/v2\/media\/53949"}],"wp:attachment":[{"href":"https:\/\/www.o-p-i.fr\/parlonsen\/wp-json\/wp\/v2\/media?parent=58727"}],"wp:term":[{"taxonomy":"category","embeddable":true,"href":"https:\/\/www.o-p-i.fr\/parlonsen\/wp-json\/wp\/v2\/categories?post=58727"},{"taxonomy":"post_tag","embeddable":true,"href":"https:\/\/www.o-p-i.fr\/parlonsen\/wp-json\/wp\/v2\/tags?post=58727"}],"curies":[{"name":"wp","href":"https:\/\/api.w.org\/{rel}","templated":true}]}}