{"id":588,"date":"2009-10-06T19:50:59","date_gmt":"2009-10-06T17:50:59","guid":{"rendered":"\/parlonsen\/?p=588"},"modified":"2009-10-12T22:23:02","modified_gmt":"2009-10-12T20:23:02","slug":"des-auteurs-sur-le-marche","status":"publish","type":"post","link":"https:\/\/www.o-p-i.fr\/parlonsen\/parlons-en\/culture\/des-auteurs-sur-le-marche\/","title":{"rendered":"Des auteurs sur le march\u00e9"},"content":{"rendered":"<p style=\"text-align: justify;\">Saviez-vous que sur les march\u00e9s de Monclar de Quercy et de N\u00e8grepelisse, on\u00a0peut rencontrer\u00a0des producteurs &#8230; qui ont autre chose \u00e0 proposer que des produits fermiers ?<\/p>\n<p style=\"text-align: justify;\">\n<p style=\"text-align: justify;\"><!--more--><\/p>\n<p style=\"text-align: justify;\">Ces producteurs de lignes et de vers vous offrent de les rencontrer pour des s\u00e9ances de d\u00e9dicaces\u00a0 les jours de march\u00e9s dans nos villages.<\/p>\n<p style=\"text-align: justify;\">Vous pourrez les trouver le mardi matin au Bar de l&rsquo;Univers \u00e0 N\u00e8grepelisse (jusqu&rsquo;\u00e0 fin juin) et\u00a0 le dimanche matin \u00e0 Monclar de Quercy (en d\u00e9cembre, f\u00e9vrier, juillet et ao\u00fbt).<\/p>\n<p style=\"text-align: justify;\">&#8211; Mardi 13 octobre : Claude CHAPPAT (Romans. Saga aveyronnaise. Prix de l&rsquo;Acad\u00e9mie du Languedoc) + Paule DERREY, po\u00e9sie en Rouergue.<br \/>\n&#8211; Mardi 1 D\u00e9cembre : H\u00e9l\u00e8ne MARCH auteur jeunesse<\/p>\n<p>Ces auteurs et leurs ouvrages sont sur le site <a href=\"https:\/\/www.o-p-i.fr\/cestalire.html\" target=\"_blank\">7 \u00e0 lire !<\/a><\/p>\n<p style=\"text-align: justify;\">Renseignements : 06 71 00 29 25 \/ journalrobert@wanadoo.fr \/ <a href=\"https:\/\/www.o-p-i.fr\/cestalire.html\" target=\"_blank\">7 \u00e0 lire !<\/a><\/p>\n<p style=\"text-align: justify;\">Les auteurs qui souhaitent participer \u00e0 ces s\u00e9ances de d\u00e9dicaces doivent contacter Robert Linas (t\u00e9l : 06 71 00 29 25, courriel : journalrobert@wanadoo.fr)<\/p>\n","protected":false},"excerpt":{"rendered":"<div class=\"mh-excerpt\">Saviez-vous que sur les march\u00e9s de Monclar de Quercy et de N\u00e8grepelisse, on\u00a0peut rencontrer\u00a0des producteurs &#8230; qui ont autre chose \u00e0 proposer que des produits fermiers ?<\/div>\n","protected":false},"author":2,"featured_media":0,"comment_status":"open","ping_status":"open","sticky":false,"template":"","format":"standard","meta":{"om_disable_all_campaigns":false,"advanced_seo_description":"","jetpack_seo_html_title":"","jetpack_seo_noindex":false,"_jetpack_memberships_contains_paid_content":false,"footnotes":"","_links_to":"","_links_to_target":""},"categories":[52,4,42,1,7,54,16,9],"tags":[],"class_list":{"0":"post-588","1":"post","2":"type-post","3":"status-publish","4":"format-standard","6":"category-parlons-en","7":"category-commerce","8":"category-a-cote-de-chez-nous","9":"category-culture","10":"category-numero-de-journal","11":"category-loisirs","12":"category-monclar","13":"category-n_42"},"jetpack_featured_media_url":"","views":{"total":0,"cached_at":"","cached_date":1738514689},"jetpack_likes_enabled":true,"jetpack_sharing_enabled":true,"jetpack_shortlink":"https:\/\/wp.me\/pg7Wxj-9u","jetpack-related-posts":[],"_links":{"self":[{"href":"https:\/\/www.o-p-i.fr\/parlonsen\/wp-json\/wp\/v2\/posts\/588","targetHints":{"allow":["GET"]}}],"collection":[{"href":"https:\/\/www.o-p-i.fr\/parlonsen\/wp-json\/wp\/v2\/posts"}],"about":[{"href":"https:\/\/www.o-p-i.fr\/parlonsen\/wp-json\/wp\/v2\/types\/post"}],"author":[{"embeddable":true,"href":"https:\/\/www.o-p-i.fr\/parlonsen\/wp-json\/wp\/v2\/users\/2"}],"replies":[{"embeddable":true,"href":"https:\/\/www.o-p-i.fr\/parlonsen\/wp-json\/wp\/v2\/comments?post=588"}],"version-history":[{"count":0,"href":"https:\/\/www.o-p-i.fr\/parlonsen\/wp-json\/wp\/v2\/posts\/588\/revisions"}],"wp:attachment":[{"href":"https:\/\/www.o-p-i.fr\/parlonsen\/wp-json\/wp\/v2\/media?parent=588"}],"wp:term":[{"taxonomy":"category","embeddable":true,"href":"https:\/\/www.o-p-i.fr\/parlonsen\/wp-json\/wp\/v2\/categories?post=588"},{"taxonomy":"post_tag","embeddable":true,"href":"https:\/\/www.o-p-i.fr\/parlonsen\/wp-json\/wp\/v2\/tags?post=588"}],"curies":[{"name":"wp","href":"https:\/\/api.w.org\/{rel}","templated":true}]}}