{"id":58847,"date":"2024-04-11T20:00:22","date_gmt":"2024-04-11T19:00:22","guid":{"rendered":"https:\/\/www.o-p-i.fr\/parlonsen\/?p=58847"},"modified":"2024-04-11T20:00:22","modified_gmt":"2024-04-11T19:00:22","slug":"troc-aux-plantes-a-orgueil-82-6","status":"publish","type":"post","link":"https:\/\/www.o-p-i.fr\/parlonsen\/parlons-en\/pratique\/troc-aux-plantes-a-orgueil-82-6\/","title":{"rendered":"Troc aux plantes&#8230;\u00e0 Orgueil (82)"},"content":{"rendered":"<p><strong>Dimanche 28 avril 2024<\/strong>, de 14h.30 \u00e0 17h. au local de l&rsquo;asso. <!--more--><\/p>\n<p><strong><span style=\"color: #ff0000;\">\u00a0ATTENTION :<\/span><\/strong> Cette ann\u00e9e le Troc se d\u00e9roulera au local de la ruche, p\u00e9tanque et biblioth\u00e8que d&rsquo;Orgueil, route de Planques (\u00e0 c\u00f4t\u00e9 du Carrettou provisoire) au centtre du villagebdirection Fronton.<\/p>\n<p><img data-recalc-dims=\"1\" loading=\"lazy\" decoding=\"async\" class=\"aligncenter size-full wp-image-58848\" src=\"https:\/\/i0.wp.com\/www.o-p-i.fr\/parlonsen\/wp-content\/uploads\/Troc-2.jpg?resize=624%2C849&#038;ssl=1\" alt=\"\" width=\"624\" height=\"849\" srcset=\"https:\/\/i0.wp.com\/www.o-p-i.fr\/parlonsen\/wp-content\/uploads\/Troc-2.jpg?w=624&amp;ssl=1 624w, https:\/\/i0.wp.com\/www.o-p-i.fr\/parlonsen\/wp-content\/uploads\/Troc-2.jpg?resize=220%2C300&amp;ssl=1 220w, https:\/\/i0.wp.com\/www.o-p-i.fr\/parlonsen\/wp-content\/uploads\/Troc-2.jpg?resize=400%2C544&amp;ssl=1 400w, https:\/\/i0.wp.com\/www.o-p-i.fr\/parlonsen\/wp-content\/uploads\/Troc-2.jpg?resize=430%2C585&amp;ssl=1 430w, https:\/\/i0.wp.com\/www.o-p-i.fr\/parlonsen\/wp-content\/uploads\/Troc-2.jpg?resize=150%2C204&amp;ssl=1 150w, https:\/\/i0.wp.com\/www.o-p-i.fr\/parlonsen\/wp-content\/uploads\/Troc-2.jpg?resize=100%2C136&amp;ssl=1 100w\" sizes=\"auto, (max-width: 624px) 100vw, 624px\" \/><\/p>\n<p><strong>Renseignements<\/strong> aupr\u00e8s de Eric ROBERT 06 03 29 70 62\u00a0 apr\u00e8s 17 h<\/p>\n<p><em>Information communiqu\u00e9e par Eric ROBERT<\/em><\/p>\n<p><a href=\"http:\/\/www.o-p-i.fr\/parlonsen\/agenda\/\">Retrouvez tous les \u00e9v\u00e9nements dans l&rsquo;agenda !<\/a><\/p>\n","protected":false},"excerpt":{"rendered":"<div class=\"mh-excerpt\">Dimanche 28 avril 2024, de 14h.30 \u00e0 17h. au local de l&rsquo;asso.<\/div>\n","protected":false},"author":4,"featured_media":29208,"comment_status":"open","ping_status":"open","sticky":false,"template":"","format":"standard","meta":{"om_disable_all_campaigns":false,"advanced_seo_description":"","jetpack_seo_html_title":"","jetpack_seo_noindex":false,"_jetpack_memberships_contains_paid_content":false,"footnotes":"","_links_to":"","_links_to_target":""},"categories":[52,42,6,5937],"tags":[6085,6090,1062,2954,3075,4607],"class_list":{"0":"post-58847","1":"post","2":"type-post","3":"status-publish","4":"format-standard","5":"has-post-thumbnail","7":"category-parlons-en","8":"category-a-cote-de-chez-nous","9":"category-pratique","10":"category-n-217-avril-2024","11":"tag-s1524","12":"tag-plantes","13":"tag-orgueil","14":"tag-la-ruche-dorgueil","15":"tag-echanges","16":"tag-graines"},"jetpack_featured_media_url":"https:\/\/i0.wp.com\/www.o-p-i.fr\/parlonsen\/wp-content\/uploads\/fleur_pharmacopee.jpg?fit=342%2C256&ssl=1","views":{"total":1,"cached_at":"","cached_date":1738525665},"jetpack_likes_enabled":true,"jetpack_sharing_enabled":true,"jetpack_shortlink":"https:\/\/wp.me\/pg7Wxj-fj9","jetpack-related-posts":[],"_links":{"self":[{"href":"https:\/\/www.o-p-i.fr\/parlonsen\/wp-json\/wp\/v2\/posts\/58847","targetHints":{"allow":["GET"]}}],"collection":[{"href":"https:\/\/www.o-p-i.fr\/parlonsen\/wp-json\/wp\/v2\/posts"}],"about":[{"href":"https:\/\/www.o-p-i.fr\/parlonsen\/wp-json\/wp\/v2\/types\/post"}],"author":[{"embeddable":true,"href":"https:\/\/www.o-p-i.fr\/parlonsen\/wp-json\/wp\/v2\/users\/4"}],"replies":[{"embeddable":true,"href":"https:\/\/www.o-p-i.fr\/parlonsen\/wp-json\/wp\/v2\/comments?post=58847"}],"version-history":[{"count":0,"href":"https:\/\/www.o-p-i.fr\/parlonsen\/wp-json\/wp\/v2\/posts\/58847\/revisions"}],"wp:featuredmedia":[{"embeddable":true,"href":"https:\/\/www.o-p-i.fr\/parlonsen\/wp-json\/wp\/v2\/media\/29208"}],"wp:attachment":[{"href":"https:\/\/www.o-p-i.fr\/parlonsen\/wp-json\/wp\/v2\/media?parent=58847"}],"wp:term":[{"taxonomy":"category","embeddable":true,"href":"https:\/\/www.o-p-i.fr\/parlonsen\/wp-json\/wp\/v2\/categories?post=58847"},{"taxonomy":"post_tag","embeddable":true,"href":"https:\/\/www.o-p-i.fr\/parlonsen\/wp-json\/wp\/v2\/tags?post=58847"}],"curies":[{"name":"wp","href":"https:\/\/api.w.org\/{rel}","templated":true}]}}