{"id":5906,"date":"2010-11-30T12:24:46","date_gmt":"2010-11-30T10:24:46","guid":{"rendered":"\/parlonsen\/?p=5906"},"modified":"2010-11-30T12:24:46","modified_gmt":"2010-11-30T10:24:46","slug":"exposition-rime-avec-telethon-a-le-born","status":"publish","type":"post","link":"https:\/\/www.o-p-i.fr\/parlonsen\/localisation\/au-pays-des-tescous\/le-born\/exposition-rime-avec-telethon-a-le-born\/","title":{"rendered":"Exposition rime avec T\u00e9l\u00e9thon &#8230; \u00e0 Le Born"},"content":{"rendered":"<p>L&rsquo;association Aiguilles et compagnie vous invite a son <span style=\"color: #800080;\"><strong>exposition de broderies<\/strong><\/span> qui se d\u00e9roulera les <span style=\"color: #800080;\"><strong>Samedi 4\u00a0 et Dimanche 5 d\u00e9cembre 2010<\/strong><\/span>, de10h a 18h \u00e0 la salle des f\u00eates de le Born.<!--more--><\/p>\n<p>Comme chaque ann\u00e9e, cette exposition est l&rsquo;occasion pour l\u2019association de participer au T\u00e9l\u00e9thon ; ce jour l\u00e0, en reversant le\u00a0 produit de la vente de billets de tombola.<\/p>\n<p>Venez nombreux !<\/p>\n<p><em>Communiqu\u00e9 de l&rsquo;association Aiguille et Compagnie<\/em><\/p>\n","protected":false},"excerpt":{"rendered":"<div class=\"mh-excerpt\">L&rsquo;association Aiguilles et compagnie vous invite a son exposition de broderies qui se d\u00e9roulera les Samedi 4\u00a0 et Dimanche 5 d\u00e9cembre 2010, de10h a 18h \u00e0 la salle des f\u00eates de le Born.<\/div>\n","protected":false},"author":2,"featured_media":0,"comment_status":"open","ping_status":"open","sticky":false,"template":"","format":"standard","meta":{"om_disable_all_campaigns":false,"advanced_seo_description":"","jetpack_seo_html_title":"","jetpack_seo_noindex":false,"_jetpack_memberships_contains_paid_content":false,"footnotes":"","_links_to":"","_links_to_target":""},"categories":[736,51,91,290,26,54,291],"tags":[2564,172,174,2549,772],"class_list":{"0":"post-5906","1":"post","2":"type-post","3":"status-publish","4":"format-standard","6":"category-n-55-novembre-2010","7":"category-artisanat","8":"category-telethon","9":"category-entraide","10":"category-le-born","11":"category-loisirs","12":"category-solidarite","13":"tag-telethon","14":"tag-exposition","15":"tag-broderie","16":"tag-le-born","17":"tag-aiguilles-et-compagnie"},"jetpack_featured_media_url":"","views":{"total":0,"cached_at":"","cached_date":1738516535},"jetpack_likes_enabled":true,"jetpack_sharing_enabled":true,"jetpack_shortlink":"https:\/\/wp.me\/pg7Wxj-1xg","jetpack-related-posts":[],"_links":{"self":[{"href":"https:\/\/www.o-p-i.fr\/parlonsen\/wp-json\/wp\/v2\/posts\/5906","targetHints":{"allow":["GET"]}}],"collection":[{"href":"https:\/\/www.o-p-i.fr\/parlonsen\/wp-json\/wp\/v2\/posts"}],"about":[{"href":"https:\/\/www.o-p-i.fr\/parlonsen\/wp-json\/wp\/v2\/types\/post"}],"author":[{"embeddable":true,"href":"https:\/\/www.o-p-i.fr\/parlonsen\/wp-json\/wp\/v2\/users\/2"}],"replies":[{"embeddable":true,"href":"https:\/\/www.o-p-i.fr\/parlonsen\/wp-json\/wp\/v2\/comments?post=5906"}],"version-history":[{"count":0,"href":"https:\/\/www.o-p-i.fr\/parlonsen\/wp-json\/wp\/v2\/posts\/5906\/revisions"}],"wp:attachment":[{"href":"https:\/\/www.o-p-i.fr\/parlonsen\/wp-json\/wp\/v2\/media?parent=5906"}],"wp:term":[{"taxonomy":"category","embeddable":true,"href":"https:\/\/www.o-p-i.fr\/parlonsen\/wp-json\/wp\/v2\/categories?post=5906"},{"taxonomy":"post_tag","embeddable":true,"href":"https:\/\/www.o-p-i.fr\/parlonsen\/wp-json\/wp\/v2\/tags?post=5906"}],"curies":[{"name":"wp","href":"https:\/\/api.w.org\/{rel}","templated":true}]}}