{"id":591,"date":"2009-10-06T19:44:11","date_gmt":"2009-10-06T17:44:11","guid":{"rendered":"\/parlonsen\/?p=591"},"modified":"2009-10-07T13:48:59","modified_gmt":"2009-10-07T11:48:59","slug":"langues-regonales-manifestation-le-24-octobre-2009-a-carcassonne","status":"publish","type":"post","link":"https:\/\/www.o-p-i.fr\/parlonsen\/parlons-en\/culture\/langues-regonales-manifestation-le-24-octobre-2009-a-carcassonne\/","title":{"rendered":"Langues r\u00e9gionales : manifestation le 24 octobre 2009 \u00e0 Carcassonne"},"content":{"rendered":"<p>Nous avons \u00e9t\u00e9 10 000 en 2005, 20 000 en 2007. Nous avons gagn\u00e9 la reconnaissance des langues r\u00e9gionales dans la constitution. Nous devons \u00eatre plus nombreux en 2009 pour gagner la loi promise par le gouvernement en 2008.<br \/>\nAnem, \u00f2c, per la lenga occitana ! Anem, O, per la lengo d\u2019o. Tous \u00e0 Carcassonne le 24 octobre !<\/p>\n<p><!--more--><\/p>\n<p>Signez l&rsquo;appel ci-dessous et faites-le signer par les \u00e9lus, responsables associatifs, syndicalistes sur : <a href=\"http:\/\/manifestarperloccitan.com\/\">http:\/\/manifestarperloccitan.com\/<\/a>.<\/p>\n<p><strong>Appel pour la manifestation du 24 octobre 2009 \u00e0 Carcassonne<\/strong><\/p>\n<p>La pr\u00e9servation de la diversit\u00e9 linguistique et culturelle dans le monde est un enjeu majeur pour les ann\u00e9es \u00e0 venir. En France, la situation l\u00e9gale est pourtant d\u00e9favorable \u00e0 cette pr\u00e9servation. La langue occitane, notamment, est particuli\u00e8rement menac\u00e9e par l&rsquo;absence de politique positive pour sa transmission.<\/p>\n<p>Il faut donc, sur le territoire o\u00f9 se parle l&rsquo;occitan,  cr\u00e9er un environnement favorable \u00e0 l\u2019enseignement de la langue et dans la langue, \u00e0 la cr\u00e9ation culturelle en occitan, \u00e0 la pr\u00e9sence de la langue dans les m\u00e9dias \u00e9lectroniques, audiovisuels et \u00e9crits, \u00e0 son emploi dans la vie publique et sociale. Tout cela sera un encouragement \u00e0 la transmission familiale de l&rsquo;occitan.<\/p>\n<ul>\n<li> Les m\u00e9dias<\/li>\n<\/ul>\n<p>Nous voulons un service public de radio et de t\u00e9l\u00e9vision en langue occitane.<\/p>\n<p>Nous demandons une aide sp\u00e9cifique pour les op\u00e9rateurs priv\u00e9s (radios associatives, t\u00e9l\u00e9visions, presse) qui travaillent en faveur de la langue occitane.<\/p>\n<ul>\n<li> La cr\u00e9ation<\/li>\n<\/ul>\n<p>Le soutien \u00e0 la cr\u00e9ation, c&rsquo;est une politique sp\u00e9cifique en faveur de l\u2019\u00e9dition, du th\u00e9\u00e2tre, du spectacle vivant en g\u00e9n\u00e9ral, du cin\u00e9ma et de la musique. La  population doit pouvoir d\u00e9couvrir une culture  trop souvent occult\u00e9e.<\/p>\n<ul>\n<li> L\u2019enseignement<\/li>\n<\/ul>\n<p>Il faut que chacun puisse choisir s&rsquo;il le souhaite un enseignement sous des formes diverses:<\/p>\n<p>&#8211; un enseignement en occitan (bilingue \u00e0 parit\u00e9 horaire ou en immersion);<\/p>\n<p>&#8211; un enseignement de la langue et de la culture occitanes<\/p>\n<p>&#8211; un enseignement sp\u00e9cifique en direction des adultes<\/p>\n<p>Il s&rsquo;agit d&rsquo;une politique d&rsquo;offre g\u00e9n\u00e9ralis\u00e9e.<\/p>\n<ul>\n<li>La vie publique<\/li>\n<\/ul>\n<p>L\u2019occitan doit \u00eatre pr\u00e9sent dans la vie publique. Cela veut dire par exemple :<br \/>\n* le respect de la toponymie et la mise en place d\u2019une signalisation bilingue;<br \/>\n* l\u2019encouragement \u00e0 l\u2019utilisation de la langue occitane dans les lieux publics et dans la vie sociale.<\/p>\n<p>Toutes ces demandes ont pour seul but de permettre \u00e0 une langue de vivre et \u00e0 ceux qui le d\u00e9sirent de l&rsquo;utiliser .  Elles s&rsquo;adressent \u00e0 la fois aux collectivit\u00e9s locales occitanes  (communes, communaut\u00e9s de communes, d\u00e9partements , r\u00e9gions) et \u00e0 l\u2019Etat. Chacun doit prendre en charge ce qui est de sa responsabilit\u00e9. Il appartient \u00e0 l&rsquo;\u00c9tat d&rsquo;adapter sa l\u00e9gislation.<\/p>\n<p>Coordinacion Anem \u00d2c !<\/p>\n<p>Institut d&rsquo;Estudis Occitans, organisme culturel reconnu d&rsquo;utilit\u00e9 publique<br \/>\nFelibrige, mouvement de d\u00e9fense de la Langue d&rsquo;\u00d2c fond\u00e9 en 1854 par Fr\u00e9deric Mistral<br \/>\nF.E.L.C.O. F\u00e9d\u00e9ration des Enseignants de Langue et Culture d&rsquo;Oc,<br \/>\nCalandreta, \u00e9coles occitanes associatives la\u00efques<br \/>\n\u00d2c-Bi, association de parents d&rsquo;\u00e9l\u00e8ves pour l&rsquo;enseignement bilingue public<\/p>\n<p>&#8212;<br \/>\nMarie-Jeanne VERNY, MCF-HDR D\u00e9partement d&rsquo;occitan Universit\u00e9 Paul Val\u00e9ry Montpellier<br \/>\nAdresse perso. : 12, rue Salle l&rsquo;Ev\u00eaque 34000 Montpellier-04 67 66 33 31 &#8211; 09 77 63 46 17<br \/>\npr\u00e9sid. CREO Lengad\u00f2c :  <a href=\"http:\/\/www.creo-lengadoc.org\/\" target=\"_blank\">http:\/\/www.creo-lengadoc.org\/<\/a><br \/>\nco-secr\u00e9t. FELCO (F\u00e9d\u00e9ration des enseignants de langue et culture d&rsquo;Oc) : <a href=\"http:\/\/www.felco-creo.org\" target=\"_blank\">http:\/\/www.felco-creo.org<\/a>\/<\/p>\n<p><strong><br \/>\nTotes a Carcassona lo 24 d&rsquo;oct\u00f2bre de 2009 : Anem, \u00f2c ! Signez l&rsquo;appel \u00e0 manifester sur : <a href=\"http:\/\/manifestarperloccitan.com\/\" target=\"_blank\">http:\/\/manifestarperloccitan.com\/<\/a><\/strong><\/p>\n","protected":false},"excerpt":{"rendered":"<div class=\"mh-excerpt\">Nous avons \u00e9t\u00e9 10 000 en 2005, 20 000 en 2007. Nous avons gagn\u00e9 la reconnaissance des langues r\u00e9gionales dans la constitution. Nous devons \u00eatre plus nombreux en 2009 pour gagner la loi promise par <a class=\"mh-excerpt-more\" href=\"https:\/\/www.o-p-i.fr\/parlonsen\/parlons-en\/culture\/langues-regonales-manifestation-le-24-octobre-2009-a-carcassonne\/\" title=\"Langues r\u00e9gionales : manifestation le 24 octobre 2009 \u00e0 Carcassonne\">[&#8230;]<\/a><\/div>\n","protected":false},"author":2,"featured_media":0,"comment_status":"open","ping_status":"open","sticky":false,"template":"","format":"standard","meta":{"om_disable_all_campaigns":false,"advanced_seo_description":"","jetpack_seo_html_title":"","jetpack_seo_noindex":false,"_jetpack_memberships_contains_paid_content":false,"footnotes":"","_links_to":"","_links_to_target":""},"categories":[52,23,1,7,15,9],"tags":[62],"class_list":{"0":"post-591","1":"post","2":"type-post","3":"status-publish","4":"format-standard","6":"category-parlons-en","7":"category-au-dela-du-pays","8":"category-culture","9":"category-numero-de-journal","10":"category-localisation","11":"category-n_42","12":"tag-occitan"},"jetpack_featured_media_url":"","views":{"total":0,"cached_at":"","cached_date":1738514701},"jetpack_likes_enabled":true,"jetpack_sharing_enabled":true,"jetpack_shortlink":"https:\/\/wp.me\/pg7Wxj-9x","jetpack-related-posts":[],"_links":{"self":[{"href":"https:\/\/www.o-p-i.fr\/parlonsen\/wp-json\/wp\/v2\/posts\/591","targetHints":{"allow":["GET"]}}],"collection":[{"href":"https:\/\/www.o-p-i.fr\/parlonsen\/wp-json\/wp\/v2\/posts"}],"about":[{"href":"https:\/\/www.o-p-i.fr\/parlonsen\/wp-json\/wp\/v2\/types\/post"}],"author":[{"embeddable":true,"href":"https:\/\/www.o-p-i.fr\/parlonsen\/wp-json\/wp\/v2\/users\/2"}],"replies":[{"embeddable":true,"href":"https:\/\/www.o-p-i.fr\/parlonsen\/wp-json\/wp\/v2\/comments?post=591"}],"version-history":[{"count":0,"href":"https:\/\/www.o-p-i.fr\/parlonsen\/wp-json\/wp\/v2\/posts\/591\/revisions"}],"wp:attachment":[{"href":"https:\/\/www.o-p-i.fr\/parlonsen\/wp-json\/wp\/v2\/media?parent=591"}],"wp:term":[{"taxonomy":"category","embeddable":true,"href":"https:\/\/www.o-p-i.fr\/parlonsen\/wp-json\/wp\/v2\/categories?post=591"},{"taxonomy":"post_tag","embeddable":true,"href":"https:\/\/www.o-p-i.fr\/parlonsen\/wp-json\/wp\/v2\/tags?post=591"}],"curies":[{"name":"wp","href":"https:\/\/api.w.org\/{rel}","templated":true}]}}