{"id":59293,"date":"2024-04-25T19:46:18","date_gmt":"2024-04-25T18:46:18","guid":{"rendered":"https:\/\/www.o-p-i.fr\/parlonsen\/?p=59293"},"modified":"2025-07-18T01:26:41","modified_gmt":"2025-07-17T23:26:41","slug":"le-vent-des-peupliers-theatre-a-genebrieres-82","status":"publish","type":"post","link":"https:\/\/www.o-p-i.fr\/parlonsen\/localisation\/au-pays-des-tescous\/genebrieres\/le-vent-des-peupliers-theatre-a-genebrieres-82\/","title":{"rendered":"\u00ab\u00a0Le vent des peupliers\u00a0\u00bb, th\u00e9\u00e2tre &#8230;\u00e0 Genebri\u00e8res (82)"},"content":{"rendered":"<p><strong>Vendredi 17 mai 2024,<\/strong> \u00e0 20h.30, \u00e0 la salle des f\u00eates.<!--more--><\/p>\n<h3 style=\"text-align: center;\"><img data-recalc-dims=\"1\" loading=\"lazy\" decoding=\"async\" class=\"alignright size-full wp-image-59306\" src=\"https:\/\/i0.wp.com\/www.o-p-i.fr\/parlonsen\/wp-content\/uploads\/theatre-gene.jpg?resize=425%2C601&#038;ssl=1\" alt=\"\" width=\"425\" height=\"601\" srcset=\"https:\/\/i0.wp.com\/www.o-p-i.fr\/parlonsen\/wp-content\/uploads\/theatre-gene.jpg?w=425&amp;ssl=1 425w, https:\/\/i0.wp.com\/www.o-p-i.fr\/parlonsen\/wp-content\/uploads\/theatre-gene.jpg?resize=212%2C300&amp;ssl=1 212w, https:\/\/i0.wp.com\/www.o-p-i.fr\/parlonsen\/wp-content\/uploads\/theatre-gene.jpg?resize=400%2C566&amp;ssl=1 400w, https:\/\/i0.wp.com\/www.o-p-i.fr\/parlonsen\/wp-content\/uploads\/theatre-gene.jpg?resize=150%2C212&amp;ssl=1 150w, https:\/\/i0.wp.com\/www.o-p-i.fr\/parlonsen\/wp-content\/uploads\/theatre-gene.jpg?resize=100%2C141&amp;ssl=1 100w\" sizes=\"auto, (max-width: 425px) 100vw, 425px\" \/><br \/>\nLE VENT DES PEUPLIERS &#8211; THEATRE<\/h3>\n<p><span style=\"font-size: large;\">1959 &#8211; Une belle terrasse, un joli vallon quelque part en France, au loin des peupliers caress\u00e9s par la brise, un chien en pierre.<\/span><\/p>\n<p><span style=\"font-size: large;\">C\u2019est sur cette terrasse que se retrouvent chaque jour, trois anciens combattant de la Grande guerre, aussi dissemblables qu\u2019ins\u00e9parables.<\/span><\/p>\n<p><span style=\"font-size: large;\">Nous avons\u00a0: Gustave, r\u00e2leur et grincheux\u00a0; Fernand, handicap\u00e9 par un \u00e9clat d\u2019obus, un peu paranoiaque\u00a0; et Ren\u00e9, p\u00e9tri de bon sens mais boiteux.<\/span><\/p>\n<p><span style=\"font-size: large;\">Les disputes sur les petits \u00e9v\u00e8nements de la vie de l\u2019hospice pourraient suffire pour alimenter leur quotidien, mais ils r\u00eavent encore d\u2019aventures, d\u2019\u00e9vasions\u2026Y parviendront-ils\u00a0?<\/span><\/p>\n<ul>\n<li>Vendredi 17 mai 2024<\/li>\n<li>De 20h30 \u00e0 22h<\/li>\n<li>Adresse de l&rsquo;\u00e9v\u00e8nement<br \/>\nGENEBRIERES &#8211; Salle des f\u00eates<\/li>\n<li>Tarif unique: chapeau<\/li>\n<li>Organisateur de l&rsquo;\u00e9n\u00e8vement\u00a0 TEI Montauban<\/li>\n<li>Personne\u00a0 \u00e0 contacter :<br \/>\nMarie Anne ETIENNE<br \/>\nAdresse : 255 chemin de Faure &#8211; 82000 MONTAUBAN<br \/>\nT\u00e9l\u00e9phone : 06 86 98 06 06<\/li>\n<\/ul>\n<p><em>Information communiqu\u00e9e par Marie Anne ETIENNE<\/em><\/p>\n<p><a href=\"http:\/\/www.o-p-i.fr\/parlonsen\/agenda\/\">Retrouvez tous les \u00e9v\u00e9nements dans l&rsquo;agenda !<\/a><\/p>\n","protected":false},"excerpt":{"rendered":"<div class=\"mh-excerpt\">Vendredi 17 mai 2024, \u00e0 20h.30, \u00e0 la salle des f\u00eates.<\/div>\n","protected":false},"author":4,"featured_media":58043,"comment_status":"open","ping_status":"open","sticky":false,"template":"","format":"standard","meta":{"om_disable_all_campaigns":false,"advanced_seo_description":"","jetpack_seo_html_title":"","jetpack_seo_noindex":false,"_jetpack_memberships_contains_paid_content":false,"footnotes":"","_links_to":"","_links_to_target":""},"categories":[52,42,29,54,5949,5950],"tags":[57,2552,5872,6103],"class_list":{"0":"post-59293","1":"post","2":"type-post","3":"status-publish","4":"format-standard","5":"has-post-thumbnail","7":"category-parlons-en","8":"category-a-cote-de-chez-nous","9":"category-genebrieres","10":"category-loisirs","11":"category-n-218-mai-2024","12":"category-n-219-juin-2024","13":"tag-theatre","14":"tag-genebrieres","15":"tag-genebriere","16":"tag-s1724"},"jetpack_featured_media_url":"https:\/\/i0.wp.com\/www.o-p-i.fr\/parlonsen\/wp-content\/uploads\/theatre-La-Salvetat.jpg?fit=425%2C596&ssl=1","views":{"total":5,"cached_at":"","cached_date":1738488290},"jetpack_likes_enabled":true,"jetpack_sharing_enabled":true,"jetpack_shortlink":"https:\/\/wp.me\/pg7Wxj-fql","jetpack-related-posts":[],"_links":{"self":[{"href":"https:\/\/www.o-p-i.fr\/parlonsen\/wp-json\/wp\/v2\/posts\/59293","targetHints":{"allow":["GET"]}}],"collection":[{"href":"https:\/\/www.o-p-i.fr\/parlonsen\/wp-json\/wp\/v2\/posts"}],"about":[{"href":"https:\/\/www.o-p-i.fr\/parlonsen\/wp-json\/wp\/v2\/types\/post"}],"author":[{"embeddable":true,"href":"https:\/\/www.o-p-i.fr\/parlonsen\/wp-json\/wp\/v2\/users\/4"}],"replies":[{"embeddable":true,"href":"https:\/\/www.o-p-i.fr\/parlonsen\/wp-json\/wp\/v2\/comments?post=59293"}],"version-history":[{"count":0,"href":"https:\/\/www.o-p-i.fr\/parlonsen\/wp-json\/wp\/v2\/posts\/59293\/revisions"}],"wp:featuredmedia":[{"embeddable":true,"href":"https:\/\/www.o-p-i.fr\/parlonsen\/wp-json\/wp\/v2\/media\/58043"}],"wp:attachment":[{"href":"https:\/\/www.o-p-i.fr\/parlonsen\/wp-json\/wp\/v2\/media?parent=59293"}],"wp:term":[{"taxonomy":"category","embeddable":true,"href":"https:\/\/www.o-p-i.fr\/parlonsen\/wp-json\/wp\/v2\/categories?post=59293"},{"taxonomy":"post_tag","embeddable":true,"href":"https:\/\/www.o-p-i.fr\/parlonsen\/wp-json\/wp\/v2\/tags?post=59293"}],"curies":[{"name":"wp","href":"https:\/\/api.w.org\/{rel}","templated":true}]}}