{"id":5930,"date":"2010-12-01T17:32:40","date_gmt":"2010-12-01T15:32:40","guid":{"rendered":"\/parlonsen\/?p=5930"},"modified":"2010-12-01T18:02:03","modified_gmt":"2010-12-01T16:02:03","slug":"spectacle-de-noel-a-le-born","status":"publish","type":"post","link":"https:\/\/www.o-p-i.fr\/parlonsen\/localisation\/au-pays-des-tescous\/le-born\/spectacle-de-noel-a-le-born\/","title":{"rendered":"Spectacle de No\u00ebl &#8230; \u00e0 Le Born"},"content":{"rendered":"<p><span style=\"color: #333333;\"><strong>Dimanche 12 d\u00e9cembre 2010<\/strong><\/span> un spectacle de No\u00ebl est organis\u00e9 par l&rsquo;association <span style=\"color: #333333;\"><strong>Les copains du Born<\/strong><\/span>.<!--more--><\/p>\n<figure id=\"attachment_5931\" aria-describedby=\"caption-attachment-5931\" style=\"width: 450px\" class=\"wp-caption aligncenter\"><img data-recalc-dims=\"1\" loading=\"lazy\" decoding=\"async\" class=\"size-full wp-image-5931\" title=\"Le Born (31)\" src=\"https:\/\/i0.wp.com\/www.o-p-i.fr\/parlonsen\/wp-content\/uploads\/affiche_titus_born.jpg?resize=450%2C641&#038;ssl=1\" alt=\"Le Born (31)\" width=\"450\" height=\"641\" srcset=\"https:\/\/i0.wp.com\/www.o-p-i.fr\/parlonsen\/wp-content\/uploads\/affiche_titus_born.jpg?w=450&amp;ssl=1 450w, https:\/\/i0.wp.com\/www.o-p-i.fr\/parlonsen\/wp-content\/uploads\/affiche_titus_born.jpg?resize=210%2C300&amp;ssl=1 210w\" sizes=\"auto, (max-width: 450px) 100vw, 450px\" \/><figcaption id=\"caption-attachment-5931\" class=\"wp-caption-text\">Le Born (31)<\/figcaption><\/figure>\n<p>Le spectacle \u00ab\u00a0Titus le magicien\u00a0\u00bb est un spectacle de clown et magie, interactif et convivial pour toute la famille!<\/p>\n<p>Portes ouvertes \u00e0 16H00, le spectacle commence \u00e0 16H30.<\/p>\n<p>Entr\u00e9e 3 euro par personne, le go\u00fbter est offert !<\/p>\n<p>Passage de p\u00e8re No\u00ebl apr\u00e8s le spectacle, qui prendra les lettres des enfants.<\/p>\n<p><span style=\"color: #333333;\"><strong>Contact : <\/strong><\/span>Maranca Schenkeveld<br \/>\n<span style=\"color: #333333;\">T\u00e9l. : 06.83.64.15.92<br \/>\nCourriel : <a href=\"mailto:maranca@wanadoo.fr\">maranca@wanadoo.fr<\/a><\/span><\/p>\n<p><span style=\"color: #333333;\"><em>Communiqu\u00e9 de Maranca Schenkeveld<\/em><\/span><\/p>\n<p><a href=\"https:\/\/www.o-p-i.fr\/parlonsen\/agenda\/\"><strong>Retrouvez tous les \u00e9v\u00e8nements dans l&rsquo;agenda !<\/strong><\/a><\/p>\n","protected":false},"excerpt":{"rendered":"<div class=\"mh-excerpt\">Dimanche 12 d\u00e9cembre 2010 un spectacle de No\u00ebl est organis\u00e9 par l&rsquo;association Les copains du Born.<\/div>\n","protected":false},"author":2,"featured_media":0,"comment_status":"open","ping_status":"open","sticky":false,"template":"","format":"standard","meta":{"om_disable_all_campaigns":false,"advanced_seo_description":"","jetpack_seo_html_title":"","jetpack_seo_noindex":false,"_jetpack_memberships_contains_paid_content":false,"footnotes":"","_links_to":"","_links_to_target":""},"categories":[26,54,775,774],"tags":[131,132,2549,186,323,441],"class_list":{"0":"post-5930","1":"post","2":"type-post","3":"status-publish","4":"format-standard","6":"category-le-born","7":"category-loisirs","8":"category-cest-noel","9":"category-n-56-decembre-2010","10":"tag-noel","11":"tag-spectacle","12":"tag-le-born","13":"tag-gouter","14":"tag-enfant","15":"tag-spectacle-enfant"},"jetpack_featured_media_url":"","views":{"total":0,"cached_at":"","cached_date":1738516671},"jetpack_likes_enabled":true,"jetpack_sharing_enabled":true,"jetpack_shortlink":"https:\/\/wp.me\/pg7Wxj-1xE","jetpack-related-posts":[],"_links":{"self":[{"href":"https:\/\/www.o-p-i.fr\/parlonsen\/wp-json\/wp\/v2\/posts\/5930","targetHints":{"allow":["GET"]}}],"collection":[{"href":"https:\/\/www.o-p-i.fr\/parlonsen\/wp-json\/wp\/v2\/posts"}],"about":[{"href":"https:\/\/www.o-p-i.fr\/parlonsen\/wp-json\/wp\/v2\/types\/post"}],"author":[{"embeddable":true,"href":"https:\/\/www.o-p-i.fr\/parlonsen\/wp-json\/wp\/v2\/users\/2"}],"replies":[{"embeddable":true,"href":"https:\/\/www.o-p-i.fr\/parlonsen\/wp-json\/wp\/v2\/comments?post=5930"}],"version-history":[{"count":0,"href":"https:\/\/www.o-p-i.fr\/parlonsen\/wp-json\/wp\/v2\/posts\/5930\/revisions"}],"wp:attachment":[{"href":"https:\/\/www.o-p-i.fr\/parlonsen\/wp-json\/wp\/v2\/media?parent=5930"}],"wp:term":[{"taxonomy":"category","embeddable":true,"href":"https:\/\/www.o-p-i.fr\/parlonsen\/wp-json\/wp\/v2\/categories?post=5930"},{"taxonomy":"post_tag","embeddable":true,"href":"https:\/\/www.o-p-i.fr\/parlonsen\/wp-json\/wp\/v2\/tags?post=5930"}],"curies":[{"name":"wp","href":"https:\/\/api.w.org\/{rel}","templated":true}]}}