{"id":59379,"date":"2024-04-27T18:18:25","date_gmt":"2024-04-27T17:18:25","guid":{"rendered":"https:\/\/www.o-p-i.fr\/parlonsen\/?p=59379"},"modified":"2024-04-27T18:18:25","modified_gmt":"2024-04-27T17:18:25","slug":"journee-festive-les-belles-montees-a-la-salvetat-belmontet-82","status":"publish","type":"post","link":"https:\/\/www.o-p-i.fr\/parlonsen\/localisation\/au-pays-des-tescous\/salvetat\/journee-festive-les-belles-montees-a-la-salvetat-belmontet-82\/","title":{"rendered":"Journ\u00e9e festive \u00ab\u00a0Les Belles Mont\u00e9es\u00a0\u00bb&#8230;\u00e0 la Salvetat Belmontet (82)"},"content":{"rendered":"<p><strong>Dimanche 19 mai 2024<\/strong>, d\u00e9part 10h.<!--more--><\/p>\n<p>Une nouvelle \u00e9dition des belles mont\u00e9es se pr\u00e9pare. Elle aura lieu le 19 mai prochain. Vous trouverez ci-joint le flyer et le programme de la journ\u00e9e.<br \/>\n<img data-recalc-dims=\"1\" loading=\"lazy\" decoding=\"async\" class=\"aligncenter size-full wp-image-59380\" src=\"https:\/\/i0.wp.com\/www.o-p-i.fr\/parlonsen\/wp-content\/uploads\/BELLES-MONT2ES-2.jpg?resize=624%2C441&#038;ssl=1\" alt=\"\" width=\"624\" height=\"441\" srcset=\"https:\/\/i0.wp.com\/www.o-p-i.fr\/parlonsen\/wp-content\/uploads\/BELLES-MONT2ES-2.jpg?w=624&amp;ssl=1 624w, https:\/\/i0.wp.com\/www.o-p-i.fr\/parlonsen\/wp-content\/uploads\/BELLES-MONT2ES-2.jpg?resize=300%2C212&amp;ssl=1 300w, https:\/\/i0.wp.com\/www.o-p-i.fr\/parlonsen\/wp-content\/uploads\/BELLES-MONT2ES-2.jpg?resize=400%2C283&amp;ssl=1 400w, https:\/\/i0.wp.com\/www.o-p-i.fr\/parlonsen\/wp-content\/uploads\/BELLES-MONT2ES-2.jpg?resize=430%2C304&amp;ssl=1 430w, https:\/\/i0.wp.com\/www.o-p-i.fr\/parlonsen\/wp-content\/uploads\/BELLES-MONT2ES-2.jpg?resize=150%2C106&amp;ssl=1 150w, https:\/\/i0.wp.com\/www.o-p-i.fr\/parlonsen\/wp-content\/uploads\/BELLES-MONT2ES-2.jpg?resize=100%2C71&amp;ssl=1 100w\" sizes=\"auto, (max-width: 624px) 100vw, 624px\" \/><img data-recalc-dims=\"1\" loading=\"lazy\" decoding=\"async\" class=\"aligncenter size-full wp-image-59382\" src=\"https:\/\/i0.wp.com\/www.o-p-i.fr\/parlonsen\/wp-content\/uploads\/BELLES-MONT2ES-3.jpg?resize=624%2C602&#038;ssl=1\" alt=\"\" width=\"624\" height=\"602\" srcset=\"https:\/\/i0.wp.com\/www.o-p-i.fr\/parlonsen\/wp-content\/uploads\/BELLES-MONT2ES-3.jpg?w=624&amp;ssl=1 624w, https:\/\/i0.wp.com\/www.o-p-i.fr\/parlonsen\/wp-content\/uploads\/BELLES-MONT2ES-3.jpg?resize=300%2C289&amp;ssl=1 300w, https:\/\/i0.wp.com\/www.o-p-i.fr\/parlonsen\/wp-content\/uploads\/BELLES-MONT2ES-3.jpg?resize=400%2C386&amp;ssl=1 400w, https:\/\/i0.wp.com\/www.o-p-i.fr\/parlonsen\/wp-content\/uploads\/BELLES-MONT2ES-3.jpg?resize=430%2C415&amp;ssl=1 430w, https:\/\/i0.wp.com\/www.o-p-i.fr\/parlonsen\/wp-content\/uploads\/BELLES-MONT2ES-3.jpg?resize=150%2C145&amp;ssl=1 150w, https:\/\/i0.wp.com\/www.o-p-i.fr\/parlonsen\/wp-content\/uploads\/BELLES-MONT2ES-3.jpg?resize=100%2C96&amp;ssl=1 100w\" sizes=\"auto, (max-width: 624px) 100vw, 624px\" \/><em>Information communiqu\u00e9e par Jean-Marc SANGLA<\/em><\/p>\n<p><a href=\"http:\/\/www.o-p-i.fr\/parlonsen\/agenda\/\">Retrouvez tous les \u00e9v\u00e9nements dans l&rsquo;agenda !<\/a><\/p>\n<p>&nbsp;<\/p>\n","protected":false},"excerpt":{"rendered":"<div class=\"mh-excerpt\">Dimanche 19 mai 2024, d\u00e9part 10h.<\/div>\n","protected":false},"author":4,"featured_media":34178,"comment_status":"open","ping_status":"open","sticky":false,"template":"","format":"standard","meta":{"om_disable_all_campaigns":false,"advanced_seo_description":"","jetpack_seo_html_title":"","jetpack_seo_noindex":false,"_jetpack_memberships_contains_paid_content":false,"footnotes":"","_links_to":"","_links_to_target":""},"categories":[52,34,54,5949],"tags":[181,2792,6105,6106],"class_list":{"0":"post-59379","1":"post","2":"type-post","3":"status-publish","4":"format-standard","5":"has-post-thumbnail","7":"category-parlons-en","8":"category-salvetat","9":"category-loisirs","10":"category-n-218-mai-2024","11":"tag-la-salvetat-belmontet","12":"tag-la-belle-montee","13":"tag-maladie-de-charcot-2","14":"tag-s1824"},"jetpack_featured_media_url":"https:\/\/i0.wp.com\/www.o-p-i.fr\/parlonsen\/wp-content\/uploads\/MARCHE.jpg?fit=399%2C270&ssl=1","views":{"total":1,"cached_at":"","cached_date":1738512931},"jetpack_likes_enabled":true,"jetpack_sharing_enabled":true,"jetpack_shortlink":"https:\/\/wp.me\/pg7Wxj-frJ","jetpack-related-posts":[],"_links":{"self":[{"href":"https:\/\/www.o-p-i.fr\/parlonsen\/wp-json\/wp\/v2\/posts\/59379","targetHints":{"allow":["GET"]}}],"collection":[{"href":"https:\/\/www.o-p-i.fr\/parlonsen\/wp-json\/wp\/v2\/posts"}],"about":[{"href":"https:\/\/www.o-p-i.fr\/parlonsen\/wp-json\/wp\/v2\/types\/post"}],"author":[{"embeddable":true,"href":"https:\/\/www.o-p-i.fr\/parlonsen\/wp-json\/wp\/v2\/users\/4"}],"replies":[{"embeddable":true,"href":"https:\/\/www.o-p-i.fr\/parlonsen\/wp-json\/wp\/v2\/comments?post=59379"}],"version-history":[{"count":0,"href":"https:\/\/www.o-p-i.fr\/parlonsen\/wp-json\/wp\/v2\/posts\/59379\/revisions"}],"wp:featuredmedia":[{"embeddable":true,"href":"https:\/\/www.o-p-i.fr\/parlonsen\/wp-json\/wp\/v2\/media\/34178"}],"wp:attachment":[{"href":"https:\/\/www.o-p-i.fr\/parlonsen\/wp-json\/wp\/v2\/media?parent=59379"}],"wp:term":[{"taxonomy":"category","embeddable":true,"href":"https:\/\/www.o-p-i.fr\/parlonsen\/wp-json\/wp\/v2\/categories?post=59379"},{"taxonomy":"post_tag","embeddable":true,"href":"https:\/\/www.o-p-i.fr\/parlonsen\/wp-json\/wp\/v2\/tags?post=59379"}],"curies":[{"name":"wp","href":"https:\/\/api.w.org\/{rel}","templated":true}]}}