{"id":59486,"date":"2024-05-01T17:06:30","date_gmt":"2024-05-01T16:06:30","guid":{"rendered":"https:\/\/www.o-p-i.fr\/parlonsen\/?p=59486"},"modified":"2024-05-01T17:06:30","modified_gmt":"2024-05-01T16:06:30","slug":"les-vies-de-jardin-a-saint-urcisse-81-5","status":"publish","type":"post","link":"https:\/\/www.o-p-i.fr\/parlonsen\/parlons-en\/agriculture\/les-vies-de-jardin-a-saint-urcisse-81-5\/","title":{"rendered":"Les Vies de Jardin&#8230;\u00e0 Saint Urcisse (81)"},"content":{"rendered":"<p><strong>Mercredi 8 mai 2024<\/strong>, de 9h. \u00e0 17h. devant la salle communale.<!--more--><\/p>\n<blockquote>\n<h3 style=\"text-align: center;\"><img data-recalc-dims=\"1\" loading=\"lazy\" decoding=\"async\" class=\"alignright size-full wp-image-59488\" src=\"https:\/\/i0.wp.com\/www.o-p-i.fr\/parlonsen\/wp-content\/uploads\/vies.jpg?resize=425%2C598&#038;ssl=1\" alt=\"\" width=\"425\" height=\"598\" srcset=\"https:\/\/i0.wp.com\/www.o-p-i.fr\/parlonsen\/wp-content\/uploads\/vies.jpg?w=425&amp;ssl=1 425w, https:\/\/i0.wp.com\/www.o-p-i.fr\/parlonsen\/wp-content\/uploads\/vies.jpg?resize=213%2C300&amp;ssl=1 213w, https:\/\/i0.wp.com\/www.o-p-i.fr\/parlonsen\/wp-content\/uploads\/vies.jpg?resize=400%2C563&amp;ssl=1 400w, https:\/\/i0.wp.com\/www.o-p-i.fr\/parlonsen\/wp-content\/uploads\/vies.jpg?resize=150%2C211&amp;ssl=1 150w, https:\/\/i0.wp.com\/www.o-p-i.fr\/parlonsen\/wp-content\/uploads\/vies.jpg?resize=100%2C141&amp;ssl=1 100w\" sizes=\"auto, (max-width: 425px) 100vw, 425px\" \/>LES VIES DE JARDIN<\/h3>\n<p>Nous approchons \u00e0 grand pas de notre rendez-vous annuel !<\/p>\n<p>Pour la 15\u00e8 \u00e9dition des Vies de Jardin, nous vous convions le MERCREDI 8 MAI 2024\u00a0 devant la salle communale<\/p>\n<p>Au programme de la journ\u00e9e :<\/p>\n<ul>\n<li>de 9h \u00e0 17h : le traditionnel march\u00e9 de producteurs avec les plants de l\u00e9gumes, de fleurs, d&rsquo;aromatiques, des fleurs coup\u00e9es, des balais en paille, du vin, des escargots cuisin\u00e9s, des biscuits, de la vannerie, des livres et &#8230;un r\u00e9mouleur !<\/li>\n<li>Des \u00e9tals g\u00e9n\u00e9reux et attrayants : de quoi remplir nos potagers et nos paniers !<\/li>\n<li>Un coin change-plantes : plantes d\u00e9pos\u00e9es et \u00e9chang\u00e9es en libre-service et le vide-jardin : vous r\u00e9servez un emplacement pour proposer des outils ou tout objet se rapportant au jardin.<\/li>\n<li>Vers 13h nous sortons les tables pour un joyeux salmigondis (repas festif o\u00f9 chacun des convives apporte un plat destin\u00e9 \u00e0 la composition du repas) : nous offrons l&rsquo;ap\u00e9ro et partageons ce qui est apport\u00e9 par chacun !<\/li>\n<li>A 15h, nous vous proposons une balade sur le th\u00e8me <strong>\u00ab\u00a0l&rsquo;Art des Jardins\u00a0\u00bb<\/strong> sous la houlette d&rsquo;Am\u00e9d\u00e9e Malleret, jardinier paysagiste.<\/li>\n<\/ul>\n<p>Une journ\u00e9e bien remplie o\u00f9 nous vous attendons nombreux !<\/p>\n<p><em>Information communiqu\u00e9e par Arlette MALLERET<\/em><\/p>\n<p><a href=\"http:\/\/www.o-p-i.fr\/parlonsen\/agenda\/\">Retrouvez tous les \u00e9v\u00e9nements dans l&rsquo;agenda !<\/a><\/p><\/blockquote>\n<p>&nbsp;<\/p>\n","protected":false},"excerpt":{"rendered":"<div class=\"mh-excerpt\">Mercredi 8 mai 2024, de 9h. \u00e0 17h. devant la salle communale.<\/div>\n","protected":false},"author":4,"featured_media":59490,"comment_status":"open","ping_status":"open","sticky":false,"template":"","format":"standard","meta":{"om_disable_all_campaigns":false,"advanced_seo_description":"","jetpack_seo_html_title":"","jetpack_seo_noindex":false,"_jetpack_memberships_contains_paid_content":false,"footnotes":"","_links_to":"","_links_to_target":""},"categories":[52,3,54,18,5949],"tags":[2964,6106,2913],"class_list":{"0":"post-59486","1":"post","2":"type-post","3":"status-publish","4":"format-standard","5":"has-post-thumbnail","7":"category-parlons-en","8":"category-agriculture","9":"category-loisirs","10":"category-saint-urcisse","11":"category-n-218-mai-2024","12":"tag-vies-de-jardin","13":"tag-s1824","14":"tag-saint-urcisse"},"jetpack_featured_media_url":"https:\/\/i0.wp.com\/www.o-p-i.fr\/parlonsen\/wp-content\/uploads\/VIES-DE-JARDIN-LOGO.jpg?fit=283%2C133&ssl=1","views":{"total":0,"cached_at":"","cached_date":1738530275},"jetpack_likes_enabled":true,"jetpack_sharing_enabled":true,"jetpack_shortlink":"https:\/\/wp.me\/pg7Wxj-fts","jetpack-related-posts":[],"_links":{"self":[{"href":"https:\/\/www.o-p-i.fr\/parlonsen\/wp-json\/wp\/v2\/posts\/59486","targetHints":{"allow":["GET"]}}],"collection":[{"href":"https:\/\/www.o-p-i.fr\/parlonsen\/wp-json\/wp\/v2\/posts"}],"about":[{"href":"https:\/\/www.o-p-i.fr\/parlonsen\/wp-json\/wp\/v2\/types\/post"}],"author":[{"embeddable":true,"href":"https:\/\/www.o-p-i.fr\/parlonsen\/wp-json\/wp\/v2\/users\/4"}],"replies":[{"embeddable":true,"href":"https:\/\/www.o-p-i.fr\/parlonsen\/wp-json\/wp\/v2\/comments?post=59486"}],"version-history":[{"count":0,"href":"https:\/\/www.o-p-i.fr\/parlonsen\/wp-json\/wp\/v2\/posts\/59486\/revisions"}],"wp:featuredmedia":[{"embeddable":true,"href":"https:\/\/www.o-p-i.fr\/parlonsen\/wp-json\/wp\/v2\/media\/59490"}],"wp:attachment":[{"href":"https:\/\/www.o-p-i.fr\/parlonsen\/wp-json\/wp\/v2\/media?parent=59486"}],"wp:term":[{"taxonomy":"category","embeddable":true,"href":"https:\/\/www.o-p-i.fr\/parlonsen\/wp-json\/wp\/v2\/categories?post=59486"},{"taxonomy":"post_tag","embeddable":true,"href":"https:\/\/www.o-p-i.fr\/parlonsen\/wp-json\/wp\/v2\/tags?post=59486"}],"curies":[{"name":"wp","href":"https:\/\/api.w.org\/{rel}","templated":true}]}}