{"id":59520,"date":"2024-05-02T08:53:06","date_gmt":"2024-05-02T07:53:06","guid":{"rendered":"https:\/\/www.o-p-i.fr\/parlonsen\/?p=59520"},"modified":"2024-05-02T08:58:44","modified_gmt":"2024-05-02T07:58:44","slug":"concert-vocal-baroque-a-cesteyrols-81","status":"publish","type":"post","link":"https:\/\/www.o-p-i.fr\/parlonsen\/parlons-en\/culture\/concert-vocal-baroque-a-cesteyrols-81\/","title":{"rendered":"Concert vocal baroque&#8230; \u00e0 Cesteyrols (81)"},"content":{"rendered":"<p><strong>Samedi 11 mai 2024<\/strong>, \u00e0 20h.30 en l&rsquo;\u00e9glise Saint Michel.<!--more--><\/p>\n<h3 style=\"text-align: center;\"><img data-recalc-dims=\"1\" loading=\"lazy\" decoding=\"async\" class=\"alignright size-full wp-image-59521\" src=\"https:\/\/i0.wp.com\/www.o-p-i.fr\/parlonsen\/wp-content\/uploads\/concert-baroque.jpg?resize=425%2C601&#038;ssl=1\" alt=\"\" width=\"425\" height=\"601\" srcset=\"https:\/\/i0.wp.com\/www.o-p-i.fr\/parlonsen\/wp-content\/uploads\/concert-baroque.jpg?w=425&amp;ssl=1 425w, https:\/\/i0.wp.com\/www.o-p-i.fr\/parlonsen\/wp-content\/uploads\/concert-baroque.jpg?resize=212%2C300&amp;ssl=1 212w, https:\/\/i0.wp.com\/www.o-p-i.fr\/parlonsen\/wp-content\/uploads\/concert-baroque.jpg?resize=400%2C566&amp;ssl=1 400w, https:\/\/i0.wp.com\/www.o-p-i.fr\/parlonsen\/wp-content\/uploads\/concert-baroque.jpg?resize=150%2C212&amp;ssl=1 150w, https:\/\/i0.wp.com\/www.o-p-i.fr\/parlonsen\/wp-content\/uploads\/concert-baroque.jpg?resize=100%2C141&amp;ssl=1 100w\" sizes=\"auto, (max-width: 425px) 100vw, 425px\" \/>Concert vocal baroque<\/h3>\n<p>L&rsquo;ensemble vocal CLIZIA accompagn\u00e9 par un ensemble instrumental, dirig\u00e9 par Muriel B\u00e9gu\u00e9ria, vous propose de d\u00e9couvrir le programme :<\/p>\n<p><strong>\u00abvoyage musical dans l&rsquo;Italie du XVII eme si\u00e8cle\u00bb<\/strong> avec des oeuvres de Legrenzi, Caldara, Jepht\u00e9 de Carissimi : le premier oratorio de l&rsquo;histoire de la musique, et le fameux magnificat secundo de Monteverdi.<br \/>\nIl s&rsquo;agit d&rsquo;oeuvres pour choeurs \u00e0 3 , 4 et 6 voix.<br \/>\nLe continuo sera assur\u00e9 par Patrick Vivien au th\u00e9orbe, Anne-Lise Labusqui\u00e8re au clavecin et \u00e0 l&rsquo;orgue positif, Estelle Besingrand au violoncelle baroque.<br \/>\nLes parties solistes seront tenues par les membres les plus exp\u00e9riment\u00e9s du choeur.<br \/>\nIl y a maintenant une vingtaine de chanteurs dans l&rsquo;<strong>ensemble vocal Clizia.<\/strong><\/p>\n<p>Cestayrols : \u00e9glise Saint Michel le samedi 11 mai 2024 \u00e0 20h30<\/p>\n<p>L&rsquo;entr\u00e9e est libre et votre participation financi\u00e8re \u00e0 la hauteur de vos possibilit\u00e9s sera la bienvenue.<\/p>\n<p>Pour toute information : <a href=\"mailto:christian.faussot@gmail.com\" target=\"_blank\" rel=\"noopener\">christian.faussot@gmail.com<\/a><\/p>\n<p><em>Information communiqu\u00e9e par l&rsquo;ensemble vocal Cl\u00e9zia<\/em><\/p>\n<p><a href=\"http:\/\/www.o-p-i.fr\/parlonsen\/agenda\/\">Retrouvez tous les \u00e9v\u00e9nements dans l&rsquo;agenda !<\/a><\/p>\n<p>&nbsp;<\/p>\n","protected":false},"excerpt":{"rendered":"<div class=\"mh-excerpt\">Samedi 11 mai 2024, \u00e0 20h.30 en l&rsquo;\u00e9glise Saint Michel.<\/div>\n","protected":false},"author":4,"featured_media":59523,"comment_status":"open","ping_status":"open","sticky":false,"template":"","format":"standard","meta":{"om_disable_all_campaigns":false,"advanced_seo_description":"","jetpack_seo_html_title":"","jetpack_seo_noindex":false,"_jetpack_memberships_contains_paid_content":false,"footnotes":"","_links_to":"","_links_to_target":""},"categories":[52,42,1,54,5949],"tags":[43,1381,6106,6113],"class_list":{"0":"post-59520","1":"post","2":"type-post","3":"status-publish","4":"format-standard","5":"has-post-thumbnail","7":"category-parlons-en","8":"category-a-cote-de-chez-nous","9":"category-culture","10":"category-loisirs","11":"category-n-218-mai-2024","12":"tag-concert","13":"tag-cestayrols","14":"tag-s1824","15":"tag-vocal-baroque"},"jetpack_featured_media_url":"https:\/\/i0.wp.com\/www.o-p-i.fr\/parlonsen\/wp-content\/uploads\/CONCERT-LOGO.jpg?fit=283%2C211&ssl=1","views":{"total":0,"cached_at":"","cached_date":1738424081},"jetpack_likes_enabled":true,"jetpack_sharing_enabled":true,"jetpack_shortlink":"https:\/\/wp.me\/pg7Wxj-fu0","jetpack-related-posts":[],"_links":{"self":[{"href":"https:\/\/www.o-p-i.fr\/parlonsen\/wp-json\/wp\/v2\/posts\/59520","targetHints":{"allow":["GET"]}}],"collection":[{"href":"https:\/\/www.o-p-i.fr\/parlonsen\/wp-json\/wp\/v2\/posts"}],"about":[{"href":"https:\/\/www.o-p-i.fr\/parlonsen\/wp-json\/wp\/v2\/types\/post"}],"author":[{"embeddable":true,"href":"https:\/\/www.o-p-i.fr\/parlonsen\/wp-json\/wp\/v2\/users\/4"}],"replies":[{"embeddable":true,"href":"https:\/\/www.o-p-i.fr\/parlonsen\/wp-json\/wp\/v2\/comments?post=59520"}],"version-history":[{"count":0,"href":"https:\/\/www.o-p-i.fr\/parlonsen\/wp-json\/wp\/v2\/posts\/59520\/revisions"}],"wp:featuredmedia":[{"embeddable":true,"href":"https:\/\/www.o-p-i.fr\/parlonsen\/wp-json\/wp\/v2\/media\/59523"}],"wp:attachment":[{"href":"https:\/\/www.o-p-i.fr\/parlonsen\/wp-json\/wp\/v2\/media?parent=59520"}],"wp:term":[{"taxonomy":"category","embeddable":true,"href":"https:\/\/www.o-p-i.fr\/parlonsen\/wp-json\/wp\/v2\/categories?post=59520"},{"taxonomy":"post_tag","embeddable":true,"href":"https:\/\/www.o-p-i.fr\/parlonsen\/wp-json\/wp\/v2\/tags?post=59520"}],"curies":[{"name":"wp","href":"https:\/\/api.w.org\/{rel}","templated":true}]}}