{"id":59533,"date":"2024-05-02T13:50:44","date_gmt":"2024-05-02T12:50:44","guid":{"rendered":"https:\/\/www.o-p-i.fr\/parlonsen\/?p=59533"},"modified":"2024-05-02T15:42:25","modified_gmt":"2024-05-02T14:42:25","slug":"maia-barouh-en-concert-a-bressols-82","status":"publish","type":"post","link":"https:\/\/www.o-p-i.fr\/parlonsen\/parlons-en\/culture\/maia-barouh-en-concert-a-bressols-82\/","title":{"rendered":"\u00a0MA\u00cfA BAROUH en concert&#8230; \u00e0 Bressols (82)"},"content":{"rendered":"<p><strong>Samedi 25 mai 2024<\/strong>, \u00e0 20h.30, \u00e0 La Muse.<!--more--><\/p>\n<h3 style=\"text-align: center;\"><img data-recalc-dims=\"1\" loading=\"lazy\" decoding=\"async\" class=\"alignright size-full wp-image-59534\" src=\"https:\/\/i0.wp.com\/www.o-p-i.fr\/parlonsen\/wp-content\/uploads\/MAIAH.jpg?resize=425%2C624&#038;ssl=1\" alt=\"\" width=\"425\" height=\"624\" srcset=\"https:\/\/i0.wp.com\/www.o-p-i.fr\/parlonsen\/wp-content\/uploads\/MAIAH.jpg?w=425&amp;ssl=1 425w, https:\/\/i0.wp.com\/www.o-p-i.fr\/parlonsen\/wp-content\/uploads\/MAIAH.jpg?resize=204%2C300&amp;ssl=1 204w, https:\/\/i0.wp.com\/www.o-p-i.fr\/parlonsen\/wp-content\/uploads\/MAIAH.jpg?resize=400%2C587&amp;ssl=1 400w, https:\/\/i0.wp.com\/www.o-p-i.fr\/parlonsen\/wp-content\/uploads\/MAIAH.jpg?resize=150%2C220&amp;ssl=1 150w, https:\/\/i0.wp.com\/www.o-p-i.fr\/parlonsen\/wp-content\/uploads\/MAIAH.jpg?resize=100%2C147&amp;ssl=1 100w\" sizes=\"auto, (max-width: 425px) 100vw, 425px\" \/>\u00a0MA\u00cfA BAROUH en concert<\/h3>\n<p>Dans le cadre du <strong>Festival La Crois\u00e9e des Muses<\/strong><\/p>\n<p>MA\u00cfA BAROUH Chanteuse, fl\u00fbtiste, auteur, compositrice et arrangeuse Franco-Japonaise. Ma\u00efa est une artiste unique m\u00e9langeant les chants ancestraux Japonais avec du rap, du groove, de l&rsquo;\u00e9lectro et de la chanson .<br \/>\nBerc\u00e9e par la musique dans le sillage de son p\u00e8re Pierre BAROUH, MA\u00cfA se met tr\u00e8s t\u00f4t aux instruments mais la fl\u00fbte a \u00e9t\u00e9 sa premi\u00e8re arme pour affronter le m\u00e9tier.<br \/>\nAvec sa grande exp\u00e9rience de la sc\u00e8ne, sa folie, son \u00e9nergie volcanique et sa musicalit\u00e9 sans fronti\u00e8res, Ma\u00efa BAROUH nous emm\u00e8ne au c\u0153ur de ses racines et saisit le public par sa voix qui vous prend aux tripes.<\/p>\n<p>organis\u00e9 par l&rsquo;Association EIDOS CINEMA<\/p>\n<p>LA BRIQUE ROUGE pr\u00e9sente<\/p>\n<p>MA\u00cfA BAROUH en Concert<\/p>\n<p>SAMEDI 25 MAI \u00e0 20h30 LA MUSE (82) Bressols<\/p>\n<p><strong>Renseignements<\/strong>. R\u00e9servations :<\/p>\n<p><a href=\"mailto:labriquerougeprod@gmail.com\" target=\"_blank\" rel=\"noopener\">labriquerougeprod@gmail.com<\/a> .<br \/>\n06 70 59 29 74<\/p>\n<p>site officiel Ma\u00efa Barouh : <a href=\"http:\/\/www.maiabarouh.com\" target=\"_blank\" rel=\"noopener\">www.maiabarouh.com<\/a><\/p>\n<p>Pour d\u00e9couvrir,<strong><a href=\"https:\/\/www.maiabarouh.com\/\" target=\"_blank\" rel=\"noopener\"> cliquez ici<\/a><\/strong><\/p>\n<p>&nbsp;<\/p>\n<p><em>Information communiqu\u00e9e par Roland TERRANCLE<\/em><\/p>\n<p><a href=\"http:\/\/www.o-p-i.fr\/parlonsen\/agenda\/\">Retrouvez tous les \u00e9v\u00e9nements dans l&rsquo;agenda !<\/a><\/p>\n<p>&nbsp;<\/p>\n<p>&nbsp;<\/p>\n","protected":false},"excerpt":{"rendered":"<div class=\"mh-excerpt\">Samedi 25 mai 2024, \u00e0 20h.30, \u00e0 La Muse.<\/div>\n","protected":false},"author":4,"featured_media":59070,"comment_status":"open","ping_status":"open","sticky":false,"template":"","format":"standard","meta":{"om_disable_all_campaigns":false,"advanced_seo_description":"","jetpack_seo_html_title":"","jetpack_seo_noindex":false,"_jetpack_memberships_contains_paid_content":false,"footnotes":"","_links_to":"","_links_to_target":""},"categories":[52,42,1,54,5949],"tags":[43,2040,3941,6106,6114],"class_list":{"0":"post-59533","1":"post","2":"type-post","3":"status-publish","4":"format-standard","5":"has-post-thumbnail","7":"category-parlons-en","8":"category-a-cote-de-chez-nous","9":"category-culture","10":"category-loisirs","11":"category-n-218-mai-2024","12":"tag-concert","13":"tag-bressols","14":"tag-la-brique-rouge","15":"tag-s1824","16":"tag-maia-barouh"},"jetpack_featured_media_url":"https:\/\/i0.wp.com\/www.o-p-i.fr\/parlonsen\/wp-content\/uploads\/BRIQUE-ROUGE-LOGO.jpg?fit=283%2C205&ssl=1","views":{"total":1,"cached_at":"","cached_date":1738522700},"jetpack_likes_enabled":true,"jetpack_sharing_enabled":true,"jetpack_shortlink":"https:\/\/wp.me\/pg7Wxj-fud","jetpack-related-posts":[],"_links":{"self":[{"href":"https:\/\/www.o-p-i.fr\/parlonsen\/wp-json\/wp\/v2\/posts\/59533","targetHints":{"allow":["GET"]}}],"collection":[{"href":"https:\/\/www.o-p-i.fr\/parlonsen\/wp-json\/wp\/v2\/posts"}],"about":[{"href":"https:\/\/www.o-p-i.fr\/parlonsen\/wp-json\/wp\/v2\/types\/post"}],"author":[{"embeddable":true,"href":"https:\/\/www.o-p-i.fr\/parlonsen\/wp-json\/wp\/v2\/users\/4"}],"replies":[{"embeddable":true,"href":"https:\/\/www.o-p-i.fr\/parlonsen\/wp-json\/wp\/v2\/comments?post=59533"}],"version-history":[{"count":0,"href":"https:\/\/www.o-p-i.fr\/parlonsen\/wp-json\/wp\/v2\/posts\/59533\/revisions"}],"wp:featuredmedia":[{"embeddable":true,"href":"https:\/\/www.o-p-i.fr\/parlonsen\/wp-json\/wp\/v2\/media\/59070"}],"wp:attachment":[{"href":"https:\/\/www.o-p-i.fr\/parlonsen\/wp-json\/wp\/v2\/media?parent=59533"}],"wp:term":[{"taxonomy":"category","embeddable":true,"href":"https:\/\/www.o-p-i.fr\/parlonsen\/wp-json\/wp\/v2\/categories?post=59533"},{"taxonomy":"post_tag","embeddable":true,"href":"https:\/\/www.o-p-i.fr\/parlonsen\/wp-json\/wp\/v2\/tags?post=59533"}],"curies":[{"name":"wp","href":"https:\/\/api.w.org\/{rel}","templated":true}]}}