{"id":59564,"date":"2024-05-02T20:39:24","date_gmt":"2024-05-02T19:39:24","guid":{"rendered":"https:\/\/www.o-p-i.fr\/parlonsen\/?p=59564"},"modified":"2024-05-02T20:41:45","modified_gmt":"2024-05-02T19:41:45","slug":"rallye-de-lamitie-randonnee-pedestre-a-villebrumier-82","status":"publish","type":"post","link":"https:\/\/www.o-p-i.fr\/parlonsen\/localisation\/au-pays-des-tescous\/villebrumier\/rallye-de-lamitie-randonnee-pedestre-a-villebrumier-82\/","title":{"rendered":"Rallye de l&rsquo;Amiti\u00e9, randonn\u00e9e p\u00e9destre &#8230;\u00e0 Villebrumier (82)"},"content":{"rendered":"<p><strong>Samedi 11 mai 2024<\/strong>, d\u00e9part entre 14h. et 15h. devant la salle des f\u00eates. <!--more--><\/p>\n<h3 style=\"text-align: center;\"><img data-recalc-dims=\"1\" loading=\"lazy\" decoding=\"async\" class=\"alignright size-full wp-image-59565\" src=\"https:\/\/i0.wp.com\/www.o-p-i.fr\/parlonsen\/wp-content\/uploads\/rallye-amitie.jpg?resize=425%2C419&#038;ssl=1\" alt=\"\" width=\"425\" height=\"419\" srcset=\"https:\/\/i0.wp.com\/www.o-p-i.fr\/parlonsen\/wp-content\/uploads\/rallye-amitie.jpg?w=425&amp;ssl=1 425w, https:\/\/i0.wp.com\/www.o-p-i.fr\/parlonsen\/wp-content\/uploads\/rallye-amitie.jpg?resize=300%2C296&amp;ssl=1 300w, https:\/\/i0.wp.com\/www.o-p-i.fr\/parlonsen\/wp-content\/uploads\/rallye-amitie.jpg?resize=400%2C394&amp;ssl=1 400w, https:\/\/i0.wp.com\/www.o-p-i.fr\/parlonsen\/wp-content\/uploads\/rallye-amitie.jpg?resize=150%2C148&amp;ssl=1 150w, https:\/\/i0.wp.com\/www.o-p-i.fr\/parlonsen\/wp-content\/uploads\/rallye-amitie.jpg?resize=100%2C99&amp;ssl=1 100w\" sizes=\"auto, (max-width: 425px) 100vw, 425px\" \/><strong>rallye de l&rsquo;amiti\u00e9<\/strong><\/h3>\n<p>Prochaine manifestation \u00e0 VILLEBRUMIER<\/p>\n<p>RANDONNE PEDESTRE DU SAMEDI 11 MAI 2024 &#8211;<br \/>\ncircuit de 8 km environ &#8211;<\/p>\n<p>Pas d&rsquo;inscription pr\u00e9alable obligatoire<\/p>\n<p>inscription gratuite &#8211;<br \/>\nd\u00e9parts entre 14 H et 15 h devant la SALLE DES FETES<\/p>\n<p>tee-shirt offert + une boisson<\/p>\n<p>Renseignements possibles aupr\u00e8s du 06 21 26 27 53<\/p>\n<p><em>Information communiqu\u00e9e par Marie-Th\u00e9r\u00e8se JAMME<\/em><\/p>\n<p><a href=\"http:\/\/www.o-p-i.fr\/parlonsen\/agenda\/\">Retrouvez tous les \u00e9v\u00e9nements dans l&rsquo;agenda !<\/a><\/p>\n","protected":false},"excerpt":{"rendered":"<div class=\"mh-excerpt\">Samedi 11 mai 2024, d\u00e9part entre 14h. et 15h. devant la salle des f\u00eates.<\/div>\n","protected":false},"author":4,"featured_media":59566,"comment_status":"open","ping_status":"open","sticky":false,"template":"","format":"standard","meta":{"om_disable_all_campaigns":false,"advanced_seo_description":"","jetpack_seo_html_title":"","jetpack_seo_noindex":false,"_jetpack_memberships_contains_paid_content":false,"footnotes":"","_links_to":"","_links_to_target":""},"categories":[52,54,53,19,5949],"tags":[2544,3366,6106],"class_list":{"0":"post-59564","1":"post","2":"type-post","3":"status-publish","4":"format-standard","5":"has-post-thumbnail","7":"category-parlons-en","8":"category-loisirs","9":"category-sports","10":"category-villebrumier","11":"category-n-218-mai-2024","12":"tag-villebrumier","13":"tag-rallye-de-lamitie","14":"tag-s1824"},"jetpack_featured_media_url":"https:\/\/i0.wp.com\/www.o-p-i.fr\/parlonsen\/wp-content\/uploads\/Villebrumier-logo.jpg?fit=283%2C279&ssl=1","views":{"total":1,"cached_at":"","cached_date":1738512814},"jetpack_likes_enabled":true,"jetpack_sharing_enabled":true,"jetpack_shortlink":"https:\/\/wp.me\/pg7Wxj-fuI","jetpack-related-posts":[],"_links":{"self":[{"href":"https:\/\/www.o-p-i.fr\/parlonsen\/wp-json\/wp\/v2\/posts\/59564","targetHints":{"allow":["GET"]}}],"collection":[{"href":"https:\/\/www.o-p-i.fr\/parlonsen\/wp-json\/wp\/v2\/posts"}],"about":[{"href":"https:\/\/www.o-p-i.fr\/parlonsen\/wp-json\/wp\/v2\/types\/post"}],"author":[{"embeddable":true,"href":"https:\/\/www.o-p-i.fr\/parlonsen\/wp-json\/wp\/v2\/users\/4"}],"replies":[{"embeddable":true,"href":"https:\/\/www.o-p-i.fr\/parlonsen\/wp-json\/wp\/v2\/comments?post=59564"}],"version-history":[{"count":0,"href":"https:\/\/www.o-p-i.fr\/parlonsen\/wp-json\/wp\/v2\/posts\/59564\/revisions"}],"wp:featuredmedia":[{"embeddable":true,"href":"https:\/\/www.o-p-i.fr\/parlonsen\/wp-json\/wp\/v2\/media\/59566"}],"wp:attachment":[{"href":"https:\/\/www.o-p-i.fr\/parlonsen\/wp-json\/wp\/v2\/media?parent=59564"}],"wp:term":[{"taxonomy":"category","embeddable":true,"href":"https:\/\/www.o-p-i.fr\/parlonsen\/wp-json\/wp\/v2\/categories?post=59564"},{"taxonomy":"post_tag","embeddable":true,"href":"https:\/\/www.o-p-i.fr\/parlonsen\/wp-json\/wp\/v2\/tags?post=59564"}],"curies":[{"name":"wp","href":"https:\/\/api.w.org\/{rel}","templated":true}]}}