{"id":59978,"date":"2024-05-16T10:29:39","date_gmt":"2024-05-16T09:29:39","guid":{"rendered":"https:\/\/www.o-p-i.fr\/parlonsen\/?p=59978"},"modified":"2024-05-16T10:34:52","modified_gmt":"2024-05-16T09:34:52","slug":"animation-de-printemps-a-couffouleux","status":"publish","type":"post","link":"https:\/\/www.o-p-i.fr\/parlonsen\/localisation\/a-cote-de-chez-nous\/animation-de-printemps-a-couffouleux\/","title":{"rendered":"Animation de Printemps &#8230;\u00e0 Couffouleux"},"content":{"rendered":"<p><strong>Samedi 8 juin 2024,<\/strong> \u00e0 19h. sur le parvis de l&rsquo;\u00e9glise de Saint Victor. <!--more--><\/p>\n<p><img data-recalc-dims=\"1\" loading=\"lazy\" decoding=\"async\" class=\"alignright size-full wp-image-59979\" src=\"https:\/\/i0.wp.com\/www.o-p-i.fr\/parlonsen\/wp-content\/uploads\/Coufouleux.jpg?resize=425%2C614&#038;ssl=1\" alt=\"\" width=\"425\" height=\"614\" srcset=\"https:\/\/i0.wp.com\/www.o-p-i.fr\/parlonsen\/wp-content\/uploads\/Coufouleux.jpg?w=425&amp;ssl=1 425w, https:\/\/i0.wp.com\/www.o-p-i.fr\/parlonsen\/wp-content\/uploads\/Coufouleux.jpg?resize=208%2C300&amp;ssl=1 208w, https:\/\/i0.wp.com\/www.o-p-i.fr\/parlonsen\/wp-content\/uploads\/Coufouleux.jpg?resize=400%2C578&amp;ssl=1 400w, https:\/\/i0.wp.com\/www.o-p-i.fr\/parlonsen\/wp-content\/uploads\/Coufouleux.jpg?resize=150%2C217&amp;ssl=1 150w, https:\/\/i0.wp.com\/www.o-p-i.fr\/parlonsen\/wp-content\/uploads\/Coufouleux.jpg?resize=100%2C144&amp;ssl=1 100w\" sizes=\"auto, (max-width: 425px) 100vw, 425px\" \/><\/p>\n<p>Cette ann\u00e9e, pour l&rsquo;animation de Juin, l&rsquo;association des <strong>Amis de l&rsquo;\u00c9glise de<\/strong> <strong>Saint Victor<\/strong> \u00e0 Couffouleux propose d&rsquo;accueillir un spectacle original et atypique sur le parvis de l&rsquo;\u00e9glise ainsi qu&rsquo;un repas en ext\u00e9rieur pour le samedi 8 Juin \u00e0 19h00.<br \/>\nCette animation s&rsquo;adresse \u00e0 tous les publics.<\/p>\n<p>Le spectacle interpr\u00e9t\u00e9 par 2 musiciens, guitariste et contrebassiste, s&rsquo;appelle Impressions d&rsquo; Asie\u00a0\u00bb . C&rsquo;est une composition de Jazz du monde et projection d&rsquo;ombres chinoises. Les musiciens viennent des environs de Toulouse.<\/p>\n<p><strong>R\u00e9sum\u00e9 du spectacle :<\/strong><\/p>\n<p>Un jour, deux musiciens viennent jouer dans une ville fran\u00e7aise (disons Couffouleux). Dans l\u2019assistance, une ombre les \u00e9coute et r\u00eave de partir sur la route avec eux. Le lendemain, alors que les deux musiciens s\u2019en vont, l\u2019ombre d\u00e9cide de les suivre. Tous les trois partent pour une s\u00e9rie de concerts en Asie\u2026<\/p>\n<p><strong>Restauration sur place :<\/strong><\/p>\n<p>Pour accompagner cet itin\u00e9raire musical aux impressions d&rsquo;Asie, Les D\u00e9lices de l&rsquo;Histoire proposent exceptionnellement une restauration \u00e9voquant ce voyage. Des plats aux saveurs exotiques pour \u00e9veiller vos papilles. Bonne d\u00e9gustation!<\/p>\n<p>&nbsp;<\/p>\n<p>Jean-Claude &#8211; Coufouleux,<br \/>\nInformation, actualit\u00e9<br \/>\nAnimation de Printemps \u00e0 Couffouleux<\/p>\n<p><em>Information communiqu\u00e9e par \u00ab\u00a0Les amis de l&rsquo;\u00e9glise de Saint Victor\u00a0\u00bb<\/em><\/p>\n<p><a href=\"http:\/\/www.o-p-i.fr\/parlonsen\/agenda\/\">Retrouvez tous les \u00e9v\u00e9nements dans l&rsquo;agenda !<\/a><\/p>\n","protected":false},"excerpt":{"rendered":"<div class=\"mh-excerpt\">Samedi 8 juin 2024, \u00e0 19h. sur le parvis de l&rsquo;\u00e9glise de Saint Victor.<\/div>\n","protected":false},"author":4,"featured_media":58187,"comment_status":"open","ping_status":"open","sticky":false,"template":"","format":"standard","meta":{"om_disable_all_campaigns":false,"advanced_seo_description":"","jetpack_seo_html_title":"","jetpack_seo_noindex":false,"_jetpack_memberships_contains_paid_content":false,"footnotes":"","_links_to":"","_links_to_target":""},"categories":[52,42,54,5950],"tags":[43,148,6127],"class_list":{"0":"post-59978","1":"post","2":"type-post","3":"status-publish","4":"format-standard","5":"has-post-thumbnail","7":"category-parlons-en","8":"category-a-cote-de-chez-nous","9":"category-loisirs","10":"category-n-219-juin-2024","11":"tag-concert","12":"tag-couffouleux","13":"tag-s2024"},"jetpack_featured_media_url":"https:\/\/i0.wp.com\/www.o-p-i.fr\/parlonsen\/wp-content\/uploads\/Couffouleux-logo.jpg?fit=316%2C92&ssl=1","views":{"total":0,"cached_at":"","cached_date":1738178180},"jetpack_likes_enabled":true,"jetpack_sharing_enabled":true,"jetpack_shortlink":"https:\/\/wp.me\/pg7Wxj-fBo","jetpack-related-posts":[],"_links":{"self":[{"href":"https:\/\/www.o-p-i.fr\/parlonsen\/wp-json\/wp\/v2\/posts\/59978","targetHints":{"allow":["GET"]}}],"collection":[{"href":"https:\/\/www.o-p-i.fr\/parlonsen\/wp-json\/wp\/v2\/posts"}],"about":[{"href":"https:\/\/www.o-p-i.fr\/parlonsen\/wp-json\/wp\/v2\/types\/post"}],"author":[{"embeddable":true,"href":"https:\/\/www.o-p-i.fr\/parlonsen\/wp-json\/wp\/v2\/users\/4"}],"replies":[{"embeddable":true,"href":"https:\/\/www.o-p-i.fr\/parlonsen\/wp-json\/wp\/v2\/comments?post=59978"}],"version-history":[{"count":0,"href":"https:\/\/www.o-p-i.fr\/parlonsen\/wp-json\/wp\/v2\/posts\/59978\/revisions"}],"wp:featuredmedia":[{"embeddable":true,"href":"https:\/\/www.o-p-i.fr\/parlonsen\/wp-json\/wp\/v2\/media\/58187"}],"wp:attachment":[{"href":"https:\/\/www.o-p-i.fr\/parlonsen\/wp-json\/wp\/v2\/media?parent=59978"}],"wp:term":[{"taxonomy":"category","embeddable":true,"href":"https:\/\/www.o-p-i.fr\/parlonsen\/wp-json\/wp\/v2\/categories?post=59978"},{"taxonomy":"post_tag","embeddable":true,"href":"https:\/\/www.o-p-i.fr\/parlonsen\/wp-json\/wp\/v2\/tags?post=59978"}],"curies":[{"name":"wp","href":"https:\/\/api.w.org\/{rel}","templated":true}]}}